{"id":504324,"date":"2022-08-10T15:52:44","date_gmt":"2022-08-10T12:52:44","guid":{"rendered":"https:\/\/arantv.az\/?p=504324"},"modified":"2022-08-10T15:52:44","modified_gmt":"2022-08-10T12:52:44","slug":"tehran-moskva-baki-simal-c%c9%99nub-d%c9%99hlizi-ucun-bir-araya-g%c9%99l%c9%99c%c9%99k","status":"publish","type":"post","link":"https:\/\/arantv.az\/?p=504324","title":{"rendered":"Tehran-Moskva-Bak\u0131 \u015eimal-C\u0259nub D\u0259hlizi \u00fc\u00e7\u00fcn bir araya g\u0259l\u0259c\u0259k"},"content":{"rendered":"<p>\u0130ran\u0131n Az\u0259rbaycandak\u0131 s\u0259firi Seyid Abbas Mus\u0259vi \u0130ran, Rusiya v\u0259 Az\u0259rbaycan n\u00fcmay\u0259nd\u0259l\u0259rinin yax\u0131n vaxtlarda tranzit v\u0259 g\u00f6mr\u00fck m\u0259s\u0259l\u0259l\u0259ri, x\u00fcsusil\u0259 \u015eimal-C\u0259nub D\u0259hlizinin m\u00fczakir\u0259si \u00fc\u00e7\u00fcn g\u00f6r\u00fc\u015f\u0259c\u0259kl\u0259rini b\u0259yan edib.<\/p>\n<p>S\u0259fir\u00a0m\u00fcvafiq fikri \u0130ran v\u0259 Az\u0259rbaycan aras\u0131nda yeni k\u00f6rp\u00fc v\u0259 d\u0259mir yolu anbarlar\u0131n\u0131n yerl\u0259\u015fdiyi \u0130ran\u0131n \u015fimal s\u0259rh\u0259d limanlar\u0131ndan biri olan Astara \u015f\u0259h\u0259rin\u0259 s\u0259f\u0259ri zaman\u0131 s\u0259sl\u0259ndirib.<\/p>\n<div class=\"AdviadNativeVideo\"><\/div>\n<p>O, bu layih\u0259l\u0259rin \u0259h\u0259miyy\u0259tini vur\u011fulay\u0131b:<\/p>\n<p>\u201cAstara liman\u0131 \u015eimal-C\u0259nub D\u0259hlizinin m\u00fch\u00fcm \u0259sas n\u00f6qt\u0259l\u0259rind\u0259n biridir. Bu layih\u0259l\u0259rin ba\u015fa \u00e7atmas\u0131 il\u0259 onun regional v\u0259 qlobal \u0259h\u0259miyy\u0259ti daha da \u00f6z\u00fcn\u00fc b\u00fcruz\u0259 ver\u0259c\u0259k\u201d.<\/p>\n<p>\u201cTezlikl\u0259 iki \u00f6lk\u0259nin m\u00fcvafiq qurum r\u0259hb\u0259rl\u0259ri bu layih\u0259l\u0259rin son v\u0259ziyy\u0259tini n\u0259z\u0259rd\u0259n ke\u00e7irm\u0259k v\u0259 dig\u0259r m\u0259s\u0259l\u0259l\u0259ri m\u00fczakir\u0259 etm\u0259k \u00fc\u00e7\u00fcn g\u00f6r\u00fc\u015f\u0259c\u0259kl\u0259r\u201d, &#8211; dey\u0259 \u0130ran r\u0259smisi bildirib.<\/p>\n<p>M\u0259nb\u0259: Tasnim<\/p>\n","protected":false},"excerpt":{"rendered":"<p>\u0130ran\u0131n Az\u0259rbaycandak\u0131 s\u0259firi Seyid Abbas Mus\u0259vi \u0130ran, Rusiya v\u0259 Az\u0259rbaycan n\u00fcmay\u0259nd\u0259l\u0259rinin yax\u0131n vaxtlarda tranzit v\u0259 g\u00f6mr\u00fck m\u0259s\u0259l\u0259l\u0259ri, x\u00fcsusil\u0259 \u015eimal-C\u0259nub D\u0259hlizinin m\u00fczakir\u0259si \u00fc\u00e7\u00fcn g\u00f6r\u00fc\u015f\u0259c\u0259kl\u0259rini b\u0259yan edib. S\u0259fir\u00a0m\u00fcvafiq fikri \u0130ran v\u0259 Az\u0259rbaycan aras\u0131nda yeni k\u00f6rp\u00fc v\u0259 d\u0259mir yolu anbarlar\u0131n\u0131n yerl\u0259\u015fdiyi \u0130ran\u0131n \u015fimal s\u0259rh\u0259d limanlar\u0131ndan biri olan Astara \u015f\u0259h\u0259rin\u0259 s\u0259f\u0259ri zaman\u0131 s\u0259sl\u0259ndirib. O, bu layih\u0259l\u0259rin \u0259h\u0259miyy\u0259tini vur\u011fulay\u0131b: \u201cAstara liman\u0131 \u015eimal-C\u0259nub D\u0259hlizinin m\u00fch\u00fcm \u0259sas n\u00f6qt\u0259l\u0259rind\u0259n biridir. Bu layih\u0259l\u0259rin ba\u015fa \u00e7atmas\u0131 il\u0259 onun regional v\u0259 qlobal \u0259h\u0259miyy\u0259ti daha da \u00f6z\u00fcn\u00fc b\u00fcruz\u0259 ver\u0259c\u0259k\u201d. \u201cTezlikl\u0259 iki \u00f6lk\u0259nin m\u00fcvafiq qurum r\u0259hb\u0259rl\u0259ri bu layih\u0259l\u0259rin son v\u0259ziyy\u0259tini n\u0259z\u0259rd\u0259n ke\u00e7irm\u0259k v\u0259&hellip;<\/p>\n","protected":false},"author":2,"featured_media":504325,"comment_status":"closed","ping_status":"closed","sticky":false,"template":"","format":"standard","meta":{"om_disable_all_campaigns":false,"_monsterinsights_skip_tracking":false,"_monsterinsights_sitenote_active":false,"_monsterinsights_sitenote_note":"","_monsterinsights_sitenote_category":0},"categories":[4],"tags":[],"aioseo_notices":[],"gutentor_comment":0,"rttpg_featured_image_url":{"full":["https:\/\/arantv.az\/wp-content\/uploads\/2022\/08\/FotoJet-2022-08-10T160415.266.jpg",620,413,false],"landscape":["https:\/\/arantv.az\/wp-content\/uploads\/2022\/08\/FotoJet-2022-08-10T160415.266.jpg",620,413,false],"portraits":["https:\/\/arantv.az\/wp-content\/uploads\/2022\/08\/FotoJet-2022-08-10T160415.266.jpg",620,413,false],"thumbnail":["https:\/\/arantv.az\/wp-content\/uploads\/2022\/08\/FotoJet-2022-08-10T160415.266-500x280.jpg",500,280,true],"medium":["https:\/\/arantv.az\/wp-content\/uploads\/2022\/08\/FotoJet-2022-08-10T160415.266-548x365.jpg",548,365,true],"large":["https:\/\/arantv.az\/wp-content\/uploads\/2022\/08\/FotoJet-2022-08-10T160415.266.jpg",620,413,false],"1536x1536":["https:\/\/arantv.az\/wp-content\/uploads\/2022\/08\/FotoJet-2022-08-10T160415.266.jpg",620,413,false],"2048x2048":["https:\/\/arantv.az\/wp-content\/uploads\/2022\/08\/FotoJet-2022-08-10T160415.266.jpg",620,413,false],"post-thumbnail":["https:\/\/arantv.az\/wp-content\/uploads\/2022\/08\/FotoJet-2022-08-10T160415.266-240x172.jpg",240,172,true],"advps-thumb-one":["https:\/\/arantv.az\/wp-content\/uploads\/2022\/08\/FotoJet-2022-08-10T160415.266.jpg",620,413,false]},"rttpg_author":{"display_name":"V\u00fcsal Rafiqo\u011flu","author_link":"https:\/\/arantv.az\/?author=2"},"rttpg_comment":0,"rttpg_category":"<a href=\"https:\/\/arantv.az\/?cat=4\" rel=\"category\">Siyas\u0259t<\/a>","rttpg_excerpt":"\u0130ran\u0131n Az\u0259rbaycandak\u0131 s\u0259firi Seyid Abbas Mus\u0259vi \u0130ran, Rusiya v\u0259 Az\u0259rbaycan n\u00fcmay\u0259nd\u0259l\u0259rinin yax\u0131n vaxtlarda tranzit v\u0259 g\u00f6mr\u00fck m\u0259s\u0259l\u0259l\u0259ri, x\u00fcsusil\u0259 \u015eimal-C\u0259nub D\u0259hlizinin m\u00fczakir\u0259si \u00fc\u00e7\u00fcn g\u00f6r\u00fc\u015f\u0259c\u0259kl\u0259rini b\u0259yan edib. S\u0259fir\u00a0m\u00fcvafiq fikri \u0130ran v\u0259 Az\u0259rbaycan aras\u0131nda yeni k\u00f6rp\u00fc v\u0259 d\u0259mir yolu anbarlar\u0131n\u0131n yerl\u0259\u015fdiyi \u0130ran\u0131n \u015fimal s\u0259rh\u0259d limanlar\u0131ndan biri olan Astara \u015f\u0259h\u0259rin\u0259 s\u0259f\u0259ri zaman\u0131 s\u0259sl\u0259ndirib. O, bu layih\u0259l\u0259rin \u0259h\u0259miyy\u0259tini vur\u011fulay\u0131b: \u201cAstara&hellip;","_links":{"self":[{"href":"https:\/\/arantv.az\/index.php?rest_route=\/wp\/v2\/posts\/504324"}],"collection":[{"href":"https:\/\/arantv.az\/index.php?rest_route=\/wp\/v2\/posts"}],"about":[{"href":"https:\/\/arantv.az\/index.php?rest_route=\/wp\/v2\/types\/post"}],"author":[{"embeddable":true,"href":"https:\/\/arantv.az\/index.php?rest_route=\/wp\/v2\/users\/2"}],"replies":[{"embeddable":true,"href":"https:\/\/arantv.az\/index.php?rest_route=%2Fwp%2Fv2%2Fcomments&post=504324"}],"version-history":[{"count":0,"href":"https:\/\/arantv.az\/index.php?rest_route=\/wp\/v2\/posts\/504324\/revisions"}],"wp:featuredmedia":[{"embeddable":true,"href":"https:\/\/arantv.az\/index.php?rest_route=\/wp\/v2\/media\/504325"}],"wp:attachment":[{"href":"https:\/\/arantv.az\/index.php?rest_route=%2Fwp%2Fv2%2Fmedia&parent=504324"}],"wp:term":[{"taxonomy":"category","embeddable":true,"href":"https:\/\/arantv.az\/index.php?rest_route=%2Fwp%2Fv2%2Fcategories&post=504324"},{"taxonomy":"post_tag","embeddable":true,"href":"https:\/\/arantv.az\/index.php?rest_route=%2Fwp%2Fv2%2Ftags&post=504324"}],"curies":[{"name":"wp","href":"https:\/\/api.w.org\/{rel}","templated":true}]}}