{"id":504334,"date":"2022-08-10T16:15:05","date_gmt":"2022-08-10T13:15:05","guid":{"rendered":"https:\/\/arantv.az\/?p=504334"},"modified":"2022-08-10T16:15:05","modified_gmt":"2022-08-10T13:15:05","slug":"bas-prokuror-britaniya-s%c9%99firi-il%c9%99-az%c9%99rbaycanin-londondaki-s%c9%99firliyin%c9%99-hucumu-muzakir%c9%99-edib-foto","status":"publish","type":"post","link":"https:\/\/arantv.az\/?p=504334","title":{"rendered":"Ba\u015f prokuror Britaniya s\u0259firi il\u0259 Az\u0259rbaycan\u0131n Londondak\u0131 s\u0259firliyin\u0259 h\u00fccumu m\u00fczakir\u0259 edib &#8211; FOTO"},"content":{"rendered":"<p>Avqustun 10-da Ba\u015f prokuror Kamran \u018fliyev B\u00f6y\u00fck Britaniyan\u0131n \u00f6lk\u0259mizd\u0259ki f\u00f6vq\u0259lad\u0259 v\u0259 s\u0259lahiyy\u0259tli s\u0259firi Ceyms \u015earp il\u0259 g\u00f6r\u00fc\u015f\u00fcb.<\/p>\n<p>Bu bar\u0259d\u0259\u00a0Ba\u015f Prokurorlu\u011fun M\u0259tbuat Xidm\u0259ti\u00a0m\u0259lumat yay\u0131b.<\/p>\n<div class=\"AdviadNativeVideo\"><\/div>\n<p>Bildirilib ki, qona\u011f\u0131 salamlayan Ba\u015f prokuror \u00f6lk\u0259l\u0259rimiz aras\u0131nda \u0259n\u0259n\u0259vi dostluq v\u0259 t\u0259r\u0259fda\u015fl\u0131q \u0259laq\u0259l\u0259rin\u0259, b\u00fct\u00fcn sah\u0259l\u0259rd\u0259 i\u015fg\u00fczar m\u00fcnasib\u0259tl\u0259rin m\u00f6vcudlu\u011funa toxunaraq, \u0259m\u0259kda\u015fl\u0131\u011f\u0131n u\u011furla inki\u015faf etdiyini qeyd edib.<\/p>\n<p>Kamran \u018fliyev \u00f6lk\u0259mizd\u0259 diplomatik missiyas\u0131n\u0131 ba\u015fa vuran s\u0259fir Ceyms \u015earpa s\u0259m\u0259r\u0259li f\u0259aliyy\u0259tin\u0259, \u00f6lk\u0259 Prezidenti, M\u00fcz\u0259ff\u0259r Ali Ba\u015f Komandan\u00a0<strong>\u0130lham \u018fliyev<\/strong>in r\u0259hb\u0259rliyi il\u0259 44 g\u00fcnl\u00fck V\u0259t\u0259n m\u00fcharib\u0259si d\u00f6vr\u00fcnd\u0259 Ba\u015f Prokurorluq t\u0259r\u0259find\u0259n t\u0259\u015fkil edilmi\u015f m\u0259tbuat konfranslar\u0131 v\u0259 brifinql\u0259rd\u0259 i\u015ftirak etdiyin\u0259 v\u0259 \u00f6lk\u0259l\u0259rimizin h\u00fcquq m\u00fchafiz\u0259 orqanlar\u0131 aras\u0131nda konstruktiv \u0259m\u0259kda\u015fl\u0131q \u0259laq\u0259l\u0259rinin qurulmas\u0131nda s\u0259yl\u0259rin\u0259 g\u00f6r\u0259 t\u0259\u015f\u0259kk\u00fcr\u00fcn\u00fc bildirib.<\/p>\n<p>S\u0259mimi q\u0259bula g\u00f6r\u0259 minn\u0259tdarl\u0131\u011f\u0131n\u0131 bildir\u0259n s\u0259fir ikit\u0259r\u0259fli m\u00fcnasib\u0259tl\u0259r\u0259 toxunaraq Birl\u0259\u015fmi\u015f Krall\u0131\u011f\u0131n Az\u0259rbaycanla \u0259laq\u0259l\u0259r\u0259 b\u00f6y\u00fck \u00f6n\u0259m verdiyini v\u0259 m\u00fcnasib\u0259tl\u0259rin y\u00fcks\u0259k s\u0259viyy\u0259d\u0259 v\u0259 m\u00fcv\u0259ff\u0259qiyy\u0259tl\u0259 inki\u015faf etdiyini qeyd edib. S\u0259fir prokurorluq orqanlar\u0131nda apar\u0131lan k\u00f6kl\u00fc islahatlar\u0131 insan haqlar\u0131n\u0131n qorunmas\u0131 v\u0259 qanunun aliliyinin t\u0259min olunmas\u0131 prizmas\u0131ndan y\u00fcks\u0259k qiym\u0259tl\u0259ndirib.<\/p>\n<p>Daha sonra avqustun 4-d\u0259 Az\u0259rbaycan\u0131n Londondak\u0131 s\u0259firliyinin inzibati binas\u0131na radikal dini qrupla\u015fma t\u0259r\u0259find\u0259n h\u00fccum edilm\u0259si fakt\u0131 \u0259traf\u0131nda fikir m\u00fcbadil\u0259si apar\u0131l\u0131b. Az\u0259rbaycan Ba\u015f prokuroru t\u0259r\u0259find\u0259n ba\u015flanan cinay\u0259t i\u015finin istintaq\u0131n\u0131n Birl\u0259\u015fmi\u015f Krall\u0131\u011f\u0131n aidiyy\u0259ti orqanlar\u0131 il\u0259 birg\u0259 \u0259m\u0259kda\u015fl\u0131q \u00e7\u0259r\u00e7iv\u0259sind\u0259 apar\u0131lmas\u0131n\u0131n vacibliyi qeyd olunub.<\/p>\n<p>G\u00f6r\u00fc\u015fd\u0259 t\u0259r\u0259fl\u0259ri maraqland\u0131ran bir s\u0131ra dig\u0259r m\u0259s\u0259l\u0259l\u0259r m\u00fczakir\u0259 olunub.<\/p>\n<p>&nbsp;<\/p>\n<div class=\"gallery\">\n<div class=\"gallery-i\"><img src=\"https:\/\/cdn.oxu.az\/uploads\/W1siZiIsIjIwMjIvMDgvMTAvMTYvNDgvMTcvYjc3ZGFiMzMtMjNiNy00ODM5LTk0ZTktMmEzMjk5YmUzNzk5L1doYXRzQXBwIEltYWdlIDIwMjItMDgtMTAgYXQgMTYuNDEuNTggKDEpLmpwZWciXSxbInAiLCJlbmNvZGUiLCJqcGciLCItcXVhbGl0eSA4MCJdLFsicCIsInRodW1iIiwiNTkweDU5MFx1MDAzZSJdXQ?sha=dc3bae05741e60f4\" alt=\"\" \/><\/div>\n<\/div>\n","protected":false},"excerpt":{"rendered":"<p>Avqustun 10-da Ba\u015f prokuror Kamran \u018fliyev B\u00f6y\u00fck Britaniyan\u0131n \u00f6lk\u0259mizd\u0259ki f\u00f6vq\u0259lad\u0259 v\u0259 s\u0259lahiyy\u0259tli s\u0259firi Ceyms \u015earp il\u0259 g\u00f6r\u00fc\u015f\u00fcb. Bu bar\u0259d\u0259\u00a0Ba\u015f Prokurorlu\u011fun M\u0259tbuat Xidm\u0259ti\u00a0m\u0259lumat yay\u0131b. Bildirilib ki, qona\u011f\u0131 salamlayan Ba\u015f prokuror \u00f6lk\u0259l\u0259rimiz aras\u0131nda \u0259n\u0259n\u0259vi dostluq v\u0259 t\u0259r\u0259fda\u015fl\u0131q \u0259laq\u0259l\u0259rin\u0259, b\u00fct\u00fcn sah\u0259l\u0259rd\u0259 i\u015fg\u00fczar m\u00fcnasib\u0259tl\u0259rin m\u00f6vcudlu\u011funa toxunaraq, \u0259m\u0259kda\u015fl\u0131\u011f\u0131n u\u011furla inki\u015faf etdiyini qeyd edib. Kamran \u018fliyev \u00f6lk\u0259mizd\u0259 diplomatik missiyas\u0131n\u0131 ba\u015fa vuran s\u0259fir Ceyms \u015earpa s\u0259m\u0259r\u0259li f\u0259aliyy\u0259tin\u0259, \u00f6lk\u0259 Prezidenti, M\u00fcz\u0259ff\u0259r Ali Ba\u015f Komandan\u00a0\u0130lham \u018fliyevin r\u0259hb\u0259rliyi il\u0259 44 g\u00fcnl\u00fck V\u0259t\u0259n m\u00fcharib\u0259si d\u00f6vr\u00fcnd\u0259 Ba\u015f Prokurorluq t\u0259r\u0259find\u0259n t\u0259\u015fkil edilmi\u015f m\u0259tbuat konfranslar\u0131 v\u0259 brifinql\u0259rd\u0259 i\u015ftirak etdiyin\u0259 v\u0259 \u00f6lk\u0259l\u0259rimizin h\u00fcquq m\u00fchafiz\u0259 orqanlar\u0131&hellip;<\/p>\n","protected":false},"author":2,"featured_media":504335,"comment_status":"closed","ping_status":"closed","sticky":false,"template":"","format":"standard","meta":{"om_disable_all_campaigns":false,"_monsterinsights_skip_tracking":false,"_monsterinsights_sitenote_active":false,"_monsterinsights_sitenote_note":"","_monsterinsights_sitenote_category":0},"categories":[4],"tags":[],"aioseo_notices":[],"gutentor_comment":0,"rttpg_featured_image_url":{"full":["https:\/\/arantv.az\/wp-content\/uploads\/2022\/08\/WhatsApp-Image-2022-08-10-at-16.41.58.jpg",620,413,false],"landscape":["https:\/\/arantv.az\/wp-content\/uploads\/2022\/08\/WhatsApp-Image-2022-08-10-at-16.41.58.jpg",620,413,false],"portraits":["https:\/\/arantv.az\/wp-content\/uploads\/2022\/08\/WhatsApp-Image-2022-08-10-at-16.41.58.jpg",620,413,false],"thumbnail":["https:\/\/arantv.az\/wp-content\/uploads\/2022\/08\/WhatsApp-Image-2022-08-10-at-16.41.58-500x280.jpg",500,280,true],"medium":["https:\/\/arantv.az\/wp-content\/uploads\/2022\/08\/WhatsApp-Image-2022-08-10-at-16.41.58-548x365.jpg",548,365,true],"large":["https:\/\/arantv.az\/wp-content\/uploads\/2022\/08\/WhatsApp-Image-2022-08-10-at-16.41.58.jpg",620,413,false],"1536x1536":["https:\/\/arantv.az\/wp-content\/uploads\/2022\/08\/WhatsApp-Image-2022-08-10-at-16.41.58.jpg",620,413,false],"2048x2048":["https:\/\/arantv.az\/wp-content\/uploads\/2022\/08\/WhatsApp-Image-2022-08-10-at-16.41.58.jpg",620,413,false],"post-thumbnail":["https:\/\/arantv.az\/wp-content\/uploads\/2022\/08\/WhatsApp-Image-2022-08-10-at-16.41.58-240x172.jpg",240,172,true],"advps-thumb-one":["https:\/\/arantv.az\/wp-content\/uploads\/2022\/08\/WhatsApp-Image-2022-08-10-at-16.41.58.jpg",620,413,false]},"rttpg_author":{"display_name":"V\u00fcsal Rafiqo\u011flu","author_link":"https:\/\/arantv.az\/?author=2"},"rttpg_comment":0,"rttpg_category":"<a href=\"https:\/\/arantv.az\/?cat=4\" rel=\"category\">Siyas\u0259t<\/a>","rttpg_excerpt":"Avqustun 10-da Ba\u015f prokuror Kamran \u018fliyev B\u00f6y\u00fck Britaniyan\u0131n \u00f6lk\u0259mizd\u0259ki f\u00f6vq\u0259lad\u0259 v\u0259 s\u0259lahiyy\u0259tli s\u0259firi Ceyms \u015earp il\u0259 g\u00f6r\u00fc\u015f\u00fcb. Bu bar\u0259d\u0259\u00a0Ba\u015f Prokurorlu\u011fun M\u0259tbuat Xidm\u0259ti\u00a0m\u0259lumat yay\u0131b. Bildirilib ki, qona\u011f\u0131 salamlayan Ba\u015f prokuror \u00f6lk\u0259l\u0259rimiz aras\u0131nda \u0259n\u0259n\u0259vi dostluq v\u0259 t\u0259r\u0259fda\u015fl\u0131q \u0259laq\u0259l\u0259rin\u0259, b\u00fct\u00fcn sah\u0259l\u0259rd\u0259 i\u015fg\u00fczar m\u00fcnasib\u0259tl\u0259rin m\u00f6vcudlu\u011funa toxunaraq, \u0259m\u0259kda\u015fl\u0131\u011f\u0131n u\u011furla inki\u015faf etdiyini qeyd edib. Kamran \u018fliyev \u00f6lk\u0259mizd\u0259 diplomatik missiyas\u0131n\u0131 ba\u015fa vuran&hellip;","_links":{"self":[{"href":"https:\/\/arantv.az\/index.php?rest_route=\/wp\/v2\/posts\/504334"}],"collection":[{"href":"https:\/\/arantv.az\/index.php?rest_route=\/wp\/v2\/posts"}],"about":[{"href":"https:\/\/arantv.az\/index.php?rest_route=\/wp\/v2\/types\/post"}],"author":[{"embeddable":true,"href":"https:\/\/arantv.az\/index.php?rest_route=\/wp\/v2\/users\/2"}],"replies":[{"embeddable":true,"href":"https:\/\/arantv.az\/index.php?rest_route=%2Fwp%2Fv2%2Fcomments&post=504334"}],"version-history":[{"count":0,"href":"https:\/\/arantv.az\/index.php?rest_route=\/wp\/v2\/posts\/504334\/revisions"}],"wp:featuredmedia":[{"embeddable":true,"href":"https:\/\/arantv.az\/index.php?rest_route=\/wp\/v2\/media\/504335"}],"wp:attachment":[{"href":"https:\/\/arantv.az\/index.php?rest_route=%2Fwp%2Fv2%2Fmedia&parent=504334"}],"wp:term":[{"taxonomy":"category","embeddable":true,"href":"https:\/\/arantv.az\/index.php?rest_route=%2Fwp%2Fv2%2Fcategories&post=504334"},{"taxonomy":"post_tag","embeddable":true,"href":"https:\/\/arantv.az\/index.php?rest_route=%2Fwp%2Fv2%2Ftags&post=504334"}],"curies":[{"name":"wp","href":"https:\/\/api.w.org\/{rel}","templated":true}]}}