{"id":50434,"date":"2019-04-12T14:14:11","date_gmt":"2019-04-12T11:14:11","guid":{"rendered":"http:\/\/arantv.az\/?p=50434"},"modified":"2019-04-12T14:14:11","modified_gmt":"2019-04-12T11:14:11","slug":"nazir-muavini-az%c9%99rbaycan-boyuk-britaniyanin-qafqaz-v%c9%99-x%c9%99z%c9%99r-regionunda-etibarli-t%c9%99r%c9%99fdasidir","status":"publish","type":"post","link":"https:\/\/arantv.az\/?p=50434","title":{"rendered":"Nazir m\u00fcavini: &#8220;Az\u0259rbaycan B\u00f6y\u00fck Britaniyan\u0131n Qafqaz v\u0259 X\u0259z\u0259r regionunda etibarl\u0131 t\u0259r\u0259fda\u015f\u0131d\u0131r&#8221;"},"content":{"rendered":"<blockquote><p><em><strong>Az\u0259rbaycan B\u00f6y\u00fck Britaniyan\u0131n Qafqaz v\u0259 X\u0259z\u0259r regionunda etibarl\u0131 t\u0259r\u0259fda\u015f\u0131d\u0131r.<\/strong><\/em><\/p><\/blockquote>\n<p><strong>ARANTV.AZ<\/strong>\u00a0<span style=\"color: #000000;\">\u00a0<\/span><a href=\"https:\/\/az.trend.az\/\" target=\"_blank\" rel=\"noopener\"><span style=\"color: #000000;\">Trend<\/span><\/a>-\u0259 istinad\u0259n x\u0259b\u0259r verir ki, bunu Az\u0259rbaycan xarici i\u015fl\u0259r nazirinin m\u00fcavini Ramiz H\u0259s\u0259nov &#8220;Az\u0259rbaycan v\u0259 B\u00f6y\u00fck Britaniya \u0259m\u0259kda\u015fl\u0131\u011f\u0131n\u0131n 100 illiyi&#8221; kitab\u0131n\u0131n t\u0259qdimat m\u0259rasimind\u0259 \u00e7\u0131x\u0131\u015f\u0131 zaman\u0131 deyib.<\/p>\n<p>R.H\u0259s\u0259nov bildirib ki, bu kitab Az\u0259rbaycan-B\u00f6y\u00fck Britaniya \u0259laq\u0259l\u0259rini, bu \u0259laq\u0259l\u0259ri \u015f\u0259rtl\u0259ndir\u0259n amill\u0259ri \u00f6yr\u0259nm\u0259k \u00fc\u00e7\u00fcn bir p\u0259nc\u0259r\u0259dir.<\/p>\n<p>Nazir m\u00fcavini qeyd edib ki, \u00fcmummilli lider Heyd\u0259r \u018fliyev hakimiyy\u0259t\u0259 qay\u0131td\u0131qdan sonra B\u00f6y\u00fck Britaniya il\u0259 \u0259laq\u0259l\u0259r geni\u015fl\u0259nm\u0259kd\u0259 davam edir: &#8220;Bu g\u00fcn siyasi bax\u0131mdan Az\u0259rbaycan B\u00f6y\u00fck Britaniyan\u0131n Qafqaz v\u0259 X\u0259z\u0259r regionunda etibarl\u0131 t\u0259r\u0259fda\u015f\u0131d\u0131r. Az\u0259rbaycan v\u0259 B\u00f6y\u00fck Britaniya h\u0259m ikit\u0259r\u0259fli \u015f\u0259kild\u0259, h\u0259m d\u0259 beyn\u0259lxalq t\u0259\u015fkilatlar \u00e7\u0259r\u00e7iv\u0259sind\u0259 beyn\u0259lxalq t\u0259hl\u00fck\u0259sizliyin qorunmas\u0131na m\u00fch\u00fcm t\u00f6hf\u0259 verir&#8221;.<\/p>\n<p>O vur\u011fulay\u0131b ki, enerji sektoru iki \u00f6lk\u0259 aras\u0131nda apar\u0131c\u0131 \u0259m\u0259kda\u015fl\u0131q sah\u0259si hesab olunur: &#8220;Buna baxmayaraq \u0259laq\u0259l\u0259rimiz diversifikasiya prosesind\u0259dir. Az\u0259rbaycanda 500-\u0259 yax\u0131n B\u00f6y\u00fck Britaniya s\u0259rmay\u0259li \u015firk\u0259t var v\u0259 onlar\u0131n aras\u0131nda qeyri-neft sektorunda f\u0259aliyy\u0259t g\u00f6st\u0259r\u0259n \u015firk\u0259tl\u0259rin say\u0131 \u00e7oxluq t\u0259\u015fkil edir&#8221;.<\/p>\n<p>R.H\u0259s\u0259nov \u0259lav\u0259 edib ki, h\u0259r il y\u00fczl\u0259rl\u0259 az\u0259rbaycanl\u0131 t\u0259l\u0259b\u0259 B\u00f6y\u00fck Britaniya universitetl\u0259rind\u0259 t\u0259hsil alma\u011fa gedir: &#8220;M\u0259d\u0259ni sah\u0259d\u0259 d\u0259 m\u00fch\u00fcm \u0259m\u0259kda\u015fl\u0131q m\u00f6vcuddur v\u0259 bu istiqam\u0259td\u0259 h\u0259r iki \u00f6lk\u0259d\u0259 m\u00fcnt\u0259z\u0259m t\u0259dbirl\u0259r ke\u00e7irilir. Bir s\u00f6zl\u0259, bu kitab B\u00f6y\u00fck Britaniya c\u0259miyy\u0259tinin Az\u0259rbaycan\u0131 daha yax\u0131ndan tan\u0131mas\u0131na b\u00f6y\u00fck t\u00f6hf\u0259 ver\u0259c\u0259k&#8221;.<\/p>\n","protected":false},"excerpt":{"rendered":"<p>Az\u0259rbaycan B\u00f6y\u00fck Britaniyan\u0131n Qafqaz v\u0259 X\u0259z\u0259r regionunda etibarl\u0131 t\u0259r\u0259fda\u015f\u0131d\u0131r. ARANTV.AZ\u00a0\u00a0Trend-\u0259 istinad\u0259n x\u0259b\u0259r verir ki, bunu Az\u0259rbaycan xarici i\u015fl\u0259r nazirinin m\u00fcavini Ramiz H\u0259s\u0259nov &#8220;Az\u0259rbaycan v\u0259 B\u00f6y\u00fck Britaniya \u0259m\u0259kda\u015fl\u0131\u011f\u0131n\u0131n 100 illiyi&#8221; kitab\u0131n\u0131n t\u0259qdimat m\u0259rasimind\u0259 \u00e7\u0131x\u0131\u015f\u0131 zaman\u0131 deyib. R.H\u0259s\u0259nov bildirib ki, bu kitab Az\u0259rbaycan-B\u00f6y\u00fck Britaniya \u0259laq\u0259l\u0259rini, bu \u0259laq\u0259l\u0259ri \u015f\u0259rtl\u0259ndir\u0259n amill\u0259ri \u00f6yr\u0259nm\u0259k \u00fc\u00e7\u00fcn bir p\u0259nc\u0259r\u0259dir. Nazir m\u00fcavini qeyd edib ki, \u00fcmummilli lider Heyd\u0259r \u018fliyev hakimiyy\u0259t\u0259 qay\u0131td\u0131qdan sonra B\u00f6y\u00fck Britaniya il\u0259 \u0259laq\u0259l\u0259r geni\u015fl\u0259nm\u0259kd\u0259 davam edir: &#8220;Bu g\u00fcn siyasi bax\u0131mdan Az\u0259rbaycan B\u00f6y\u00fck Britaniyan\u0131n Qafqaz v\u0259 X\u0259z\u0259r regionunda etibarl\u0131 t\u0259r\u0259fda\u015f\u0131d\u0131r. Az\u0259rbaycan v\u0259 B\u00f6y\u00fck Britaniya h\u0259m ikit\u0259r\u0259fli \u015f\u0259kild\u0259,&hellip;<\/p>\n","protected":false},"author":2,"featured_media":50436,"comment_status":"closed","ping_status":"closed","sticky":false,"template":"","format":"standard","meta":{"om_disable_all_campaigns":false,"_monsterinsights_skip_tracking":false,"_monsterinsights_sitenote_active":false,"_monsterinsights_sitenote_note":"","_monsterinsights_sitenote_category":0},"categories":[4],"tags":[],"aioseo_notices":[],"gutentor_comment":0,"rttpg_featured_image_url":{"full":["https:\/\/arantv.az\/wp-content\/uploads\/2019\/04\/746403.jpg",800,600,false],"landscape":["https:\/\/arantv.az\/wp-content\/uploads\/2019\/04\/746403.jpg",800,600,false],"portraits":["https:\/\/arantv.az\/wp-content\/uploads\/2019\/04\/746403.jpg",800,600,false],"thumbnail":["https:\/\/arantv.az\/wp-content\/uploads\/2019\/04\/746403-150x150.jpg",150,150,true],"medium":["https:\/\/arantv.az\/wp-content\/uploads\/2019\/04\/746403-300x225.jpg",300,225,true],"large":["https:\/\/arantv.az\/wp-content\/uploads\/2019\/04\/746403.jpg",640,480,false],"1536x1536":["https:\/\/arantv.az\/wp-content\/uploads\/2019\/04\/746403.jpg",800,600,false],"2048x2048":["https:\/\/arantv.az\/wp-content\/uploads\/2019\/04\/746403.jpg",800,600,false],"post-thumbnail":["https:\/\/arantv.az\/wp-content\/uploads\/2019\/04\/746403-240x172.jpg",240,172,true],"advps-thumb-one":["https:\/\/arantv.az\/wp-content\/uploads\/2019\/04\/746403.jpg",800,600,false]},"rttpg_author":{"display_name":"V\u00fcsal Rafiqo\u011flu","author_link":"https:\/\/arantv.az\/?author=2"},"rttpg_comment":0,"rttpg_category":"<a href=\"https:\/\/arantv.az\/?cat=4\" rel=\"category\">Siyas\u0259t<\/a>","rttpg_excerpt":"Az\u0259rbaycan B\u00f6y\u00fck Britaniyan\u0131n Qafqaz v\u0259 X\u0259z\u0259r regionunda etibarl\u0131 t\u0259r\u0259fda\u015f\u0131d\u0131r. ARANTV.AZ\u00a0\u00a0Trend-\u0259 istinad\u0259n x\u0259b\u0259r verir ki, bunu Az\u0259rbaycan xarici i\u015fl\u0259r nazirinin m\u00fcavini Ramiz H\u0259s\u0259nov &#8220;Az\u0259rbaycan v\u0259 B\u00f6y\u00fck Britaniya \u0259m\u0259kda\u015fl\u0131\u011f\u0131n\u0131n 100 illiyi&#8221; kitab\u0131n\u0131n t\u0259qdimat m\u0259rasimind\u0259 \u00e7\u0131x\u0131\u015f\u0131 zaman\u0131 deyib. R.H\u0259s\u0259nov bildirib ki, bu kitab Az\u0259rbaycan-B\u00f6y\u00fck Britaniya \u0259laq\u0259l\u0259rini, bu \u0259laq\u0259l\u0259ri \u015f\u0259rtl\u0259ndir\u0259n amill\u0259ri \u00f6yr\u0259nm\u0259k \u00fc\u00e7\u00fcn bir p\u0259nc\u0259r\u0259dir. Nazir m\u00fcavini qeyd edib&hellip;","_links":{"self":[{"href":"https:\/\/arantv.az\/index.php?rest_route=\/wp\/v2\/posts\/50434"}],"collection":[{"href":"https:\/\/arantv.az\/index.php?rest_route=\/wp\/v2\/posts"}],"about":[{"href":"https:\/\/arantv.az\/index.php?rest_route=\/wp\/v2\/types\/post"}],"author":[{"embeddable":true,"href":"https:\/\/arantv.az\/index.php?rest_route=\/wp\/v2\/users\/2"}],"replies":[{"embeddable":true,"href":"https:\/\/arantv.az\/index.php?rest_route=%2Fwp%2Fv2%2Fcomments&post=50434"}],"version-history":[{"count":0,"href":"https:\/\/arantv.az\/index.php?rest_route=\/wp\/v2\/posts\/50434\/revisions"}],"wp:featuredmedia":[{"embeddable":true,"href":"https:\/\/arantv.az\/index.php?rest_route=\/wp\/v2\/media\/50436"}],"wp:attachment":[{"href":"https:\/\/arantv.az\/index.php?rest_route=%2Fwp%2Fv2%2Fmedia&parent=50434"}],"wp:term":[{"taxonomy":"category","embeddable":true,"href":"https:\/\/arantv.az\/index.php?rest_route=%2Fwp%2Fv2%2Fcategories&post=50434"},{"taxonomy":"post_tag","embeddable":true,"href":"https:\/\/arantv.az\/index.php?rest_route=%2Fwp%2Fv2%2Ftags&post=50434"}],"curies":[{"name":"wp","href":"https:\/\/api.w.org\/{rel}","templated":true}]}}