{"id":504344,"date":"2022-08-10T16:29:11","date_gmt":"2022-08-10T13:29:11","guid":{"rendered":"https:\/\/arantv.az\/?p=504344"},"modified":"2022-08-10T16:29:11","modified_gmt":"2022-08-10T13:29:11","slug":"vikinql%c9%99rin-v%c9%99t%c9%99ni-az%c9%99rbaycandir-video","status":"publish","type":"post","link":"https:\/\/arantv.az\/?p=504344","title":{"rendered":"Vikinql\u0259rin v\u0259t\u0259ni Az\u0259rbaycand\u0131r &#8211; V\u0130DEO"},"content":{"rendered":"<article class=\"news\">\n<div class=\"news-inner\">\n<p>M\u0259\u015fhur \u201cD\u0259niz fatehl\u0259ri\u201d \u2212 vikinql\u0259r Bak\u0131 \u0259traf\u0131nda, X\u0259z\u0259r d\u0259nizi sahilind\u0259 ya\u015fay\u0131blar. Daha sonra m\u0259hz buradan Skandinaviyaya k\u00f6\u00e7\u00fcbl\u0259r.<\/p>\n<div class=\"AdviadNativeVideo\"><\/div>\n<p>Bu fikirl\u0259ri tan\u0131nm\u0131\u015f Norve\u00e7 s\u0259yyah\u0131, etnoqraf, arxeoloq Tur Heyerdal dil\u0259 g\u0259tirib.<\/p>\n<p>Baku TV-d\u0259 yay\u0131mlanan \u201cG\u00fclnar Muradovan\u0131n ara\u015fd\u0131rmas\u0131\u201dnda bu f\u0259rziyy\u0259 \u0259sas g\u0259tiril\u0259r\u0259k az\u0259rbaycanl\u0131larla vikinql\u0259r aras\u0131ndak\u0131 ba\u011fl\u0131l\u0131qdan b\u0259hs edilib.<\/p>\n<p>\u018ftrafl\u0131 s\u00f6z\u00fcged\u0259n videoda:<\/p>\n<div><iframe loading=\"lazy\" title=\"YouTube video player\" src=\"https:\/\/www.youtube.com\/embed\/YiKhc9aHDiA\" width=\"560\" height=\"315\" frameborder=\"0\" allowfullscreen=\"allowfullscreen\" data-mce-fragment=\"1\"><\/iframe><\/div>\n<\/div>\n<\/article>\n","protected":false},"excerpt":{"rendered":"<p>M\u0259\u015fhur \u201cD\u0259niz fatehl\u0259ri\u201d \u2212 vikinql\u0259r Bak\u0131 \u0259traf\u0131nda, X\u0259z\u0259r d\u0259nizi sahilind\u0259 ya\u015fay\u0131blar. Daha sonra m\u0259hz buradan Skandinaviyaya k\u00f6\u00e7\u00fcbl\u0259r. Bu fikirl\u0259ri tan\u0131nm\u0131\u015f Norve\u00e7 s\u0259yyah\u0131, etnoqraf, arxeoloq Tur Heyerdal dil\u0259 g\u0259tirib. Baku TV-d\u0259 yay\u0131mlanan \u201cG\u00fclnar Muradovan\u0131n ara\u015fd\u0131rmas\u0131\u201dnda bu f\u0259rziyy\u0259 \u0259sas g\u0259tiril\u0259r\u0259k az\u0259rbaycanl\u0131larla vikinql\u0259r aras\u0131ndak\u0131 ba\u011fl\u0131l\u0131qdan b\u0259hs edilib. \u018ftrafl\u0131 s\u00f6z\u00fcged\u0259n videoda:<\/p>\n","protected":false},"author":2,"featured_media":504345,"comment_status":"closed","ping_status":"closed","sticky":false,"template":"","format":"standard","meta":{"om_disable_all_campaigns":false,"_monsterinsights_skip_tracking":false,"_monsterinsights_sitenote_active":false,"_monsterinsights_sitenote_note":"","_monsterinsights_sitenote_category":0},"categories":[1],"tags":[],"aioseo_notices":[],"gutentor_comment":0,"rttpg_featured_image_url":{"full":["https:\/\/arantv.az\/wp-content\/uploads\/2022\/08\/FotoJet-3-7.jpg",620,413,false],"landscape":["https:\/\/arantv.az\/wp-content\/uploads\/2022\/08\/FotoJet-3-7.jpg",620,413,false],"portraits":["https:\/\/arantv.az\/wp-content\/uploads\/2022\/08\/FotoJet-3-7.jpg",620,413,false],"thumbnail":["https:\/\/arantv.az\/wp-content\/uploads\/2022\/08\/FotoJet-3-7-500x280.jpg",500,280,true],"medium":["https:\/\/arantv.az\/wp-content\/uploads\/2022\/08\/FotoJet-3-7-548x365.jpg",548,365,true],"large":["https:\/\/arantv.az\/wp-content\/uploads\/2022\/08\/FotoJet-3-7.jpg",620,413,false],"1536x1536":["https:\/\/arantv.az\/wp-content\/uploads\/2022\/08\/FotoJet-3-7.jpg",620,413,false],"2048x2048":["https:\/\/arantv.az\/wp-content\/uploads\/2022\/08\/FotoJet-3-7.jpg",620,413,false],"post-thumbnail":["https:\/\/arantv.az\/wp-content\/uploads\/2022\/08\/FotoJet-3-7-240x172.jpg",240,172,true],"advps-thumb-one":["https:\/\/arantv.az\/wp-content\/uploads\/2022\/08\/FotoJet-3-7.jpg",620,413,false]},"rttpg_author":{"display_name":"V\u00fcsal Rafiqo\u011flu","author_link":"https:\/\/arantv.az\/?author=2"},"rttpg_comment":0,"rttpg_category":"<a href=\"https:\/\/arantv.az\/?cat=1\" rel=\"category\">C\u0259miyy\u0259t<\/a>","rttpg_excerpt":"M\u0259\u015fhur \u201cD\u0259niz fatehl\u0259ri\u201d \u2212 vikinql\u0259r Bak\u0131 \u0259traf\u0131nda, X\u0259z\u0259r d\u0259nizi sahilind\u0259 ya\u015fay\u0131blar. Daha sonra m\u0259hz buradan Skandinaviyaya k\u00f6\u00e7\u00fcbl\u0259r. Bu fikirl\u0259ri tan\u0131nm\u0131\u015f Norve\u00e7 s\u0259yyah\u0131, etnoqraf, arxeoloq Tur Heyerdal dil\u0259 g\u0259tirib. Baku TV-d\u0259 yay\u0131mlanan \u201cG\u00fclnar Muradovan\u0131n ara\u015fd\u0131rmas\u0131\u201dnda bu f\u0259rziyy\u0259 \u0259sas g\u0259tiril\u0259r\u0259k az\u0259rbaycanl\u0131larla vikinql\u0259r aras\u0131ndak\u0131 ba\u011fl\u0131l\u0131qdan b\u0259hs edilib. \u018ftrafl\u0131 s\u00f6z\u00fcged\u0259n videoda:","_links":{"self":[{"href":"https:\/\/arantv.az\/index.php?rest_route=\/wp\/v2\/posts\/504344"}],"collection":[{"href":"https:\/\/arantv.az\/index.php?rest_route=\/wp\/v2\/posts"}],"about":[{"href":"https:\/\/arantv.az\/index.php?rest_route=\/wp\/v2\/types\/post"}],"author":[{"embeddable":true,"href":"https:\/\/arantv.az\/index.php?rest_route=\/wp\/v2\/users\/2"}],"replies":[{"embeddable":true,"href":"https:\/\/arantv.az\/index.php?rest_route=%2Fwp%2Fv2%2Fcomments&post=504344"}],"version-history":[{"count":0,"href":"https:\/\/arantv.az\/index.php?rest_route=\/wp\/v2\/posts\/504344\/revisions"}],"wp:featuredmedia":[{"embeddable":true,"href":"https:\/\/arantv.az\/index.php?rest_route=\/wp\/v2\/media\/504345"}],"wp:attachment":[{"href":"https:\/\/arantv.az\/index.php?rest_route=%2Fwp%2Fv2%2Fmedia&parent=504344"}],"wp:term":[{"taxonomy":"category","embeddable":true,"href":"https:\/\/arantv.az\/index.php?rest_route=%2Fwp%2Fv2%2Fcategories&post=504344"},{"taxonomy":"post_tag","embeddable":true,"href":"https:\/\/arantv.az\/index.php?rest_route=%2Fwp%2Fv2%2Ftags&post=504344"}],"curies":[{"name":"wp","href":"https:\/\/api.w.org\/{rel}","templated":true}]}}