{"id":504351,"date":"2022-08-10T19:43:00","date_gmt":"2022-08-10T16:43:00","guid":{"rendered":"https:\/\/arantv.az\/?p=504351"},"modified":"2022-08-10T19:43:00","modified_gmt":"2022-08-10T16:43:00","slug":"yangin-bas-ver%c9%99n-binada-v%c9%99ziyy%c9%99t-nec%c9%99dir-video","status":"publish","type":"post","link":"https:\/\/arantv.az\/?p=504351","title":{"rendered":"Yan\u011f\u0131n ba\u015f ver\u0259n binada v\u0259ziyy\u0259t nec\u0259dir? \u2013 V\u0130DEO"},"content":{"rendered":"<article class=\"news\">\n<div class=\"news-inner\">\n<p>\u00d6t\u0259n g\u00fcn Yevlax \u015f\u0259h\u0259rind\u0259 Qanboy Quliyev 3A \u00fcnvan\u0131nda be\u015fm\u0259rt\u0259b\u0259li binada qeyd\u0259 al\u0131nan yan\u011f\u0131nda binan\u0131n \u00fcst\u00fc q\u0131rla \u00f6rt\u00fcl\u00fc olmas\u0131 s\u0259b\u0259bil\u0259\u00a0\u0259n \u00e7ox dam \u00f6rt\u00fcy\u00fc ziyan g\u00f6r\u00fcb.<\/p>\n<div class=\"AdviadNativeVideo\"><\/div>\n<p>H\u0259m\u00e7inin yan\u011f\u0131ndan daha \u00e7ox yuxar\u0131 m\u0259rt\u0259b\u0259d\u0259 ya\u015fayan sakinl\u0259r z\u0259r\u0259r \u00e7\u0259kib. Evi yarars\u0131z hala d\u00fc\u015f\u0259n v\u0259t\u0259nda\u015flar \u00f6t\u0259n g\u00fcn qohum evind\u0259 v\u0259 icra hakimiyy\u0259tinin d\u0259st\u0259yi il\u0259 m\u00fcxt\u0259lif \u00fcnvanlara yerl\u0259\u015fdirilibl\u0259r.<\/p>\n<p>Bina sakinl\u0259ri bildiribl\u0259r ki, evl\u0259rin\u0259 n\u0259 q\u0259d\u0259r ziyan\u0131n d\u0259ydiyini h\u0259l\u0259 ki bilmirl\u0259r.<\/p>\n<p>Yuxar\u0131 m\u0259rt\u0259b\u0259l\u0259rd\u0259 ya\u015fayan sakinl\u0259rin evl\u0259ri yand\u0131\u011f\u0131 \u00fc\u00e7\u00fcn evl\u0259rin\u0259 girm\u0259y\u0259 icaz\u0259 verilmir, dig\u0259r m\u0259nzil sahibl\u0259ri is\u0259 bildirib ki, evl\u0259rin\u0259 qalxma\u011fa qorxurlar.<\/p>\n<p>Daha \u0259trafl\u0131 Baku TV-nin s\u00fcjetind\u0259:<\/p>\n<div><iframe loading=\"lazy\" title=\"YouTube video player\" src=\"https:\/\/www.youtube.com\/embed\/Y6R54kK9WYc\" width=\"560\" height=\"315\" frameborder=\"0\" allowfullscreen=\"allowfullscreen\" data-mce-fragment=\"1\"><\/iframe><\/div>\n<\/div>\n<\/article>\n","protected":false},"excerpt":{"rendered":"<p>\u00d6t\u0259n g\u00fcn Yevlax \u015f\u0259h\u0259rind\u0259 Qanboy Quliyev 3A \u00fcnvan\u0131nda be\u015fm\u0259rt\u0259b\u0259li binada qeyd\u0259 al\u0131nan yan\u011f\u0131nda binan\u0131n \u00fcst\u00fc q\u0131rla \u00f6rt\u00fcl\u00fc olmas\u0131 s\u0259b\u0259bil\u0259\u00a0\u0259n \u00e7ox dam \u00f6rt\u00fcy\u00fc ziyan g\u00f6r\u00fcb. H\u0259m\u00e7inin yan\u011f\u0131ndan daha \u00e7ox yuxar\u0131 m\u0259rt\u0259b\u0259d\u0259 ya\u015fayan sakinl\u0259r z\u0259r\u0259r \u00e7\u0259kib. Evi yarars\u0131z hala d\u00fc\u015f\u0259n v\u0259t\u0259nda\u015flar \u00f6t\u0259n g\u00fcn qohum evind\u0259 v\u0259 icra hakimiyy\u0259tinin d\u0259st\u0259yi il\u0259 m\u00fcxt\u0259lif \u00fcnvanlara yerl\u0259\u015fdirilibl\u0259r. Bina sakinl\u0259ri bildiribl\u0259r ki, evl\u0259rin\u0259 n\u0259 q\u0259d\u0259r ziyan\u0131n d\u0259ydiyini h\u0259l\u0259 ki bilmirl\u0259r. Yuxar\u0131 m\u0259rt\u0259b\u0259l\u0259rd\u0259 ya\u015fayan sakinl\u0259rin evl\u0259ri yand\u0131\u011f\u0131 \u00fc\u00e7\u00fcn evl\u0259rin\u0259 girm\u0259y\u0259 icaz\u0259 verilmir, dig\u0259r m\u0259nzil sahibl\u0259ri is\u0259 bildirib ki, evl\u0259rin\u0259 qalxma\u011fa qorxurlar. Daha \u0259trafl\u0131 Baku TV-nin s\u00fcjetind\u0259:<\/p>\n","protected":false},"author":2,"featured_media":504352,"comment_status":"closed","ping_status":"closed","sticky":false,"template":"","format":"standard","meta":{"om_disable_all_campaigns":false,"_monsterinsights_skip_tracking":false,"_monsterinsights_sitenote_active":false,"_monsterinsights_sitenote_note":"","_monsterinsights_sitenote_category":0},"categories":[5],"tags":[],"aioseo_notices":[],"gutentor_comment":0,"rttpg_featured_image_url":{"full":["https:\/\/arantv.az\/wp-content\/uploads\/2022\/08\/FotoJet-2022-08-10T201424.787.jpg",620,413,false],"landscape":["https:\/\/arantv.az\/wp-content\/uploads\/2022\/08\/FotoJet-2022-08-10T201424.787.jpg",620,413,false],"portraits":["https:\/\/arantv.az\/wp-content\/uploads\/2022\/08\/FotoJet-2022-08-10T201424.787.jpg",620,413,false],"thumbnail":["https:\/\/arantv.az\/wp-content\/uploads\/2022\/08\/FotoJet-2022-08-10T201424.787-500x280.jpg",500,280,true],"medium":["https:\/\/arantv.az\/wp-content\/uploads\/2022\/08\/FotoJet-2022-08-10T201424.787-548x365.jpg",548,365,true],"large":["https:\/\/arantv.az\/wp-content\/uploads\/2022\/08\/FotoJet-2022-08-10T201424.787.jpg",620,413,false],"1536x1536":["https:\/\/arantv.az\/wp-content\/uploads\/2022\/08\/FotoJet-2022-08-10T201424.787.jpg",620,413,false],"2048x2048":["https:\/\/arantv.az\/wp-content\/uploads\/2022\/08\/FotoJet-2022-08-10T201424.787.jpg",620,413,false],"post-thumbnail":["https:\/\/arantv.az\/wp-content\/uploads\/2022\/08\/FotoJet-2022-08-10T201424.787-240x172.jpg",240,172,true],"advps-thumb-one":["https:\/\/arantv.az\/wp-content\/uploads\/2022\/08\/FotoJet-2022-08-10T201424.787.jpg",620,413,false]},"rttpg_author":{"display_name":"V\u00fcsal Rafiqo\u011flu","author_link":"https:\/\/arantv.az\/?author=2"},"rttpg_comment":0,"rttpg_category":"<a href=\"https:\/\/arantv.az\/?cat=5\" rel=\"category\">Hadis\u0259<\/a>","rttpg_excerpt":"\u00d6t\u0259n g\u00fcn Yevlax \u015f\u0259h\u0259rind\u0259 Qanboy Quliyev 3A \u00fcnvan\u0131nda be\u015fm\u0259rt\u0259b\u0259li binada qeyd\u0259 al\u0131nan yan\u011f\u0131nda binan\u0131n \u00fcst\u00fc q\u0131rla \u00f6rt\u00fcl\u00fc olmas\u0131 s\u0259b\u0259bil\u0259\u00a0\u0259n \u00e7ox dam \u00f6rt\u00fcy\u00fc ziyan g\u00f6r\u00fcb. H\u0259m\u00e7inin yan\u011f\u0131ndan daha \u00e7ox yuxar\u0131 m\u0259rt\u0259b\u0259d\u0259 ya\u015fayan sakinl\u0259r z\u0259r\u0259r \u00e7\u0259kib. Evi yarars\u0131z hala d\u00fc\u015f\u0259n v\u0259t\u0259nda\u015flar \u00f6t\u0259n g\u00fcn qohum evind\u0259 v\u0259 icra hakimiyy\u0259tinin d\u0259st\u0259yi il\u0259 m\u00fcxt\u0259lif \u00fcnvanlara yerl\u0259\u015fdirilibl\u0259r. Bina sakinl\u0259ri bildiribl\u0259r ki,&hellip;","_links":{"self":[{"href":"https:\/\/arantv.az\/index.php?rest_route=\/wp\/v2\/posts\/504351"}],"collection":[{"href":"https:\/\/arantv.az\/index.php?rest_route=\/wp\/v2\/posts"}],"about":[{"href":"https:\/\/arantv.az\/index.php?rest_route=\/wp\/v2\/types\/post"}],"author":[{"embeddable":true,"href":"https:\/\/arantv.az\/index.php?rest_route=\/wp\/v2\/users\/2"}],"replies":[{"embeddable":true,"href":"https:\/\/arantv.az\/index.php?rest_route=%2Fwp%2Fv2%2Fcomments&post=504351"}],"version-history":[{"count":0,"href":"https:\/\/arantv.az\/index.php?rest_route=\/wp\/v2\/posts\/504351\/revisions"}],"wp:featuredmedia":[{"embeddable":true,"href":"https:\/\/arantv.az\/index.php?rest_route=\/wp\/v2\/media\/504352"}],"wp:attachment":[{"href":"https:\/\/arantv.az\/index.php?rest_route=%2Fwp%2Fv2%2Fmedia&parent=504351"}],"wp:term":[{"taxonomy":"category","embeddable":true,"href":"https:\/\/arantv.az\/index.php?rest_route=%2Fwp%2Fv2%2Fcategories&post=504351"},{"taxonomy":"post_tag","embeddable":true,"href":"https:\/\/arantv.az\/index.php?rest_route=%2Fwp%2Fv2%2Ftags&post=504351"}],"curies":[{"name":"wp","href":"https:\/\/api.w.org\/{rel}","templated":true}]}}