{"id":504373,"date":"2022-08-10T20:22:45","date_gmt":"2022-08-10T17:22:45","guid":{"rendered":"https:\/\/arantv.az\/?p=504373"},"modified":"2022-08-10T20:22:45","modified_gmt":"2022-08-10T17:22:45","slug":"fuad-axundov-erm%c9%99ni-aliml%c9%99ri-tiqranakertin-qaliqlari-il%c9%99-tanis-olmaq-ucun-agdama-d%c9%99v%c9%99t-edib-foto","status":"publish","type":"post","link":"https:\/\/arantv.az\/?p=504373","title":{"rendered":"Fuad Axundov erm\u0259ni aliml\u0259ri \u201cTiqranakertin qal\u0131qlar\u0131\u201d il\u0259 tan\u0131\u015f olmaq \u00fc\u00e7\u00fcn A\u011fdama d\u0259v\u0259t edib &#8211; FOTO"},"content":{"rendered":"<p>Politoloq Fuad Axundov mifik \u201cTiqranakert\u201d \u0259traf\u0131ndak\u0131 tarixi saxtakarl\u0131qlara, n\u0259hay\u0259t, son qoymaq \u00fc\u00e7\u00fcn erm\u0259ni tarix\u00e7i, elml\u0259r doktoru Stepan Stepanyants\u0131 A\u011fdama g\u0259lm\u0259y\u0259 v\u0259 \u015eahbulaq qalas\u0131n\u0131 g\u00f6rm\u0259y\u0259 d\u0259v\u0259t edib.<\/p>\n<p>Erm\u0259ni alimin \u201cs\u00fcbut\u201dlar\u0131n\u0131 t\u0259hlil ed\u0259n politoloq \u201cReport\u201da a\u00e7\u0131qlamas\u0131nda bildirib ki, erm\u0259ni tarix\u00e7i, elml\u0259r doktoru Stepan Stepanyants Qaraba\u011fda \u201cTiqranakert\u201din oldu\u011funu, \u201c\u018fliyevabad\u201d\u0131n is\u0259 olmad\u0131\u011f\u0131n\u0131 b\u0259yan etm\u0259kl\u0259 n\u00f6vb\u0259ti d\u0259f\u0259 Erm\u0259nistan\u0131n Qaraba\u011fa olan \u201ch\u00fcquqlar\u0131\u201dn\u0131 \u0259sasland\u0131rmaq q\u0259rar\u0131na g\u0259lib:<\/p>\n<div class=\"AdviadNativeVideo\"><\/div>\n<p>\u201cBunun qar\u015f\u0131l\u0131\u011f\u0131nda is\u0259 dig\u0259r erm\u0259ni tarix\u00e7i Filipp Ekozyants ona ironik cavab ver\u0259r\u0259k Qaraba\u011fda \u201cK\u00f6\u00e7\u0259ryankert\u201d v\u0259 ya \u201cSarqsyankert\u201din d\u0259 olmad\u0131\u011f\u0131n\u0131 bildirib. Xat\u0131rladaq ki, erm\u0259nil\u0259r Az\u0259rbaycan\u0131n A\u011fdam rayonu \u0259razisind\u0259 yerl\u0259\u015f\u0259n \u015eahbulaq qalas\u0131n\u0131 v\u0259 onun yan\u0131nda yerl\u0259\u015f\u0259n \u015f\u0259h\u0259rciyi \u201cTiqranakert\u201d kimi q\u0259l\u0259m\u0259 verirl\u0259r. XVII \u0259srd\u0259 tikilmi\u015f bu qala he\u00e7 bir halda antik hesab oluna bilm\u0259z. Erm\u0259nil\u0259r \u00fcz\u0259rind\u0259 bir q\u0259d\u0259r d\u0259yi\u015fiklikl\u0259r edilmi\u015f m\u00fcs\u0259lman hamam\u0131n\u0131 q\u0259dim erm\u0259ni kils\u0259si, d\u0259rin tarix\u0259 malik olmayan m\u00fcs\u0259lman tikilil\u0259rini is\u0259 \u201cantik erm\u0259ni \u015f\u0259h\u0259rciyi\u201d kimi q\u0259l\u0259m\u0259 verm\u0259y\u0259 \u00e7al\u0131\u015f\u0131rlar\u201d.<\/p>\n<p>\u201c\u0130lk n\u00f6vb\u0259d\u0259, el\u0259 erm\u0259ni m\u0259nb\u0259l\u0259rini t\u0259hlil ets\u0259k, m\u0259lum olur ki, Xa\u00e7\u0131n\u00e7ay\u0131n sahilind\u0259 a\u015fkar edilmi\u015f \u015f\u0259h\u0259r Ki\u00e7ik Asiya yar\u0131madas\u0131nda v\u0259 C\u0259nubi Qafqazda a\u015fkar edilmi\u015f sayca d\u00f6rd\u00fcnc\u00fc \u201cTiqranakert\u201ddir. M\u0259ntiql\u0259, bu \u015f\u0259h\u0259rl\u0259rin h\u0259r biri \u201cB\u00f6y\u00fck Erm\u0259nistan\u201d\u0131n paytaxt\u0131 olub. Amma nec\u0259 olur ki, Tiqran &#8211; n\u0259 q\u0259d\u0259r b\u00f6y\u00fck olur-olsun, hakimiyy\u0259ti d\u00f6vr\u00fcnd\u0259 d\u00fcz 4 \u015f\u0259h\u0259r sal\u0131b? \u015e\u0259h\u0259r salmaq \u00f6lk\u0259d\u0259n b\u00f6y\u00fck g\u00fcc, resurs v\u0259 x\u0259rc t\u0259l\u0259b ed\u0259n geni\u015fmiqyasl\u0131 i\u015fdir. T\u0259kc\u0259 I Pyotru v\u0259 Sankt-Peterburqun tikintisini xat\u0131rlamaq kifay\u0259tdir. R\u0259hb\u0259rlik etdiyi d\u00f6vl\u0259t Pyotrun imperiyas\u0131 q\u0259d\u0259r b\u00f6y\u00fck olmayan Tiqran n\u0259 az, n\u0259 \u00e7ox,\u00a0 d\u00fcz 4 \u201cTiqranakert\u201d sal\u0131b? \u00d6z\u00fc d\u0259 onlar haqq\u0131nda m\u0259lumatlara yaln\u0131z erm\u0259ni m\u0259nb\u0259l\u0259rind\u0259 rast g\u0259lm\u0259k olar\u201d, &#8211; o deyib.<\/p>\n<p>Politoloqu maraqland\u0131ran daha bir sual bu \u201cTiqranakert\u201dl\u0259rin yoxdan var olmas\u0131n\u0131n h\u0259min \u0259razil\u0259rd\u0259 siyasi qas\u0131r\u011falar\u0131n ba\u015f verm\u0259si d\u00f6vr\u00fcn\u0259 t\u0259sad\u00fcf etm\u0259sidir:<\/p>\n<p>\u201cM\u0259s\u0259l\u0259n, haz\u0131rk\u0131\u00a0Diyarbak\u0131r \u015f\u0259h\u0259rinin yerl\u0259\u015fdiyi yerd\u0259 \u201cTiqranakert\u201din a\u015fkar edilm\u0259si Birinci D\u00fcnya m\u00fcharib\u0259si \u0259r\u0259f\u0259sind\u0259 v\u0259 T\u00fcrkiy\u0259nin \u015e\u0259rqi Anadoludak\u0131 6 vilay\u0259tini \u201cQ\u0259rbi Erm\u0259nistan\u201dda birl\u0259\u015fdirm\u0259k planlar\u0131 qurulan zaman ba\u015f verib. Az\u0259rbaycan\u0131n i\u015f\u011fal edilmi\u015f A\u011fdam rayonunda \u201cTiqranakert\u201din a\u015fkar edilm\u0259si is\u0259 BMT T\u0259hl\u00fck\u0259sizlik \u015euras\u0131n\u0131n Erm\u0259nistandan \u00f6z qo\u015funlar\u0131n\u0131 bu \u0259razid\u0259n \u00e7\u0131xarmas\u0131n\u0131 t\u0259l\u0259b ed\u0259n q\u0259tnam\u0259nin q\u0259bulu il\u0259 \u00fcst-\u00fcst\u0259 d\u00fc\u015f\u00fcb. Bu, t\u0259sad\u00fcfd\u00fcrm\u00fc?\u201d<\/p>\n<p>F.Axundov qeyd edib ki, erm\u0259ni m\u0259nb\u0259l\u0259ri h\u0259tta A\u011fdamdak\u0131 \u201cq\u0259dim ya\u015fay\u0131\u015f m\u0259sk\u0259ni\u201dnd\u0259 xa\u00e7karlar da tap\u0131b, halbuki bu xa\u00e7 da\u015flar\u0131 xristian d\u00f6vr\u00fcn\u0259 aiddir:<\/p>\n<p>\u201cDaha bir qeyri-m\u00fc\u0259yy\u0259nlik. Filipp Ekozyants\u0131n \u201cvardapetl\u0259r\u201d adland\u0131rd\u0131\u011f\u0131 erm\u0259ni tarix\u00e7il\u0259ri A\u011fdamda \u201cq\u0259dim \u015f\u0259h\u0259rcik\u201d a\u015fkar etdikl\u0259rini iddia edirl\u0259r. M\u0259hz bu versiyan\u0131 erm\u0259ni m\u0259nb\u0259l\u0259r\u0259 istinad\u0259n RBK da \u201cdil\u0259 g\u0259tirir\u201d. Amma deyilir ki, \u201cantik \u015f\u0259h\u0259rcik\u201dd\u0259 xa\u00e7kar a\u015fkar edilib. B\u0259s bunu nec\u0259 ba\u015fa d\u00fc\u015f\u0259k? Xa\u00e7karlar h\u0259tta erm\u0259nil\u0259rin versiyas\u0131na g\u00f6r\u0259, xa\u00e7 da\u015flar\u0131d\u0131r, onlar art\u0131q xristian \u0259n\u0259n\u0259sin\u0259 aiddir v\u0259 eram\u0131z\u0131n III \u0259srind\u0259n \u0259vv\u0259l meydana \u00e7\u0131xa bilm\u0259zdi. B\u0259s onda \u201cantik \u015f\u0259h\u0259rcik\u201dd\u0259 xa\u00e7kar n\u0259 g\u0259zir? N\u0259hay\u0259t, Qaraba\u011f xanl\u0131\u011f\u0131n\u0131n \u0259razisind\u0259 \u201cTiqranakert\u201din olmas\u0131 il\u0259 ba\u011fl\u0131 qeyri-erm\u0259ni m\u0259nb\u0259l\u0259rind\u0259n hans\u0131nda etibarl\u0131 m\u0259lumat var? Ba\u011f\u0131\u015flay\u0131n, amma m\u00fcasir videobloqlar v\u0259 ya sosial \u015f\u0259b\u0259k\u0259l\u0259rd\u0259 yerl\u0259\u015fdiril\u0259n v\u0259 XX \u0259srin 50-ci ill\u0259rind\u0259 tikilmi\u015f Ming\u0259\u00e7evir su anbar\u0131n\u0131n bel\u0259 t\u0259svir olundu\u011fu \u201cB\u00f6y\u00fck Erm\u0259nistan\u0131n x\u0259rit\u0259l\u0259ri\u201d s\u00fcbut kimi q\u0259bul edil\u0259 bilm\u0259z\u201d.<\/p>\n<p><img src=\"https:\/\/cdn.oxu.az\/uploads\/W1siZiIsIjIwMjIvMDgvMTAvMjAvNTMvMzMvMGRkMmY3MzEtYzIyYS00YTlhLWFlZmMtOWY1ODYzYzM5YmMzLzBjMmI5ZGQ0LWM4YWUtM2RkZS1hY2E0LWMwZTMzMWE1OTM1MC5qcGciXSxbInAiLCJlbmNvZGUiLCJqcGciLCItcXVhbGl0eSA4MCJdLFsicCIsInRodW1iIiwiNTkweDU5MFx1MDAzZSJdXQ?sha=75388e870615b611\" alt=\"\" \/><\/p>\n<p>\u201cBiz yax\u015f\u0131 ba\u015fa d\u00fc\u015f\u00fcr\u00fck ki, yutubda qiyabi m\u00fczakir\u0259 \u0259n yax\u015f\u0131 yol deyil. Ona g\u00f6r\u0259 d\u0259 c\u0259nab Stepanyants\u0131 v\u0259 onun h\u0259mkarlar\u0131n\u0131 r\u0259smi olaraq Az\u0259rbaycan\u0131n A\u011fdam rayonuna v\u0259 erm\u0259ni elmi m\u00fchitind\u0259 \u201cTiqranakert\u201d adland\u0131r\u0131lan \u015eahbulaq qalas\u0131na, yax\u0131nl\u0131qdak\u0131 \u015f\u0259h\u0259rciy\u0259 s\u0259f\u0259r\u0259 d\u0259v\u0259t edirik. T\u0259bii ki, b\u00fct\u00fcn maliyy\u0259 m\u0259s\u0259l\u0259l\u0259rinin h\u0259llini, s\u0259f\u0259rin t\u0259\u015fkilini v\u0259 t\u0259hl\u00fck\u0259sizliyi, o c\u00fcml\u0259d\u0259n minalardan t\u0259mizl\u0259m\u0259ni Az\u0259rbaycan t\u0259r\u0259fi \u00f6z \u00fcz\u0259rin\u0259 g\u00f6t\u00fcr\u00fcr\u201d, &#8211; politoloq deyib.<\/p>\n<p>O vur\u011fulay\u0131b ki, d\u00fcnyada tarixi tikilil\u0259rin hans\u0131 d\u00f6vr\u0259 aid olmas\u0131n\u0131 m\u00fc\u0259yy\u0259nl\u0259\u015fdirm\u0259yin \u00fcmumi q\u0259bul olunmu\u015f \u00fcsullar\u0131 m\u00f6vcuddur v\u0259 burada tikinti texnologiyas\u0131, da\u015f emal\u0131, da\u015flar\u0131n b\u0259rkidilm\u0259si \u00fc\u00e7\u00fcn istifad\u0259 olunan qar\u0131\u015f\u0131q, h\u00f6rg\u00fc texnologiyalar\u0131 v\u0259 s. n\u0259z\u0259r\u0259 al\u0131n\u0131r:<\/p>\n<p>\u201cN\u0259hay\u0259t, memarl\u0131\u011f\u0131n \u201cmilli \u00f6z\u0259llikl\u0259ri\u201d var ki, bu v\u0259 ya dig\u0259r qalan\u0131n m\u0259ml\u00fckl\u0259r, s\u0259lcuqlar, s\u0259lib\u00e7il\u0259r v\u0259 ya ba\u015fqalar\u0131 t\u0259r\u0259find\u0259n tikilm\u0259si sual\u0131na d\u0259qiq cavab verm\u0259y\u0259 imkan verir. \u018fminik ki, tarix elml\u0259ri doktoru Stepan Stepanyants bu elementar h\u0259qiq\u0259tl\u0259ri bilir v\u0259 Erm\u0259nistan\u0131n paytaxt\u0131nda turistl\u0259rl\u0259 etdikl\u0259ri kimi (XX \u0259srin tikilisini \u201cErebuni qalas\u0131\u201d ad\u0131 alt\u0131nda t\u0259qdim edirl\u0259r) saxtakarl\u0131qla m\u0259\u015f\u011ful olma\u011fa \u00e7al\u0131\u015fmayacaq\u201d.<\/p>\n<p>\u201cBa\u015fqas\u0131n\u0131n torpaqlar\u0131na iddia formas\u0131nda \u00e7alarlar\u0131 olan \u201cfeykl\u0259r\u201din n\u0259tic\u0259sinin n\u0259 q\u0259d\u0259r a\u011f\u0131r ola bil\u0259c\u0259yini is\u0259 Erm\u0259nistanda bilm\u0259lidirl\u0259r. H\u0259r iki \u00f6lk\u0259nin auditoriyas\u0131 44 g\u00fcnl\u00fck m\u00fcharib\u0259d\u0259n sonra Erm\u0259nistan \u00fc\u00e7\u00fcn he\u00e7 bir ironiyas\u0131z \u00e7\u0259tin ke\u00e7\u0259n g\u00fcnl\u0259rd\u0259 \u0130r\u0259van hava liman\u0131nda Erm\u0259nistan M\u00fcdafi\u0259 Nazirliyinin m\u0259tbuat katibi Artsrun Ovannisyan\u0131n d\u00f6y\u00fcld\u00fcy\u00fcn\u00fc g\u00f6z\u0259l xat\u0131rlay\u0131r. \u00c7\u00fcnki o, m\u00fcharib\u0259 \u0259rzind\u0259 \u201cAz\u0259rbaycan Ordusunun belini q\u0131rd\u0131q\u201d, \u201cM\u0259n indi Hadrutdayam v\u0259 burada bir az\u0259rbaycanl\u0131 bel\u0259 yoxdur\u201d kimi s\u0259rs\u0259m fikirl\u0259rl\u0259 erm\u0259nil\u0259ri aldatm\u0131\u015fd\u0131. Odur ki, \u201cfeykl\u0259r\u201dl\u0259 v\u0259t\u0259nda\u015flar\u0131n \u201cbeynini yumaq\u201d yax\u015f\u0131 \u015fey deyil, \u0259ks halda kims\u0259 buna g\u00f6r\u0259 yen\u0259 \u201cqapaz\u201d yey\u0259c\u0259k. \u018fn \u0259sas\u0131, biz c\u0259nab Stepanyantsa xat\u0131rlatma\u011f\u0131 \u00f6z\u00fcm\u00fcz\u0259 borc bilirik ki, q\u00fcsursuz \u015f\u0259kild\u0259 s\u00fcbut edilmi\u015f he\u00e7 bir tarixi fakt bel\u0259 beyn\u0259lxalq s\u0259viyy\u0259d\u0259 tan\u0131nm\u0131\u015f s\u0259rh\u0259dl\u0259rin zorla yenid\u0259n c\u0131z\u0131lmas\u0131 \u00fc\u00e7\u00fcn \u0259sas ola bilm\u0259z. D\u00fcnya x\u0259rit\u0259sind\u0259 buna dair \u00e7oxlu s\u00fcbut var &#8211; romal\u0131lar\u0131n yaratd\u0131\u011f\u0131, Amma \u0130taliyan\u0131n deyil, Almaniyan\u0131n bir hiss\u0259si olan K\u00f6lnd\u0259n tutmu\u015f Kordova xilaf\u0259tinin \u00e7oxlu izl\u0259rinin oldu\u011fu \u0130spaniyaya q\u0259d\u0259r. H\u0259l\u0259 son y\u00fczillikl\u0259rd\u0259 \u0259l d\u0259yi\u015fdirmi\u015f Elzas v\u0259 Lotaringiya, C\u0259nubi Tirol v\u0259 bir \u00e7ox ba\u015fqa \u0259razil\u0259ri saym\u0131r\u0131q. Az\u0259rbaycan\u0131n A\u011fdam rayonunda q\u0259fild\u0259n \u201ca\u015fkar edilmi\u015f\u201d \u201cTiqranakert\u201d bar\u0259d\u0259 n\u0259inki q\u00fcsursuz s\u00fcbuta yetirilmi\u015f, h\u0259tta, \u00fcmumiyy\u0259tl\u0259, bir az da olsa anlaql\u0131 tarixi is\u0259 fakt hesab etm\u0259k m\u00fcmk\u00fcn deyil. M\u0259n \u00f6z\u00fcm d\u0259 yax\u015f\u0131 xat\u0131rlay\u0131ram ki, bir erm\u0259ni professoru erm\u0259ni jurnalist\u0259 m\u00fcsahib\u0259sind\u0259 t\u0259\u0259cc\u00fcbl\u0259n\u0259r\u0259k, n\u0259 \u00fc\u00e7\u00fcn oran\u0131n \u201cTiqranakert\u201d\u00a0oldu\u011funu iddia etdikl\u0259rini soru\u015fmu\u015f, buna dair s\u00fcbutun olmad\u0131\u011f\u0131n\u0131 bildirmi\u015fdi. Bir s\u00f6zl\u0259, c\u0259nab Stepanyants, m\u0259n sizi v\u0259 dig\u0259r erm\u0259ni aliml\u0259ri g\u0259lib bu \u201cTiqranakert\u201d adland\u0131rd\u0131\u011f\u0131n\u0131z xarabal\u0131qlara baxma\u011fa, sonra is\u0259 bir sad\u0259 suala cavab verm\u0259y\u0259 d\u0259v\u0259t edir\u0259m: bu xarabal\u0131qlar\u0131 antik d\u00f6vrl\u0259rin tikilil\u0259rin\u0259 aid etm\u0259k olarm\u0131? \u018fmin\u0259m ki, Erm\u0259nistanda az-\u00e7ox obyektiv alimin ya\u015fad\u0131\u011f\u0131 t\u0259zyiql\u0259r\u0259 baxmayaraq, Erm\u0259nistanda q\u0259bul edil\u0259n postulatlara n\u0259 q\u0259d\u0259r zidd olsa da, siz fakt\u0131 etiraf etm\u0259kd\u0259n \u00e7\u0259kinm\u0259y\u0259c\u0259ksiniz\u201d, &#8211; F.Axundov fikrini tamamlay\u0131b.<\/p>\n","protected":false},"excerpt":{"rendered":"<p>Politoloq Fuad Axundov mifik \u201cTiqranakert\u201d \u0259traf\u0131ndak\u0131 tarixi saxtakarl\u0131qlara, n\u0259hay\u0259t, son qoymaq \u00fc\u00e7\u00fcn erm\u0259ni tarix\u00e7i, elml\u0259r doktoru Stepan Stepanyants\u0131 A\u011fdama g\u0259lm\u0259y\u0259 v\u0259 \u015eahbulaq qalas\u0131n\u0131 g\u00f6rm\u0259y\u0259 d\u0259v\u0259t edib. Erm\u0259ni alimin \u201cs\u00fcbut\u201dlar\u0131n\u0131 t\u0259hlil ed\u0259n politoloq \u201cReport\u201da a\u00e7\u0131qlamas\u0131nda bildirib ki, erm\u0259ni tarix\u00e7i, elml\u0259r doktoru Stepan Stepanyants Qaraba\u011fda \u201cTiqranakert\u201din oldu\u011funu, \u201c\u018fliyevabad\u201d\u0131n is\u0259 olmad\u0131\u011f\u0131n\u0131 b\u0259yan etm\u0259kl\u0259 n\u00f6vb\u0259ti d\u0259f\u0259 Erm\u0259nistan\u0131n Qaraba\u011fa olan \u201ch\u00fcquqlar\u0131\u201dn\u0131 \u0259sasland\u0131rmaq q\u0259rar\u0131na g\u0259lib: \u201cBunun qar\u015f\u0131l\u0131\u011f\u0131nda is\u0259 dig\u0259r erm\u0259ni tarix\u00e7i Filipp Ekozyants ona ironik cavab ver\u0259r\u0259k Qaraba\u011fda \u201cK\u00f6\u00e7\u0259ryankert\u201d v\u0259 ya \u201cSarqsyankert\u201din d\u0259 olmad\u0131\u011f\u0131n\u0131 bildirib. Xat\u0131rladaq ki, erm\u0259nil\u0259r Az\u0259rbaycan\u0131n A\u011fdam rayonu \u0259razisind\u0259 yerl\u0259\u015f\u0259n \u015eahbulaq qalas\u0131n\u0131 v\u0259&hellip;<\/p>\n","protected":false},"author":2,"featured_media":504374,"comment_status":"closed","ping_status":"closed","sticky":false,"template":"","format":"standard","meta":{"om_disable_all_campaigns":false,"_monsterinsights_skip_tracking":false,"_monsterinsights_sitenote_active":false,"_monsterinsights_sitenote_note":"","_monsterinsights_sitenote_category":0},"categories":[4],"tags":[],"aioseo_notices":[],"gutentor_comment":0,"rttpg_featured_image_url":{"full":["https:\/\/arantv.az\/wp-content\/uploads\/2022\/08\/FotoJet-2021-11-24T231333.601.jpg",620,413,false],"landscape":["https:\/\/arantv.az\/wp-content\/uploads\/2022\/08\/FotoJet-2021-11-24T231333.601.jpg",620,413,false],"portraits":["https:\/\/arantv.az\/wp-content\/uploads\/2022\/08\/FotoJet-2021-11-24T231333.601.jpg",620,413,false],"thumbnail":["https:\/\/arantv.az\/wp-content\/uploads\/2022\/08\/FotoJet-2021-11-24T231333.601-500x280.jpg",500,280,true],"medium":["https:\/\/arantv.az\/wp-content\/uploads\/2022\/08\/FotoJet-2021-11-24T231333.601-548x365.jpg",548,365,true],"large":["https:\/\/arantv.az\/wp-content\/uploads\/2022\/08\/FotoJet-2021-11-24T231333.601.jpg",620,413,false],"1536x1536":["https:\/\/arantv.az\/wp-content\/uploads\/2022\/08\/FotoJet-2021-11-24T231333.601.jpg",620,413,false],"2048x2048":["https:\/\/arantv.az\/wp-content\/uploads\/2022\/08\/FotoJet-2021-11-24T231333.601.jpg",620,413,false],"post-thumbnail":["https:\/\/arantv.az\/wp-content\/uploads\/2022\/08\/FotoJet-2021-11-24T231333.601-240x172.jpg",240,172,true],"advps-thumb-one":["https:\/\/arantv.az\/wp-content\/uploads\/2022\/08\/FotoJet-2021-11-24T231333.601.jpg",620,413,false]},"rttpg_author":{"display_name":"V\u00fcsal Rafiqo\u011flu","author_link":"https:\/\/arantv.az\/?author=2"},"rttpg_comment":0,"rttpg_category":"<a href=\"https:\/\/arantv.az\/?cat=4\" rel=\"category\">Siyas\u0259t<\/a>","rttpg_excerpt":"Politoloq Fuad Axundov mifik \u201cTiqranakert\u201d \u0259traf\u0131ndak\u0131 tarixi saxtakarl\u0131qlara, n\u0259hay\u0259t, son qoymaq \u00fc\u00e7\u00fcn erm\u0259ni tarix\u00e7i, elml\u0259r doktoru Stepan Stepanyants\u0131 A\u011fdama g\u0259lm\u0259y\u0259 v\u0259 \u015eahbulaq qalas\u0131n\u0131 g\u00f6rm\u0259y\u0259 d\u0259v\u0259t edib. Erm\u0259ni alimin \u201cs\u00fcbut\u201dlar\u0131n\u0131 t\u0259hlil ed\u0259n politoloq \u201cReport\u201da a\u00e7\u0131qlamas\u0131nda bildirib ki, erm\u0259ni tarix\u00e7i, elml\u0259r doktoru Stepan Stepanyants Qaraba\u011fda \u201cTiqranakert\u201din oldu\u011funu, \u201c\u018fliyevabad\u201d\u0131n is\u0259 olmad\u0131\u011f\u0131n\u0131 b\u0259yan etm\u0259kl\u0259 n\u00f6vb\u0259ti d\u0259f\u0259 Erm\u0259nistan\u0131n Qaraba\u011fa olan&hellip;","_links":{"self":[{"href":"https:\/\/arantv.az\/index.php?rest_route=\/wp\/v2\/posts\/504373"}],"collection":[{"href":"https:\/\/arantv.az\/index.php?rest_route=\/wp\/v2\/posts"}],"about":[{"href":"https:\/\/arantv.az\/index.php?rest_route=\/wp\/v2\/types\/post"}],"author":[{"embeddable":true,"href":"https:\/\/arantv.az\/index.php?rest_route=\/wp\/v2\/users\/2"}],"replies":[{"embeddable":true,"href":"https:\/\/arantv.az\/index.php?rest_route=%2Fwp%2Fv2%2Fcomments&post=504373"}],"version-history":[{"count":0,"href":"https:\/\/arantv.az\/index.php?rest_route=\/wp\/v2\/posts\/504373\/revisions"}],"wp:featuredmedia":[{"embeddable":true,"href":"https:\/\/arantv.az\/index.php?rest_route=\/wp\/v2\/media\/504374"}],"wp:attachment":[{"href":"https:\/\/arantv.az\/index.php?rest_route=%2Fwp%2Fv2%2Fmedia&parent=504373"}],"wp:term":[{"taxonomy":"category","embeddable":true,"href":"https:\/\/arantv.az\/index.php?rest_route=%2Fwp%2Fv2%2Fcategories&post=504373"},{"taxonomy":"post_tag","embeddable":true,"href":"https:\/\/arantv.az\/index.php?rest_route=%2Fwp%2Fv2%2Ftags&post=504373"}],"curies":[{"name":"wp","href":"https:\/\/api.w.org\/{rel}","templated":true}]}}