{"id":504388,"date":"2022-08-11T08:28:08","date_gmt":"2022-08-11T05:28:08","guid":{"rendered":"https:\/\/arantv.az\/?p=504388"},"modified":"2022-08-11T08:28:08","modified_gmt":"2022-08-11T05:28:08","slug":"az%c9%99rbaycan-turkiy%c9%99-h%c9%99m-dost-h%c9%99m-qardas-h%c9%99m-d%c9%99-mutt%c9%99fiq","status":"publish","type":"post","link":"https:\/\/arantv.az\/?p=504388","title":{"rendered":"Az\u0259rbaycan-T\u00fcrkiy\u0259: h\u0259m dost, h\u0259m qarda\u015f, h\u0259m d\u0259 m\u00fctt\u0259fiq"},"content":{"rendered":"<p>D\u00f6vl\u0259t ba\u015f\u00e7\u0131s\u0131 \u0130lham \u018fliyevin t\u00fcrkiy\u0259li h\u0259mkar\u0131 R\u0259c\u0259b Tayyib \u018frdo\u011fan\u0131n d\u0259v\u0259til\u0259 V \u0130slam H\u0259mr\u0259yliyi Oyunlar\u0131n\u0131n a\u00e7\u0131l\u0131\u015f m\u0259rasimind\u0259 i\u015ftirak\u0131 bunu bir daha t\u0259sdiql\u0259yir<\/p>\n<p>Haz\u0131rda Az\u0259rbaycan v\u0259 T\u00fcrkiy\u0259 aras\u0131nda qar\u015f\u0131l\u0131ql\u0131 f\u0259aliyy\u0259t t\u0259s\u0259vv\u00fcr oluna bil\u0259c\u0259k \u0259n y\u00fcks\u0259k s\u0259viyy\u0259d\u0259dir. Bu iki qarda\u015f \u00f6lk\u0259l\u0259r aras\u0131ndak\u0131 dostluq v\u0259 qarda\u015fl\u0131q m\u00fcnasib\u0259tl\u0259ri yaln\u0131z regional yox, h\u0259m d\u0259 beyn\u0259lxalq miqyasda b\u00fct\u00fcn d\u00f6vl\u0259tl\u0259r \u00fc\u00e7\u00fcn \u00f6n\u0259mli n\u00fcmun\u0259dir. Prezident \u0130lham \u018fliyev may\u0131n 28-d\u0259 Bak\u0131da ilk d\u0259f\u0259 ke\u00e7iril\u0259n \u201cTEKNOFEST Az\u0259rbaycan\u201d festival\u0131nda \u00e7\u0131x\u0131\u015f\u0131 zaman\u0131 b\u0259yan etdi ki, T\u00fcrkiy\u0259-Az\u0259rbaycan qarda\u015fl\u0131\u011f\u0131, birliyi xalqlar\u0131m\u0131z \u00fc\u00e7\u00fcn \u0259sas yol istiqam\u0259tidir, b\u00f6lg\u0259 \u00fc\u00e7\u00fcn, d\u00fcnya \u00fc\u00e7\u00fcn d\u0259 \u00e7ox \u00f6n\u0259mli amildir, t\u0259hl\u00fck\u0259sizlik, sabitlik amilidir. N\u0259 q\u0259d\u0259r T\u00fcrkiy\u0259 v\u0259 Az\u0259rbaycan bir yerd\u0259 inamla add\u0131mlasa, b\u00f6lg\u0259mizd\u0259 s\u00fclh v\u0259 bar\u0131\u015f o q\u0259d\u0259r d\u0259 m\u00f6hk\u0259m olacaqd\u0131r, dey\u0259n \u00f6lk\u0259 ba\u015f\u00e7\u0131s\u0131 vur\u011fulad\u0131 ki, bunu biz v\u0259 b\u00fct\u00fcn d\u00fcnya \u0130kinci Qaraba\u011f m\u00fcharib\u0259si zaman\u0131 g\u00f6rd\u00fck.<\/p>\n<p>Qarda\u015f T\u00fcrkiy\u0259 \u0259razil\u0259rimizin t\u0259cav\u00fczkar, monoetnik Erm\u0259nistan t\u0259r\u0259find\u0259n i\u015f\u011fal at\u0131nda saxlan\u0131ld\u0131\u011f\u0131, talan edildiyi 30 il\u0259 yax\u0131n d\u00f6vrd\u0259 b\u00fct\u00fcn beyn\u0259lxalq k\u00fcrs\u00fcl\u0259rd\u0259 Az\u0259rbaycan\u0131n haql\u0131 m\u00f6vqeyini m\u00fcdafi\u0259 etdi. Xat\u0131rladaq ki, m\u0259hz T\u00fcrkiy\u0259 \u0259razil\u0259rimizin i\u015f\u011fal\u0131na etiraz olaraq Erm\u0259nistanla s\u0259rh\u0259dl\u0259rini ba\u011flad\u0131 v\u0259 t\u0259zyiql\u0259r\u0259 baxmayaraq q\u0259rar\u0131ndan d\u00f6nm\u0259di. \u0130kinci Qaraba\u011f m\u00fcharib\u0259si d\u00f6vr\u00fcnd\u0259, 44 g\u00fcnl\u00fck Z\u0259f\u0259r salnam\u0259sinin yaz\u0131ld\u0131\u011f\u0131 g\u00fcnl\u0259rd\u0259 qarda\u015f \u00f6lk\u0259nin Prezident R\u0259c\u0259b Tayyib \u018frdo\u011fan ba\u015fda olmaqla 85 milyonluq T\u00fcrkiy\u0259 \u201cCan Az\u0259rbaycan!\u201d deyib bu d\u0259f\u0259 d\u0259 siyasi v\u0259 m\u0259n\u0259vi d\u0259st\u0259kl\u0259rini \u0259sirg\u0259m\u0259dil\u0259r. H\u0259min d\u00f6vrd\u0259 Az\u0259rbaycan v\u0259 T\u00fcrkiy\u0259nin siyasi-h\u0259rbi r\u0259hb\u0259rliyinin qar\u015f\u0131l\u0131ql\u0131 intensiv s\u0259f\u0259rl\u0259ri Erm\u0259nistanda qorxu yaratmaqla yana\u015f\u0131, h\u0259m\u00e7inin onun havadarlar\u0131na da siyasi mesaj idi. T\u0259cav\u00fczkar \u00f6lk\u0259 v\u0259 havadarlar\u0131 g\u00f6rd\u00fcl\u0259r ki, T\u00fcrkiy\u0259 h\u0259r zaman oldu\u011fu kimi, Az\u0259rbaycan\u0131n yan\u0131ndad\u0131r v\u0259 onun maraqlar\u0131n\u0131 sonad\u0259k m\u00fcdafi\u0259 ed\u0259c\u0259k.<\/p>\n<p>\u018fz\u0259li torpaqlar\u0131m\u0131z erm\u0259ni t\u0259cav\u00fcz\u00fcnd\u0259n azad olunandan az sonra\u00a0 h\u0259min \u0259razil\u0259rd\u0259 b\u00f6y\u00fck layih\u0259l\u0259rin icras\u0131na, yenid\u0259nqurma, b\u0259rpa v\u0259 quruculuq i\u015fl\u0259rin\u0259 ba\u015flan\u0131ld\u0131. Bu m\u0259rh\u0259l\u0259d\u0259 d\u0259 T\u00fcrkiy\u0259 Az\u0259rbaycan\u0131n yan\u0131nda idi. May\u0131n 14-d\u0259 Rize-Artvin Hava Liman\u0131n\u0131n a\u00e7\u0131l\u0131\u015f m\u0259rasimind\u0259 \u00e7\u0131x\u0131\u015f\u0131 zaman\u0131 Prezident \u0130lham \u018fliyev bildirdi ki, bu g\u00fcn d\u0259 biz bir yerd\u0259yik, Qaraba\u011f\u0131n b\u0259rpas\u0131 i\u015find\u0259 b\u0259rab\u0259r, \u00e7iyin-\u00e7iyin\u0259 \u00e7al\u0131\u015f\u0131r\u0131q: \u201cBir \u00e7ox T\u00fcrkiy\u0259 \u015firk\u0259tl\u0259ri, o c\u00fcml\u0259d\u0259n xar\u00fcq\u0259 adland\u0131r\u0131lan bu g\u00f6z\u0259l hava liman\u0131n\u0131 in\u015fa ed\u0259n \u015firk\u0259t d\u0259 Qaraba\u011fda b\u0259rpa i\u015fl\u0259ri il\u0259 m\u0259\u015f\u011fuldur. Bizim minl\u0259rl\u0259 t\u00fcrk qarda\u015f\u0131m\u0131z bu g\u00fcn Az\u0259rbaycanda Qaraba\u011f\u0131n b\u0259rpas\u0131 il\u0259 ba\u011fl\u0131 \u00f6z i\u015fini g\u00f6r\u00fcr, \u00f6z s\u00f6z\u00fcn\u00fc deyir\u201d.<\/p>\n<p>H\u0259m\u00e7inin \u00f6lk\u0259 ba\u015f\u00e7\u0131s\u0131 Qaraba\u011f\u0131n incisi \u015eu\u015fa \u015f\u0259h\u0259rind\u0259 birg\u0259 B\u0259yannam\u0259 imzalanmas\u0131 il\u0259 dostluq, qarda\u015fl\u0131q m\u00fcnasib\u0259tl\u0259rinin r\u0259sm\u0259n m\u00fctt\u0259fiqlik s\u0259viyy\u0259sin\u0259 y\u00fcks\u0259lm\u0259sini d\u0259 x\u00fcsusi olaraq vur\u011fulad\u0131: \u201cBiz d\u00fcnya miqyas\u0131nda bir-birin\u0259 \u0259n yax\u0131n \u00f6lk\u0259l\u0259rik v\u0259 \u00f6lk\u0259l\u0259rimiz \u00e7ox b\u00f6y\u00fck s\u0131naqlardan ke\u00e7ibdir. Ke\u00e7\u0259n il bizim q\u0259dim v\u0259 tarixi \u015f\u0259h\u0259rimizd\u0259 &#8211; \u015eu\u015fa \u015f\u0259h\u0259rind\u0259 T\u00fcrkiy\u0259 il\u0259 Az\u0259rbaycan aras\u0131nda Birg\u0259 B\u0259yannam\u0259nin imzalanmas\u0131 bizim \u0259laq\u0259l\u0259rimizi m\u00fctt\u0259fiqlik s\u0259viyy\u0259sin\u0259 qald\u0131rd\u0131. Biz h\u0259m dostuq, h\u0259m qarda\u015f\u0131q, h\u0259m d\u0259 art\u0131q r\u0259sm\u0259n m\u00fctt\u0259fiqik. Bu siyas\u0259t biz\u0259 atalar\u0131m\u0131zdan qalan mirasd\u0131r, atalar\u0131m\u0131z\u0131n v\u0259siyy\u0259tidir v\u0259 biz bu v\u0259siyy\u0259t\u0259 sadiqik\u201d.<\/p>\n<p>H\u0259m\u00e7inin d\u00f6vl\u0259t ba\u015f\u00e7\u0131s\u0131 \u0130lham \u018fliyev \u015eu\u015fada R\u0259c\u0259b Tayyib \u018frdo\u011fanla ke\u00e7irdiyi birg\u0259 m\u0259tbuat konfrans\u0131nda \u00f6lk\u0259l\u0259rimiz aras\u0131ndak\u0131 bu qarda\u015fl\u0131\u011f\u0131 bel\u0259 \u015f\u0259rh etdi: \u201c\u0130mzalanm\u0131\u015f B\u0259yannam\u0259 tarix\u0259 \u0259saslan\u0131r. B\u0259yannam\u0259d\u0259 xalqlar\u0131m\u0131z\u0131n b\u00f6y\u00fck liderl\u0259ri, \u00f6nd\u0259rl\u0259ri Mustafa Kamal Atat\u00fcrk\u00fcn v\u0259 Heyd\u0259r \u018fliyevin k\u0259lamlar\u0131 \u00f6z \u0259ksini tap\u0131b. XX \u0259srin \u0259vv\u0259ll\u0259rind\u0259 Mustafa Kamal Atat\u00fcrk demi\u015fdir: \u201cAz\u0259rbaycan\u0131n sevinci sevincimiz, k\u0259d\u0259ri k\u0259d\u0259rimizdir\u201d. XX \u0259srin sonlar\u0131nda Heyd\u0259r \u018fliyev demi\u015fdir: \u201cT\u00fcrkiy\u0259 v\u0259 Az\u0259rbaycan bir mill\u0259t, iki d\u00f6vl\u0259tdir\u201d. Bu tarixi s\u00f6zl\u0259r, k\u0259lamlar bizim f\u0259aliyy\u0259timiz \u00fc\u00e7\u00fcn \u0259sas amildir. Biz bu v\u0259siyy\u0259t\u0259 sadiqik v\u0259 XXI \u0259srd\u0259 azad edilmi\u015f \u015eu\u015fada M\u00fctt\u0259fiqlik B\u0259yannam\u0259sini imzalayark\u0259n \u0259cdadlar\u0131m\u0131za sadiqliyimizi n\u00fcmayi\u015f etdiririk v\u0259 g\u0259l\u0259c\u0259k n\u0259sill\u0259r\u0259 yol g\u00f6st\u0259ririk\u201d.<\/p>\n<p>2022-ci il fevral\u0131n 23-d\u0259 Prezident \u0130lham \u018fliyev TASS agentliyind\u0259 Rusiyan\u0131n apar\u0131c\u0131 K\u0130V-l\u0259rinin r\u0259hb\u0259rl\u0259ri il\u0259 g\u00f6r\u00fc\u015f\u00fc zaman\u0131 \u201cNezavisimaya qazeta\u201dn\u0131n ba\u015f redaktoru Konstantin Rem\u00e7ukov sual \u00fcnvanlayaraq d\u00f6vl\u0259t ba\u015f\u00e7\u0131s\u0131ndan Az\u0259rbaycan-T\u00fcrkiy\u0259 m\u00fcnasib\u0259tl\u0259rini s\u0259ciyy\u0259l\u0259ndirm\u0259yi xahi\u015f etdi. Prezident \u0130lham \u018fliyev cavab\u0131nda \u015eu\u015fa B\u0259yannam\u0259sini xat\u0131rladaraq bildirdi ki, bu da bizim malik olduqlar\u0131m\u0131z\u0131n formalla\u015fd\u0131r\u0131lmas\u0131 idi:\u00a0 \u201c \u00c7\u00fcnki Az\u0259rbaycan v\u0259 T\u00fcrkiy\u0259 aras\u0131nda m\u00fctt\u0259fiqlik m\u00fcnasib\u0259tl\u0259ri birinci il deyildi ki, m\u00f6vcud idi. T\u00fcrkiy\u0259 Az\u0259rbaycan\u0131 m\u00fcst\u0259qil d\u00f6vl\u0259t kimi tan\u0131yan ilk \u00f6lk\u0259 idi. Biz m\u00fcst\u0259qil d\u00f6vl\u0259t kimi \u0259n birinci add\u0131mlardan T\u00fcrkiy\u0259 t\u0259r\u0259find\u0259n m\u0259n\u0259vi d\u0259st\u0259yi hiss etdik. Son ill\u0259r \u0259rzind\u0259 Prezident \u018frdo\u011fan\u0131n prezidentliyi d\u00f6vr\u00fcnd\u0259 v\u0259 m\u0259nim d\u00f6vr\u00fcmd\u0259, &#8211; bu d\u00f6vrl\u0259r \u00fcmumilikd\u0259 daha \u00e7ox \u00fcst-\u00fcst\u0259 d\u00fc\u015f\u00fcr, &#8211; biz faydal\u0131 \u0259m\u0259kda\u015fl\u0131q f\u0259aliyy\u0259timizin \u0259msal\u0131n\u0131 \u0259h\u0259miyy\u0259tli \u015f\u0259kild\u0259 art\u0131rm\u0131\u015f\u0131q. Bel\u0259 bir misal \u00e7\u0259kim: Az\u0259rbaycan T\u00fcrkiy\u0259 iqtisadiyyat\u0131na 19 milyard dollar, T\u00fcrkiy\u0259 is\u0259 Az\u0259rbaycana 13 milyard dollar s\u0259rmay\u0259 qoyub. Podrat\u00e7\u0131 kimi T\u00fcrkiy\u0259 \u015firk\u0259tl\u0259ri t\u0259r\u0259find\u0259n icra olunan \u00e7oxlu infrastruktur layih\u0259l\u0259ri var\u201d. Prezident \u0130lham \u018fliyev h\u0259r zaman \u00e7\u0131x\u0131\u015flar\u0131nda T\u00fcrkiy\u0259-Az\u0259rbaycan \u0259laq\u0259l\u0259rinin dostluq, qarda\u015fl\u0131q m\u00fcnasib\u0259tl\u0259rind\u0259n \u0259lav\u0259, m\u00fctt\u0259fiqlik s\u0259viyy\u0259sin\u0259 y\u00fcks\u0259lm\u0259sini x\u00fcsusil\u0259 diqq\u0259t\u0259 \u00e7atd\u0131r\u0131r.<\/p>\n<p>T\u00fcrkiy\u0259 Prezidenti R\u0259c\u0259b Tayyib \u018frdo\u011fan Az\u0259rbaycan-T\u00fcrkiy\u0259 qarda\u015fl\u0131\u011f\u0131n\u0131, h\u0259r iki \u00f6lk\u0259 aras\u0131ndak\u0131 m\u00fcnasib\u0259tl\u0259ri bel\u0259 \u015f\u0259rh edib: \u201c Enerjid\u0259n m\u0259d\u0259niyy\u0259t\u0259, m\u00fcdafi\u0259d\u0259n ticari, iqtisadi v\u0259 b\u0259\u015f\u0259ri m\u00fcnasib\u0259tl\u0259r\u0259 q\u0259d\u0259r uzanan geni\u015f bir sah\u0259d\u0259 g\u00fccl\u00fc \u0259m\u0259kda\u015fl\u0131qlar qurduq\u201d.<\/p>\n<p>Avqustun 9-da Az\u0259rbaycan Respublikas\u0131n\u0131n Prezidenti \u0130lham \u018fliyev T\u00fcrkiy\u0259 Respublikas\u0131n\u0131n Prezidenti R\u0259c\u0259b Tayyib \u018frdo\u011fan\u0131n d\u0259v\u0259ti il\u0259 T\u00fcrkiy\u0259y\u0259 i\u015fg\u00fczar s\u0259f\u0259rd\u0259 olub. Konya \u015f\u0259h\u0259rind\u0259 Prezident \u0130lham \u018fliyev il\u0259 T\u00fcrkiy\u0259 Prezidenti R\u0259c\u0259b Tayyib \u018frdo\u011fan aras\u0131nda g\u00f6r\u00fc\u015f zaman\u0131 \u00f6lk\u0259l\u0259rimiz aras\u0131nda dostluq, qarda\u015fl\u0131q v\u0259 m\u00fctt\u0259fiqlik \u0259laq\u0259l\u0259rinin b\u00fct\u00fcn sah\u0259l\u0259rd\u0259 u\u011furla inki\u015faf etdiyi m\u0259mnunluqla vur\u011fulan\u0131b. R\u0259c\u0259b Tayyib \u018frdo\u011fan Qaraba\u011fdak\u0131 son hadis\u0259l\u0259rl\u0259 \u0259laq\u0259dar bir daha T\u00fcrkiy\u0259nin d\u0259st\u0259yini ifad\u0259 etdi v\u0259 \u015f\u0259hidl\u0259rl\u0259 ba\u011fl\u0131 ba\u015fsa\u011fl\u0131\u011f\u0131 verib. G\u00f6r\u00fc\u015fd\u0259, h\u0259m\u00e7inin b\u00f6lg\u0259d\u0259 postm\u00fcnaqi\u015f\u0259 d\u00f6vr\u00fc il\u0259 ba\u011fl\u0131 fikir m\u00fcbadil\u0259si apar\u0131ld\u0131, eyni zamanda, iqtisadi, enerji, n\u0259qliyyat v\u0259 h\u0259rbi sah\u0259l\u0259rd\u0259 \u0259m\u0259kda\u015fl\u0131q m\u0259s\u0259l\u0259l\u0259ri m\u00fczakir\u0259 olunub.<\/p>\n<p>M\u00fct\u0259madi h\u0259yata ke\u00e7iril\u0259n s\u0259f\u0259rl\u0259r, t\u0259\u015fkil olunan beyn\u0259lxalq s\u0259viyy\u0259li t\u0259dbirl\u0259r, icra olunan layih\u0259l\u0259r v\u0259 h\u0259r iki \u00f6lk\u0259nin d\u00f6vl\u0259t ba\u015f\u00e7\u0131lar\u0131n\u0131n, el\u0259c\u0259 d\u0259 r\u0259smil\u0259rin\u00a0 nitql\u0259ri s\u00fcbut edir ki, bu g\u00fcn Az\u0259rbaycan-T\u00fcrkiy\u0259 qarda\u015fl\u0131q, dostluq v\u0259 s\u0131x \u0259m\u0259kda\u015fl\u0131q m\u00fcnasib\u0259tl\u0259ri y\u00fcks\u0259k s\u0259viyy\u0259d\u0259dir.<\/p>\n","protected":false},"excerpt":{"rendered":"<p>D\u00f6vl\u0259t ba\u015f\u00e7\u0131s\u0131 \u0130lham \u018fliyevin t\u00fcrkiy\u0259li h\u0259mkar\u0131 R\u0259c\u0259b Tayyib \u018frdo\u011fan\u0131n d\u0259v\u0259til\u0259 V \u0130slam H\u0259mr\u0259yliyi Oyunlar\u0131n\u0131n a\u00e7\u0131l\u0131\u015f m\u0259rasimind\u0259 i\u015ftirak\u0131 bunu bir daha t\u0259sdiql\u0259yir Haz\u0131rda Az\u0259rbaycan v\u0259 T\u00fcrkiy\u0259 aras\u0131nda qar\u015f\u0131l\u0131ql\u0131 f\u0259aliyy\u0259t t\u0259s\u0259vv\u00fcr oluna bil\u0259c\u0259k \u0259n y\u00fcks\u0259k s\u0259viyy\u0259d\u0259dir. Bu iki qarda\u015f \u00f6lk\u0259l\u0259r aras\u0131ndak\u0131 dostluq v\u0259 qarda\u015fl\u0131q m\u00fcnasib\u0259tl\u0259ri yaln\u0131z regional yox, h\u0259m d\u0259 beyn\u0259lxalq miqyasda b\u00fct\u00fcn d\u00f6vl\u0259tl\u0259r \u00fc\u00e7\u00fcn \u00f6n\u0259mli n\u00fcmun\u0259dir. Prezident \u0130lham \u018fliyev may\u0131n 28-d\u0259 Bak\u0131da ilk d\u0259f\u0259 ke\u00e7iril\u0259n \u201cTEKNOFEST Az\u0259rbaycan\u201d festival\u0131nda \u00e7\u0131x\u0131\u015f\u0131 zaman\u0131 b\u0259yan etdi ki, T\u00fcrkiy\u0259-Az\u0259rbaycan qarda\u015fl\u0131\u011f\u0131, birliyi xalqlar\u0131m\u0131z \u00fc\u00e7\u00fcn \u0259sas yol istiqam\u0259tidir, b\u00f6lg\u0259 \u00fc\u00e7\u00fcn, d\u00fcnya \u00fc\u00e7\u00fcn d\u0259 \u00e7ox \u00f6n\u0259mli amildir, t\u0259hl\u00fck\u0259sizlik, sabitlik&hellip;<\/p>\n","protected":false},"author":2,"featured_media":504389,"comment_status":"closed","ping_status":"closed","sticky":false,"template":"","format":"standard","meta":{"om_disable_all_campaigns":false,"_monsterinsights_skip_tracking":false,"_monsterinsights_sitenote_active":false,"_monsterinsights_sitenote_note":"","_monsterinsights_sitenote_category":0},"categories":[8],"tags":[],"aioseo_notices":[],"gutentor_comment":0,"rttpg_featured_image_url":{"full":["https:\/\/arantv.az\/wp-content\/uploads\/2022\/08\/068004fe166014275879612446710196296.jpg",975,540,false],"landscape":["https:\/\/arantv.az\/wp-content\/uploads\/2022\/08\/068004fe166014275879612446710196296.jpg",975,540,false],"portraits":["https:\/\/arantv.az\/wp-content\/uploads\/2022\/08\/068004fe166014275879612446710196296.jpg",975,540,false],"thumbnail":["https:\/\/arantv.az\/wp-content\/uploads\/2022\/08\/068004fe166014275879612446710196296-500x280.jpg",500,280,true],"medium":["https:\/\/arantv.az\/wp-content\/uploads\/2022\/08\/068004fe166014275879612446710196296-660x365.jpg",660,365,true],"large":["https:\/\/arantv.az\/wp-content\/uploads\/2022\/08\/068004fe166014275879612446710196296-840x465.jpg",640,354,true],"1536x1536":["https:\/\/arantv.az\/wp-content\/uploads\/2022\/08\/068004fe166014275879612446710196296.jpg",975,540,false],"2048x2048":["https:\/\/arantv.az\/wp-content\/uploads\/2022\/08\/068004fe166014275879612446710196296.jpg",975,540,false],"post-thumbnail":["https:\/\/arantv.az\/wp-content\/uploads\/2022\/08\/068004fe166014275879612446710196296-240x172.jpg",240,172,true],"advps-thumb-one":["https:\/\/arantv.az\/wp-content\/uploads\/2022\/08\/068004fe166014275879612446710196296.jpg",975,540,false]},"rttpg_author":{"display_name":"V\u00fcsal Rafiqo\u011flu","author_link":"https:\/\/arantv.az\/?author=2"},"rttpg_comment":0,"rttpg_category":"<a href=\"https:\/\/arantv.az\/?cat=8\" rel=\"category\">\u018fsas s\u0259hif\u0259<\/a>","rttpg_excerpt":"D\u00f6vl\u0259t ba\u015f\u00e7\u0131s\u0131 \u0130lham \u018fliyevin t\u00fcrkiy\u0259li h\u0259mkar\u0131 R\u0259c\u0259b Tayyib \u018frdo\u011fan\u0131n d\u0259v\u0259til\u0259 V \u0130slam H\u0259mr\u0259yliyi Oyunlar\u0131n\u0131n a\u00e7\u0131l\u0131\u015f m\u0259rasimind\u0259 i\u015ftirak\u0131 bunu bir daha t\u0259sdiql\u0259yir Haz\u0131rda Az\u0259rbaycan v\u0259 T\u00fcrkiy\u0259 aras\u0131nda qar\u015f\u0131l\u0131ql\u0131 f\u0259aliyy\u0259t t\u0259s\u0259vv\u00fcr oluna bil\u0259c\u0259k \u0259n y\u00fcks\u0259k s\u0259viyy\u0259d\u0259dir. Bu iki qarda\u015f \u00f6lk\u0259l\u0259r aras\u0131ndak\u0131 dostluq v\u0259 qarda\u015fl\u0131q m\u00fcnasib\u0259tl\u0259ri yaln\u0131z regional yox, h\u0259m d\u0259 beyn\u0259lxalq miqyasda b\u00fct\u00fcn d\u00f6vl\u0259tl\u0259r \u00fc\u00e7\u00fcn \u00f6n\u0259mli n\u00fcmun\u0259dir.&hellip;","_links":{"self":[{"href":"https:\/\/arantv.az\/index.php?rest_route=\/wp\/v2\/posts\/504388"}],"collection":[{"href":"https:\/\/arantv.az\/index.php?rest_route=\/wp\/v2\/posts"}],"about":[{"href":"https:\/\/arantv.az\/index.php?rest_route=\/wp\/v2\/types\/post"}],"author":[{"embeddable":true,"href":"https:\/\/arantv.az\/index.php?rest_route=\/wp\/v2\/users\/2"}],"replies":[{"embeddable":true,"href":"https:\/\/arantv.az\/index.php?rest_route=%2Fwp%2Fv2%2Fcomments&post=504388"}],"version-history":[{"count":0,"href":"https:\/\/arantv.az\/index.php?rest_route=\/wp\/v2\/posts\/504388\/revisions"}],"wp:featuredmedia":[{"embeddable":true,"href":"https:\/\/arantv.az\/index.php?rest_route=\/wp\/v2\/media\/504389"}],"wp:attachment":[{"href":"https:\/\/arantv.az\/index.php?rest_route=%2Fwp%2Fv2%2Fmedia&parent=504388"}],"wp:term":[{"taxonomy":"category","embeddable":true,"href":"https:\/\/arantv.az\/index.php?rest_route=%2Fwp%2Fv2%2Fcategories&post=504388"},{"taxonomy":"post_tag","embeddable":true,"href":"https:\/\/arantv.az\/index.php?rest_route=%2Fwp%2Fv2%2Ftags&post=504388"}],"curies":[{"name":"wp","href":"https:\/\/api.w.org\/{rel}","templated":true}]}}