{"id":504392,"date":"2022-08-11T08:29:54","date_gmt":"2022-08-11T05:29:54","guid":{"rendered":"https:\/\/arantv.az\/?p=504392"},"modified":"2022-08-11T08:29:54","modified_gmt":"2022-08-11T05:29:54","slug":"lal-ol-danisma","status":"publish","type":"post","link":"https:\/\/arantv.az\/?p=504392","title":{"rendered":"Lal ol! Dan\u0131\u015fma!"},"content":{"rendered":"<p><em><strong>Hakimiyy\u0259td\u0259 olduqlar\u0131 m\u00fcdd\u0259td\u0259 hay-k\u00fcyl\u0259ri il\u0259 \u00f6zl\u0259rini i\u015f g\u00f6r\u0259n kimi\u00a0 g\u00f6st\u0259r\u0259n AXC-M\u00fcsavat c\u00fctl\u00fcy\u00fcn\u00fcn t\u00f6r-t\u00f6k\u00fcnt\u00fcl\u0259rinin laz\u0131m olmayan m\u0259qamlarda istifad\u0259 etdikl\u0259ri metod<\/strong><\/em><\/p>\n<p>\u0130qtidarda olduqlar\u0131 q\u0131sa m\u00fcdd\u0259td\u0259\u00a0 Az\u0259rbaycan\u0131 iflic v\u0259ziyy\u0259tin\u0259 salan, \u00f6lk\u0259d\u0259 \u00f6zba\u015f\u0131nal\u0131q yaradan, xalqa m\u0259xsus d\u00f6vl\u0259t s\u0259rv\u0259tl\u0259rini sat\u0131b, \u015f\u0259xsi b\u00fcdc\u0259l\u0259rini\u00a0 z\u0259nginl\u0259\u015fdir\u0259n\u00a0 Xalq C\u0259bh\u0259si-M\u00fcsavat c\u00fctl\u00fcy\u00fcn\u00fcn x\u0259yan\u0259tkarlar\u0131n\u0131n \u0259li silahl\u0131 quldurlar\u0131 insanlar\u0131 incidir, i\u015fg\u0259nc\u0259l\u0259r verirdil\u0259r. \u00d6zl\u0259rini demokrat adland\u0131ran bu \u00fcns\u00fcrl\u0259rin s\u0259ri\u015ft\u0259sizlikl\u0259ri \u00fcz\u00fcnd\u0259n \u00a0\u00e7\u00f6r\u0259k q\u0131tl\u0131\u011f\u0131 bel\u0259 \u00a0yaranm\u0131\u015fd\u0131. AXC-M\u00fcsavat c\u00fctl\u00fcy\u00fc d\u00f6vr\u00fcnd\u0259 \u00a0xarici s\u0259firl\u0259r prezidentin kabinetinin qap\u0131s\u0131n\u0131 ayaqlar\u0131 il\u0259 a\u00e7\u0131rd\u0131lar, ad\u0131 d\u00f6vl\u0259t ba\u015f\u00e7\u0131s\u0131 olsa da, idar\u0259\u00e7ilik t\u0259cr\u00fcb\u0259si olmayan ba\u015f\u00e7\u0131ya g\u00f6st\u0259ri\u015fl\u0259r verirdil\u0259r. X\u0259zin\u0259si bo\u015f olan respublikaya<br \/>\nkredit ver\u0259n bel\u0259 yox idi. Qanunlar\u0131n i\u015fl\u0259m\u0259diyi,\u00a0 insan h\u00fcquqlar\u0131n\u0131n qorunmad\u0131\u011f\u0131 \u00f6lk\u0259d\u0259 o\u011furluq, talan\u00e7\u0131l\u0131q ba\u015f al\u0131b gedirdi. Torpaqlar\u0131n Erm\u0259nistan t\u0259r\u0259find\u0259n i\u015f\u011fal\u0131n\u0131 unudan \u00abdemokratlar\u0131n\u00bb s\u0259bats\u0131zl\u0131\u011f\u0131 \u00fcz\u00fcnd\u0259n\u00a0 \u00f6lk\u0259d\u0259 yaranan\u00a0 qar\u015f\u0131durma\u00a0 v\u0259t\u0259nda\u015f m\u00fcharib\u0259sinin ba\u015flanmas\u0131 \u00fc\u00e7\u00fcn q\u0131\u011f\u0131lc\u0131m idi. Hakimiyy\u0259t daxilind\u0259ki \u00e7\u0259ki\u015fm\u0259l\u0259r, kreslo u\u011frunda\u00a0 davam ed\u0259n intriqalar\u00a0 Az\u0259rbaycan\u0131n varl\u0131\u011f\u0131n\u0131,\u00a0 xalq\u0131n taleyini arxa plana ke\u00e7irmi\u015fdi.<\/p>\n<p>O d\u00f6vrd\u0259 Az\u0259rbaycanda ba\u015f ver\u0259n\u00a0\u00a0 h\u0259rc-m\u0259rcliyi \u00abK\u0259lb\u0259c\u0259r 1993-c\u00fc ilin aprel ay\u0131nda i\u015f\u011fal alt\u0131na d\u00fc\u015fm\u00fc\u015fd\u00fc. O vaxt hakimiyy\u0259td\u0259 olan AXC-M\u00fcsavat x\u0259yan\u0259tkar c\u00fctl\u00fcy\u00fc K\u0259lb\u0259c\u0259ri n\u0259inki m\u00fcdafi\u0259 etmirdi, h\u0259tta K\u0259lb\u0259c\u0259ri qurban verm\u0259y\u0259 haz\u0131r idi, bunu da etdi. Ondan \u0259vv\u0259l La\u00e7\u0131n v\u0259 \u015eu\u015fa i\u015f\u011fal alt\u0131na d\u00fc\u015fd\u00fc v\u0259 K\u0259lb\u0259c\u0259rin i\u015f\u011fal alt\u0131na d\u00fc\u015fm\u0259si erm\u0259nil\u0259rin planlar\u0131nda idi. AXC-M\u00fcsavat hakimiyy\u0259ti talan\u00e7\u0131l\u0131qla, soy\u011fun\u00e7uluqla m\u0259\u015f\u011ful olurdu, orduya, ordu t\u0259chizat\u0131na fikir vermirdi, bu b\u00f6lg\u0259d\u0259 ya\u015fayan insanlara fikir vermirdi, onlara bigan\u0259 yana\u015f\u0131rd\u0131 v\u0259 K\u0259lb\u0259c\u0259r i\u015f\u011fal alt\u0131na d\u00fc\u015fd\u00fc. Bel\u0259likl\u0259, Erm\u0259nistan \u00f6z arzular\u0131na, \u00e7ox\u0259srlik arzular\u0131na \u00e7atd\u0131 ki, Qaraba\u011fla, &#8211; o zaman \u00abDa\u011fl\u0131q Qaraba\u011f\u00bb\u201d adland\u0131r\u0131l\u0131rd\u0131, &#8211; bu b\u00f6lg\u0259 il\u0259 Erm\u0259nistan aras\u0131nda canl\u0131 ba\u011flant\u0131 olsun. K\u0259lb\u0259c\u0259r, La\u00e7\u0131n da\u011flar\u0131 bu ba\u011flant\u0131n\u0131n qaba\u011f\u0131n\u0131 alm\u0131\u015fd\u0131. K\u0259lb\u0259c\u0259rin itirilm\u0259si strateji n\u00f6qteyi-n\u0259z\u0259rd\u0259n b\u00f6y\u00fck faci\u0259 idi. Eyni zamanda, burada ya\u015fayan insanlar\u0131n bir \u00e7oxu erm\u0259nil\u0259r t\u0259r\u0259find\u0259n \u00f6ld\u00fcr\u00fcl\u00fcb, buradan \u00e7\u0131xa bil\u0259n insanlar\u0131n bir \u00e7oxu Murov da\u011flar\u0131nda donub v\u0259 h\u0259yatlar\u0131n\u0131 itirib\u00bb s\u00f6zl\u0259ri il\u0259 xarakteriz\u0259 ed\u0259n Prezident \u0130lham \u018fliyevin vur\u011fulad\u0131\u011f\u0131 kimi, insanlar\u0131n taleyi\u00a0 o d\u00f6vr\u00fcn iqtidar\u0131 \u00fc\u00e7\u00fcn \u00f6n\u0259mli deyildi. K\u0259lb\u0259c\u0259rin i\u015f\u011fal\u0131ndan sonra Erm\u0259nistanla \u0259laq\u0259sini k\u0259s\u0259n T\u00fcrkiy\u0259d\u0259n f\u0259rqli olaraq \u00ab c\u0259bh\u0259\u00e7il\u0259r\u00bb i\u015f\u011fal\u00e7\u0131 \u00f6lk\u0259y\u0259 yanacaq satmaq klanlar\u0131n\u0131 dayand\u0131rmad\u0131lar<\/p>\n<p>Sadalanan bu faktlar\u0131 \u0259b\u0259s yer\u0259 xat\u0131rlatmad\u0131q.\u00a0 \u015eu\u015fan\u0131n, La\u00e7\u0131n\u0131n, K\u0259lb\u0259c\u0259rin\u00a0 Erm\u0259nistan t\u0259r\u0259find\u0259n i\u015f\u011fal\u0131 \u00fc\u00e7\u00fcn \u015f\u0259rait yaradan, torpaq t\u0259\u0259ss\u00fcb\u00fcn\u00fc, v\u0259t\u0259nda\u015fl\u0131q m\u00f6vqeyini itir\u0259n AXC-M\u00fcsavat iqtidar\u0131n\u0131n \u00a0\u00a0t\u00f6r-t\u00f6k\u00fcnt\u00fcl\u0259ri\u00a0 Az\u0259rbaycan\u0131n V\u0259t\u0259n m\u00fcharib\u0259sind\u0259 qazand\u0131\u011f\u0131 Q\u0259l\u0259b\u0259ni\u00a0 n\u0259inki \u00a0\u00a0susqunluqla qar\u015f\u0131lad\u0131lar, h\u0259tta erm\u0259nil\u0259r kimi m\u0259yus oldular. \u0130\u015f\u011faldan azad olunan torpaqlarda apar\u0131lan b\u0259rpa-quruculuq i\u015fl\u0259ri,\u00a0 A\u011fal\u0131ya qay\u0131d\u0131\u015f bel\u0259 onlar\u0131n itirilmi\u015f vicdanlar\u0131n\u0131 oyatmad\u0131.<\/p>\n<p>Amma Az\u0259rbaycan\u0131n \u0259leyhin\u0259 dan\u0131\u015fmaq laz\u0131m g\u0259l\u0259nd\u0259 s\u0259sl\u0259ri ucadan e\u015fidilir. B\u00fct\u00fcn d\u00fcnyan\u0131n, q\u00fcdr\u0259tli d\u00f6vl\u0259tl\u0259rin\u00a0 \u00f6lk\u0259mizin u\u011furlar\u0131n\u0131 etiraf etdiyi, \u0259m\u0259kda\u015fl\u0131q m\u00fcnasib\u0259tl\u0259rinin geni\u015fl\u0259ndiyi indiki zamanda bel\u0259\u00a0 Az\u0259rbaycan \u0259leyhin\u0259 t\u0259xribatlar\u0131ndan \u0259l \u00e7\u0259kmirl\u0259r.\u00a0 AXCP s\u0259dri \u018fli K\u0259rimlinin t\u0259xribat ma\u015f\u0131n\u0131 olan xarici \u00f6lk\u0259l\u0259rd\u0259ki antimillil\u0259ri \u00abislahat\u00e7\u0131 s\u0259drin\u00bb g\u00f6st\u0259ri\u015fl\u0259rin\u0259 uy\u011fun \u00abqara piar\u00bblar\u0131n\u0131 davam etdirirl\u0259r.<\/p>\n<p>AXC- M\u00fcsvat iqtidar\u0131 d\u00f6vr\u00fcnd\u0259\u00a0 d\u00fcnyadan t\u0259crid olunmu\u015f d\u00f6vl\u0259t kimi tan\u0131nan \u00a0Az\u0259rbaycan indi \u00a0Prezident,\u00a0 Ali Ba\u015f Komandan\u00a0 \u0130lham \u018fliyevin \u00a0irad\u0259si, q\u0259tiyy\u0259ti say\u0259sind\u0259\u00a0 siyasi, iqtisadi platformaya \u00e7evrilib. Respublikam\u0131zda ke\u00e7iril\u0259n biri-birind\u0259n \u0259h\u0259miyy\u0259tli t\u0259dbirl\u0259rd\u0259, konfranslarda i\u015ftirak ed\u0259n xarici qonaqlar\u0131n heyr\u0259tl\u0259 izl\u0259dikl\u0259ri Az\u0259rbaycan reall\u0131qlar\u0131 antimilli \u00fcns\u00fcrl\u0259r\u0259 \u00e7atm\u0131r. Buna g\u00f6r\u0259 d\u0259 xarici \u00f6lk\u0259l\u0259rd\u0259 onlar\u0131 yeml\u0259y\u0259nl\u0259rin \u0259lind\u0259 vasit\u0259 olan milli x\u0259yan\u0259tkarlar\u0131n\u00a0\u00a0 s\u00f6zl\u0259rin\u0259 \u0259h\u0259miyy\u0259t verilmir.\u00a0 1993-c\u00fc ild\u0259\u00a0 Erm\u0259nistana t\u0259hvil verdikl\u0259ri, \u0130kinci Qaraba\u011f m\u00fcharib\u0259sind\u0259\u00a0 Ali Ba\u015f Komandan \u0130lham \u018fliyevin ba\u015f\u00e7\u0131l\u0131\u011f\u0131 il\u0259\u00a0 Milli Ordumuz t\u0259r\u0259find\u0259n azad edil\u0259n\u00a0 K\u0259lb\u0259c\u0259rin \u00a0son g\u00fcnl\u0259rd\u0259\u00a0 davaml\u0131 at\u0259\u015f\u0259 tutulmas\u0131n\u0131 da\u00a0 erm\u0259nisayaq qar\u015f\u0131layan \u018fli K\u0259rimli kimi onun himay\u0259sind\u0259 olan \u00abMilli \u015eura\u00bbn\u0131n antimillil\u0259ri yen\u0259 d\u0259\u00a0 \u00abLal ol! Dan\u0131\u015fma!\u00bb siyas\u0259tl\u0259rin\u0259 sadiqdirl\u0259r.<\/p>\n<p>\u018fslind\u0259 onlar\u0131n dan\u0131\u015fmas\u0131na ehtiyac da yoxdur.\u00a0 Prezident \u0130lham \u018fliyevin \u0259traf\u0131nda birl\u0259\u015f\u0259n\u00a0 Az\u0259rbaycan xalq\u0131n\u0131n d\u00fcnyaya yay\u0131lan gur s\u0259si m\u00fcqabilind\u0259\u00a0 bel\u0259 x\u0259yan\u0259tkarlara \u0259h\u0259miyy\u0259t ver\u0259n olmad\u0131\u011f\u0131 kimi, dedikl\u0259rin\u0259 d\u0259 inanan\u00a0 yoxdur. Bu g\u00fcn b\u00fct\u00fcn d\u00fcnya d\u00f6vl\u0259tl\u0259ri\u00a0 Az\u0259rbaycanla \u0259m\u0259kda\u015fl\u0131qda daha \u00e7ox maraql\u0131d\u0131r.\u00a0 N\u0259inki bel\u0259 satq\u0131nlar\u0131n yalanlar\u0131n\u0131 dinl\u0259m\u0259y\u0259.\u00a0\u00a0 Qalib Milli Ordumuzun r\u0259\u015fad\u0259tinin d\u00fcnyada heyr\u0259tl\u0259 izl\u0259nildiyi\u00a0 bir m\u0259qamda erm\u0259nil\u0259ri d\u0259st\u0259kl\u0259y\u0259n antimillil\u0259rin dan\u0131\u015fmas\u0131 il\u0259 susmas\u0131n\u0131n f\u0259rqi yoxdur. Buna g\u00f6r\u0259 d\u0259\u00a0 \u018fli K\u0259rimlinin formala\u015fd\u0131rd\u0131\u011f\u0131\u00a0 x\u0259yan\u0259tkarlar\u0131n varl\u0131\u011f\u0131 il\u0259 yoxluqlar\u0131 da\u00a0 bilinmir.<\/p>\n","protected":false},"excerpt":{"rendered":"<p>Hakimiyy\u0259td\u0259 olduqlar\u0131 m\u00fcdd\u0259td\u0259 hay-k\u00fcyl\u0259ri il\u0259 \u00f6zl\u0259rini i\u015f g\u00f6r\u0259n kimi\u00a0 g\u00f6st\u0259r\u0259n AXC-M\u00fcsavat c\u00fctl\u00fcy\u00fcn\u00fcn t\u00f6r-t\u00f6k\u00fcnt\u00fcl\u0259rinin laz\u0131m olmayan m\u0259qamlarda istifad\u0259 etdikl\u0259ri metod \u0130qtidarda olduqlar\u0131 q\u0131sa m\u00fcdd\u0259td\u0259\u00a0 Az\u0259rbaycan\u0131 iflic v\u0259ziyy\u0259tin\u0259 salan, \u00f6lk\u0259d\u0259 \u00f6zba\u015f\u0131nal\u0131q yaradan, xalqa m\u0259xsus d\u00f6vl\u0259t s\u0259rv\u0259tl\u0259rini sat\u0131b, \u015f\u0259xsi b\u00fcdc\u0259l\u0259rini\u00a0 z\u0259nginl\u0259\u015fdir\u0259n\u00a0 Xalq C\u0259bh\u0259si-M\u00fcsavat c\u00fctl\u00fcy\u00fcn\u00fcn x\u0259yan\u0259tkarlar\u0131n\u0131n \u0259li silahl\u0131 quldurlar\u0131 insanlar\u0131 incidir, i\u015fg\u0259nc\u0259l\u0259r verirdil\u0259r. \u00d6zl\u0259rini demokrat adland\u0131ran bu \u00fcns\u00fcrl\u0259rin s\u0259ri\u015ft\u0259sizlikl\u0259ri \u00fcz\u00fcnd\u0259n \u00a0\u00e7\u00f6r\u0259k q\u0131tl\u0131\u011f\u0131 bel\u0259 \u00a0yaranm\u0131\u015fd\u0131. AXC-M\u00fcsavat c\u00fctl\u00fcy\u00fc d\u00f6vr\u00fcnd\u0259 \u00a0xarici s\u0259firl\u0259r prezidentin kabinetinin qap\u0131s\u0131n\u0131 ayaqlar\u0131 il\u0259 a\u00e7\u0131rd\u0131lar, ad\u0131 d\u00f6vl\u0259t ba\u015f\u00e7\u0131s\u0131 olsa da, idar\u0259\u00e7ilik t\u0259cr\u00fcb\u0259si olmayan ba\u015f\u00e7\u0131ya g\u00f6st\u0259ri\u015fl\u0259r verirdil\u0259r. X\u0259zin\u0259si bo\u015f olan respublikaya kredit ver\u0259n bel\u0259 yox&hellip;<\/p>\n","protected":false},"author":2,"featured_media":504393,"comment_status":"closed","ping_status":"closed","sticky":false,"template":"","format":"standard","meta":{"om_disable_all_campaigns":false,"_monsterinsights_skip_tracking":false,"_monsterinsights_sitenote_active":false,"_monsterinsights_sitenote_note":"","_monsterinsights_sitenote_category":0},"categories":[19],"tags":[],"aioseo_notices":[],"gutentor_comment":0,"rttpg_featured_image_url":{"full":["https:\/\/arantv.az\/wp-content\/uploads\/2022\/08\/1548315410_2550093.jpg",975,540,false],"landscape":["https:\/\/arantv.az\/wp-content\/uploads\/2022\/08\/1548315410_2550093.jpg",975,540,false],"portraits":["https:\/\/arantv.az\/wp-content\/uploads\/2022\/08\/1548315410_2550093.jpg",975,540,false],"thumbnail":["https:\/\/arantv.az\/wp-content\/uploads\/2022\/08\/1548315410_2550093-500x280.jpg",500,280,true],"medium":["https:\/\/arantv.az\/wp-content\/uploads\/2022\/08\/1548315410_2550093-660x365.jpg",660,365,true],"large":["https:\/\/arantv.az\/wp-content\/uploads\/2022\/08\/1548315410_2550093-840x465.jpg",640,354,true],"1536x1536":["https:\/\/arantv.az\/wp-content\/uploads\/2022\/08\/1548315410_2550093.jpg",975,540,false],"2048x2048":["https:\/\/arantv.az\/wp-content\/uploads\/2022\/08\/1548315410_2550093.jpg",975,540,false],"post-thumbnail":["https:\/\/arantv.az\/wp-content\/uploads\/2022\/08\/1548315410_2550093-240x172.jpg",240,172,true],"advps-thumb-one":["https:\/\/arantv.az\/wp-content\/uploads\/2022\/08\/1548315410_2550093.jpg",975,540,false]},"rttpg_author":{"display_name":"V\u00fcsal Rafiqo\u011flu","author_link":"https:\/\/arantv.az\/?author=2"},"rttpg_comment":0,"rttpg_category":"<a href=\"https:\/\/arantv.az\/?cat=19\" rel=\"category\">G\u00fcnd\u0259m<\/a>","rttpg_excerpt":"Hakimiyy\u0259td\u0259 olduqlar\u0131 m\u00fcdd\u0259td\u0259 hay-k\u00fcyl\u0259ri il\u0259 \u00f6zl\u0259rini i\u015f g\u00f6r\u0259n kimi\u00a0 g\u00f6st\u0259r\u0259n AXC-M\u00fcsavat c\u00fctl\u00fcy\u00fcn\u00fcn t\u00f6r-t\u00f6k\u00fcnt\u00fcl\u0259rinin laz\u0131m olmayan m\u0259qamlarda istifad\u0259 etdikl\u0259ri metod \u0130qtidarda olduqlar\u0131 q\u0131sa m\u00fcdd\u0259td\u0259\u00a0 Az\u0259rbaycan\u0131 iflic v\u0259ziyy\u0259tin\u0259 salan, \u00f6lk\u0259d\u0259 \u00f6zba\u015f\u0131nal\u0131q yaradan, xalqa m\u0259xsus d\u00f6vl\u0259t s\u0259rv\u0259tl\u0259rini sat\u0131b, \u015f\u0259xsi b\u00fcdc\u0259l\u0259rini\u00a0 z\u0259nginl\u0259\u015fdir\u0259n\u00a0 Xalq C\u0259bh\u0259si-M\u00fcsavat c\u00fctl\u00fcy\u00fcn\u00fcn x\u0259yan\u0259tkarlar\u0131n\u0131n \u0259li silahl\u0131 quldurlar\u0131 insanlar\u0131 incidir, i\u015fg\u0259nc\u0259l\u0259r verirdil\u0259r. \u00d6zl\u0259rini demokrat adland\u0131ran bu \u00fcns\u00fcrl\u0259rin s\u0259ri\u015ft\u0259sizlikl\u0259ri&hellip;","_links":{"self":[{"href":"https:\/\/arantv.az\/index.php?rest_route=\/wp\/v2\/posts\/504392"}],"collection":[{"href":"https:\/\/arantv.az\/index.php?rest_route=\/wp\/v2\/posts"}],"about":[{"href":"https:\/\/arantv.az\/index.php?rest_route=\/wp\/v2\/types\/post"}],"author":[{"embeddable":true,"href":"https:\/\/arantv.az\/index.php?rest_route=\/wp\/v2\/users\/2"}],"replies":[{"embeddable":true,"href":"https:\/\/arantv.az\/index.php?rest_route=%2Fwp%2Fv2%2Fcomments&post=504392"}],"version-history":[{"count":0,"href":"https:\/\/arantv.az\/index.php?rest_route=\/wp\/v2\/posts\/504392\/revisions"}],"wp:featuredmedia":[{"embeddable":true,"href":"https:\/\/arantv.az\/index.php?rest_route=\/wp\/v2\/media\/504393"}],"wp:attachment":[{"href":"https:\/\/arantv.az\/index.php?rest_route=%2Fwp%2Fv2%2Fmedia&parent=504392"}],"wp:term":[{"taxonomy":"category","embeddable":true,"href":"https:\/\/arantv.az\/index.php?rest_route=%2Fwp%2Fv2%2Fcategories&post=504392"},{"taxonomy":"post_tag","embeddable":true,"href":"https:\/\/arantv.az\/index.php?rest_route=%2Fwp%2Fv2%2Ftags&post=504392"}],"curies":[{"name":"wp","href":"https:\/\/api.w.org\/{rel}","templated":true}]}}