{"id":504400,"date":"2022-08-11T08:32:22","date_gmt":"2022-08-11T05:32:22","guid":{"rendered":"https:\/\/arantv.az\/?p=504400"},"modified":"2022-08-11T08:32:22","modified_gmt":"2022-08-11T05:32:22","slug":"az%c9%99rbaycan-turkiy%c9%99-munasib%c9%99tl%c9%99ri-h%c9%99r-bir-sah%c9%99-uzr%c9%99-yuks%c9%99l%c9%99n-x%c9%99tl%c9%99-inksaf-edir","status":"publish","type":"post","link":"https:\/\/arantv.az\/?p=504400","title":{"rendered":"Az\u0259rbaycan-T\u00fcrkiy\u0259 m\u00fcnasib\u0259tl\u0259ri h\u0259r bir sah\u0259 \u00fczr\u0259 y\u00fcks\u0259l\u0259n x\u0259tl\u0259 ink\u015faf edir"},"content":{"rendered":"<p>Tarix boyu Az\u0259rbaycan-T\u00fcrkiy\u0259 qarda\u015fl\u0131\u011f\u0131 kimi m\u00f6hk\u0259m, s\u0259mimi v\u0259 d\u0259rin k\u00f6kl\u0259r\u0259 malik ikinci bir n\u00fcmun\u0259y\u0259 rast g\u0259linm\u0259mi\u015fdir. \u018fn \u00e7\u0259tin g\u00fcnl\u0259rind\u0259 bir-birinin yan\u0131nda olan, h\u0259r zaman bir-birin\u0259 d\u0259st\u0259k olan Az\u0259rbaycan T\u00fcrkiy\u0259 qarda\u015fl\u0131\u011f\u0131 b\u00fct\u00fcn d\u00fcnya \u00f6lk\u0259l\u0259rin\u0259 \u0259sl n\u00fcmun\u0259dir. Tarixi dostluq, qar\u015f\u0131l\u0131ql\u0131 etimad, s\u0259mimi m\u00fcnasib\u0259tl\u0259r \u00a0\u0259sas\u0131nda qurulan Az\u0259rbaycan T\u00fcrkiy\u0259 m\u00fcnasib\u0259tl\u0259ri\u00a0 g\u00fcn\u00fc g\u00fcnd\u0259n\u00a0 ink\u015faf ed\u0259r\u0259k ali s\u0259viyy\u0259y\u0259 &#8211; m\u00fctt\u0259fiqlik s\u0259viyy\u0259sin\u0259 q\u0259d\u0259r y\u00fcks\u0259lmi\u015fdir. Eyni zamanda \u00f6lk\u0259l\u0259rimiz aras\u0131ndak\u0131 \u0259laq\u0259l\u0259r h\u0259r bir sah\u0259 \u00fczr\u0259 g\u00fcnb\u0259g\u00fcn daha da d\u0259rinl\u0259\u015fir v\u0259 y\u00fcks\u0259l\u0259n x\u0259tl\u0259 ink\u015faf edir. \u018flb\u0259td\u0259 iki qarda\u015f \u00f6lk\u0259 aras\u0131ndak\u0131 \u0259laq\u0259l\u0259rin ink\u015faf etm\u0259si, m\u00fctt\u0259fiqlik s\u0259viyy\u0259sin\u0259 q\u0259d\u0259r y\u00fcks\u0259lm\u0259si\u00a0 \u00f6lk\u0259 liderl\u0259ri, Az\u0259rbaycan preizdenti, c\u0259nab \u0130lham \u018fliyevin v\u0259 T\u00fcrkiy\u0259 prezidenti c\u0259nab R\u0259c\u0259b Tayyib \u018frdo\u011fan\u0131n b\u00f6y\u00fck siyasi v\u0259 liderlik bacar\u0131\u011f\u0131n\u0131n, uzaqg\u00f6r\u0259n v\u0259 m\u00fcdik siyas\u0259tinin n\u0259tic\u0259sidir.<\/p>\n<p><strong>ARANTV.AZ x\u0259b\u0259r verir ki,<\/strong>\u00a0\u00a0bunu Milli M\u0259clisin deputat\u0131 S\u0259daq\u0259t V\u0259liyeva deyib.<\/p>\n<p><img src=\"http:\/\/ikisahil.az\/upload\/\/2022\/05\/13\/\/-29e48b7916524419903320586511003350.jpg\" alt=\"\" \/><\/p>\n<p>S\u0259daq\u0259t V\u0259liyeva bildirib ki, avqustun 9-da \u00f6lk\u0259 ba\u015f\u00e7\u0131m\u0131z, c\u0259nab prezident \u0130lham \u018fliyevin\u00a0T\u00fcrkiy\u0259\u00a0 Prezidenti c\u0259nab R\u0259c\u0259b Tayyib \u018frdo\u011fan\u0131n d\u0259v\u0259ti il\u0259 T\u00fcrkiy\u0259y\u0259 s\u0259f\u0259r etm\u0259si qarda\u015fl\u0131\u011f\u0131m\u0131z\u0131n d\u00fcnyaya n\u00f6vb\u0259ti n\u00fcmayi\u015fi olmaqla yana\u015f\u0131 iki qarda\u015f \u00f6lk\u0259 aras\u0131ndak\u0131 \u0259laq\u0259l\u0259rin g\u0259l\u0259c\u0259k ink\u015faf\u0131 bax\u0131m\u0131ndan b\u00f6y\u00fck rol oynad\u0131. Az\u0259rbaycan prezidentinin y\u00fcks\u0259k s\u0259viyy\u0259d\u0259 qar\u015f\u0131lanmas\u0131, \u00f6lk\u0259 liderl\u0259ri aras\u0131ndak\u0131 s\u0259mimi, xo\u015f v\u0259 mehriban m\u00fcnasib\u0259t h\u0259r birimiz\u0259 q\u00fcr\u00fcr hissi ya\u015fatd\u0131. S\u0259f\u0259r \u00e7\u0259r\u00e7iv\u0259sind\u0259 \u00f6lk\u0259 liderl\u0259ri aras\u0131nda ke\u00e7iril\u0259n g\u00f6r\u00fc\u015f zaman\u0131 \u00f6lk\u0259l\u0259rimiz aras\u0131ndak\u0131 y\u00fcks\u0259k \u0259laq\u0259l\u0259r, dostluq v\u0259 m\u00fctt\u0259fiqlik m\u00fcnasib\u0259tl\u0259ri x\u00fcsusi vur\u011fuland\u0131, iqtisadi, enerji, n\u0259qliyyat v\u0259 h\u0259rbi sah\u0259l\u0259rl\u0259 ba\u011fl\u0131 geni\u015f m\u00fczakir\u0259l\u0259r apar\u0131ld\u0131. B\u00fct\u00fcn bunlar qar\u015f\u0131ya qoyulmu\u015f h\u0259d\u0259fl\u0259rin realla\u015fmas\u0131na b\u00f6y\u00fck t\u00f6hv\u0259 vermi\u015f olacaq:<\/p>\n<p>\u201c Az\u0259rbaycanla T\u00fcrkiy\u0259 aras\u0131ndak\u0131 birlik v\u0259 qarda\u015fl\u0131q h\u0259r iki \u00f6lk\u0259nin daha da g\u00fccl\u0259nm\u0259sin\u0259 v\u0259 ink\u015faf\u0131na b\u00f6y\u00fck t\u0259kan verir. Zaman\u0131n s\u0131na\u011f\u0131ndan \u00e7\u0131xm\u0131\u015f Az\u0259rbaycan T\u00fcrkiy\u0259 qarda\u015fl\u0131\u011f\u0131 v\u0259 birliyi \u0259b\u0259didir. Ulu Tanr\u0131 xalqlar\u0131m\u0131z\u0131 v\u0259 \u00f6lk\u0259 Liderl\u0259ri C\u0259nab Prezident \u0130lham \u018fliyevi v\u0259 C\u0259nab R\u0259c\u0259b Tayib \u018frdo\u011fan\u0131 qorusun!\u201d<\/p>\n","protected":false},"excerpt":{"rendered":"<p>Tarix boyu Az\u0259rbaycan-T\u00fcrkiy\u0259 qarda\u015fl\u0131\u011f\u0131 kimi m\u00f6hk\u0259m, s\u0259mimi v\u0259 d\u0259rin k\u00f6kl\u0259r\u0259 malik ikinci bir n\u00fcmun\u0259y\u0259 rast g\u0259linm\u0259mi\u015fdir. \u018fn \u00e7\u0259tin g\u00fcnl\u0259rind\u0259 bir-birinin yan\u0131nda olan, h\u0259r zaman bir-birin\u0259 d\u0259st\u0259k olan Az\u0259rbaycan T\u00fcrkiy\u0259 qarda\u015fl\u0131\u011f\u0131 b\u00fct\u00fcn d\u00fcnya \u00f6lk\u0259l\u0259rin\u0259 \u0259sl n\u00fcmun\u0259dir. Tarixi dostluq, qar\u015f\u0131l\u0131ql\u0131 etimad, s\u0259mimi m\u00fcnasib\u0259tl\u0259r \u00a0\u0259sas\u0131nda qurulan Az\u0259rbaycan T\u00fcrkiy\u0259 m\u00fcnasib\u0259tl\u0259ri\u00a0 g\u00fcn\u00fc g\u00fcnd\u0259n\u00a0 ink\u015faf ed\u0259r\u0259k ali s\u0259viyy\u0259y\u0259 &#8211; m\u00fctt\u0259fiqlik s\u0259viyy\u0259sin\u0259 q\u0259d\u0259r y\u00fcks\u0259lmi\u015fdir. Eyni zamanda \u00f6lk\u0259l\u0259rimiz aras\u0131ndak\u0131 \u0259laq\u0259l\u0259r h\u0259r bir sah\u0259 \u00fczr\u0259 g\u00fcnb\u0259g\u00fcn daha da d\u0259rinl\u0259\u015fir v\u0259 y\u00fcks\u0259l\u0259n x\u0259tl\u0259 ink\u015faf edir. \u018flb\u0259td\u0259 iki qarda\u015f \u00f6lk\u0259 aras\u0131ndak\u0131 \u0259laq\u0259l\u0259rin ink\u015faf etm\u0259si, m\u00fctt\u0259fiqlik s\u0259viyy\u0259sin\u0259 q\u0259d\u0259r y\u00fcks\u0259lm\u0259si\u00a0 \u00f6lk\u0259 liderl\u0259ri, Az\u0259rbaycan&hellip;<\/p>\n","protected":false},"author":2,"featured_media":504401,"comment_status":"closed","ping_status":"closed","sticky":false,"template":"","format":"standard","meta":{"om_disable_all_campaigns":false,"_monsterinsights_skip_tracking":false,"_monsterinsights_sitenote_active":false,"_monsterinsights_sitenote_note":"","_monsterinsights_sitenote_category":0},"categories":[19],"tags":[],"aioseo_notices":[],"gutentor_comment":0,"rttpg_featured_image_url":{"full":["https:\/\/arantv.az\/wp-content\/uploads\/2022\/08\/9dc603ea159733451239468792710262634-1.jpg",975,540,false],"landscape":["https:\/\/arantv.az\/wp-content\/uploads\/2022\/08\/9dc603ea159733451239468792710262634-1.jpg",975,540,false],"portraits":["https:\/\/arantv.az\/wp-content\/uploads\/2022\/08\/9dc603ea159733451239468792710262634-1.jpg",975,540,false],"thumbnail":["https:\/\/arantv.az\/wp-content\/uploads\/2022\/08\/9dc603ea159733451239468792710262634-1-500x280.jpg",500,280,true],"medium":["https:\/\/arantv.az\/wp-content\/uploads\/2022\/08\/9dc603ea159733451239468792710262634-1-660x365.jpg",660,365,true],"large":["https:\/\/arantv.az\/wp-content\/uploads\/2022\/08\/9dc603ea159733451239468792710262634-1-840x465.jpg",640,354,true],"1536x1536":["https:\/\/arantv.az\/wp-content\/uploads\/2022\/08\/9dc603ea159733451239468792710262634-1.jpg",975,540,false],"2048x2048":["https:\/\/arantv.az\/wp-content\/uploads\/2022\/08\/9dc603ea159733451239468792710262634-1.jpg",975,540,false],"post-thumbnail":["https:\/\/arantv.az\/wp-content\/uploads\/2022\/08\/9dc603ea159733451239468792710262634-1-240x172.jpg",240,172,true],"advps-thumb-one":["https:\/\/arantv.az\/wp-content\/uploads\/2022\/08\/9dc603ea159733451239468792710262634-1.jpg",975,540,false]},"rttpg_author":{"display_name":"V\u00fcsal Rafiqo\u011flu","author_link":"https:\/\/arantv.az\/?author=2"},"rttpg_comment":0,"rttpg_category":"<a href=\"https:\/\/arantv.az\/?cat=19\" rel=\"category\">G\u00fcnd\u0259m<\/a>","rttpg_excerpt":"Tarix boyu Az\u0259rbaycan-T\u00fcrkiy\u0259 qarda\u015fl\u0131\u011f\u0131 kimi m\u00f6hk\u0259m, s\u0259mimi v\u0259 d\u0259rin k\u00f6kl\u0259r\u0259 malik ikinci bir n\u00fcmun\u0259y\u0259 rast g\u0259linm\u0259mi\u015fdir. \u018fn \u00e7\u0259tin g\u00fcnl\u0259rind\u0259 bir-birinin yan\u0131nda olan, h\u0259r zaman bir-birin\u0259 d\u0259st\u0259k olan Az\u0259rbaycan T\u00fcrkiy\u0259 qarda\u015fl\u0131\u011f\u0131 b\u00fct\u00fcn d\u00fcnya \u00f6lk\u0259l\u0259rin\u0259 \u0259sl n\u00fcmun\u0259dir. Tarixi dostluq, qar\u015f\u0131l\u0131ql\u0131 etimad, s\u0259mimi m\u00fcnasib\u0259tl\u0259r \u00a0\u0259sas\u0131nda qurulan Az\u0259rbaycan T\u00fcrkiy\u0259 m\u00fcnasib\u0259tl\u0259ri\u00a0 g\u00fcn\u00fc g\u00fcnd\u0259n\u00a0 ink\u015faf ed\u0259r\u0259k ali s\u0259viyy\u0259y\u0259 &#8211; m\u00fctt\u0259fiqlik s\u0259viyy\u0259sin\u0259&hellip;","_links":{"self":[{"href":"https:\/\/arantv.az\/index.php?rest_route=\/wp\/v2\/posts\/504400"}],"collection":[{"href":"https:\/\/arantv.az\/index.php?rest_route=\/wp\/v2\/posts"}],"about":[{"href":"https:\/\/arantv.az\/index.php?rest_route=\/wp\/v2\/types\/post"}],"author":[{"embeddable":true,"href":"https:\/\/arantv.az\/index.php?rest_route=\/wp\/v2\/users\/2"}],"replies":[{"embeddable":true,"href":"https:\/\/arantv.az\/index.php?rest_route=%2Fwp%2Fv2%2Fcomments&post=504400"}],"version-history":[{"count":0,"href":"https:\/\/arantv.az\/index.php?rest_route=\/wp\/v2\/posts\/504400\/revisions"}],"wp:featuredmedia":[{"embeddable":true,"href":"https:\/\/arantv.az\/index.php?rest_route=\/wp\/v2\/media\/504401"}],"wp:attachment":[{"href":"https:\/\/arantv.az\/index.php?rest_route=%2Fwp%2Fv2%2Fmedia&parent=504400"}],"wp:term":[{"taxonomy":"category","embeddable":true,"href":"https:\/\/arantv.az\/index.php?rest_route=%2Fwp%2Fv2%2Fcategories&post=504400"},{"taxonomy":"post_tag","embeddable":true,"href":"https:\/\/arantv.az\/index.php?rest_route=%2Fwp%2Fv2%2Ftags&post=504400"}],"curies":[{"name":"wp","href":"https:\/\/api.w.org\/{rel}","templated":true}]}}