{"id":504423,"date":"2022-08-11T08:40:16","date_gmt":"2022-08-11T05:40:16","guid":{"rendered":"https:\/\/arantv.az\/?p=504423"},"modified":"2022-08-11T08:40:16","modified_gmt":"2022-08-11T05:40:16","slug":"sentyabrda-quru-s%c9%99rh%c9%99dl%c9%99r-acila-bil%c9%99rmi-r%c9%99yl%c9%99r","status":"publish","type":"post","link":"https:\/\/arantv.az\/?p=504423","title":{"rendered":"Sentyabrda quru s\u0259rh\u0259dl\u0259r a\u00e7\u0131la bil\u0259rmi &#8211; r\u0259yl\u0259r"},"content":{"rendered":"<p><strong>Az\u0259rbaycanda sentyabr\u0131n 1-d\u0259n sonra x\u00fcsusi karantin rejimind\u0259 bir s\u0131ra gigiyenik normalar\u0131n m\u0259cburi t\u0259tbiqi saxlan\u0131lmaqla, yum\u015falmaya gedil\u0259c\u0259yi, h\u0259m\u00e7inin quru s\u0259rh\u0259dl\u0259rin a\u00e7\u0131laca\u011f\u0131 g\u00f6zl\u0259nilir. S\u0259rh\u0259dl\u0259rin a\u00e7\u0131lmas\u0131 yoluxma say\u0131n\u0131 art\u0131ra bil\u0259rmi?<\/strong><\/p>\n<p><strong>Mill\u0259t v\u0259kili Fazil Mustafa \u201cYeni M\u00fcsavat\u201da bildirdi ki, q\u0259rar x\u0259st\u0259liyin nec\u0259 yay\u0131lmas\u0131ndan as\u0131l\u0131 olaraq verilm\u0259lidir:<\/strong>\u00a0\u201cD\u00fcnyada v\u0259 Az\u0259rbaycanda m\u00fc\u0259yy\u0259n simptomlar olsa da, geni\u015f yay\u0131lma m\u00fc\u015fahid\u0259 olunmur. \u00dcmid ed\u0259k ki, v\u0259ziyy\u0259t m\u0259nfiy\u0259 do\u011fru d\u0259yi\u015fm\u0259y\u0259c\u0259k v\u0259 v\u0259t\u0259nda\u015flar\u0131m\u0131z s\u0259rb\u0259st h\u0259yata davam ed\u0259 bil\u0259c\u0259kl\u0259r. T\u0259cr\u00fcb\u0259 g\u00f6st\u0259rdi ki, x\u0259st\u0259liyin geni\u015f yay\u0131lmas\u0131 il\u0259 ba\u011fl\u0131 t\u0259tbiq olunan m\u0259hdudiyy\u0259tl\u0259r h\u0259m iqtisadiyyata, h\u0259m d\u0259 insanlar\u0131n psixoloji durumuna m\u0259nfi t\u0259sir g\u00f6st\u0259rir. Yenid\u0259n m\u0259hdudiyy\u0259tl\u0259rin t\u0259tbiq olunmas\u0131 insanlara qism\u0259n olsa da, s\u0131x\u0131nt\u0131 yaradacaq. Allah bizi bir d\u0259 bu x\u0259st\u0259likl\u0259 s\u0131namas\u0131n. B\u0259\u015f\u0259riyy\u0259t bir \u00e7ox f\u0259lak\u0259t ya\u015fad\u0131, \u00e7ox sayda itkimiz oldu\u201d.<\/p>\n<p><img loading=\"lazy\" src=\"https:\/\/azedu.az\/uploads\/news\/2021\/10\/azedu.az_fazil_mustafa_251.jpg\" alt=\"Fazil Mustafa: \u201cElm sah\u0259sind\u0259 plagiat ba\u015f al\u0131b gedir\u201d - AzEdu.az AZ\u018fRBAYCAN  T\u018fHS\u0130L PORTALI\" width=\"752\" height=\"511\" \/><\/p>\n<p><strong>Fazil Mustafa:\u201c\u00dcmid ed\u0259k ki, v\u0259ziyy\u0259t m\u0259nfiy\u0259 do\u011fru d\u0259yi\u015fm\u0259y\u0259c\u0259k v\u0259 v\u0259t\u0259nda\u015flar\u0131m\u0131z s\u0259rb\u0259st h\u0259yata davam ed\u0259 bil\u0259c\u0259kl\u0259r\u201d<\/strong><\/p>\n<p>\u0130nfeksionist-hepatoloq M\u0259rdan \u018fliyev is\u0259 qeyd edib ki, pay\u0131za do\u011fru yoluxmalar\u0131n artaca\u011f\u0131 ehtimal olunur: \u201cYoluxmalar\u0131n az oldu\u011fu zaman quru s\u0259rh\u0259dl\u0259r a\u00e7\u0131lmad\u0131sa, pay\u0131zda a\u00e7\u0131lmas\u0131 tibbi bax\u0131mdan do\u011fru deyil. \u018fslind\u0259, \u00f6lk\u0259y\u0259 daxil olan \u015f\u0259xsl\u0259rd\u0259n test g\u00f6t\u00fcr\u00fcl\u0259rs\u0259, quru s\u0259rh\u0259dl\u0259rinin a\u00e7\u0131q yaxud ba\u011fl\u0131 olmas\u0131n\u0131n yoluxma say\u0131na o q\u0259d\u0259r d\u0259 b\u00f6y\u00fck t\u0259siri yoxdur. Hava yollar\u0131 a\u00e7\u0131q oldu\u011fu \u00fc\u00e7\u00fcn gedi\u015f-g\u0259li\u015f var. Quru s\u0259rh\u0259dl\u0259rinin a\u00e7\u0131lmas\u0131 il\u0259 bu say arta bil\u0259r. Bunu n\u0259z\u0259r\u0259 alaraq, s\u0259rh\u0259dl\u0259rin a\u00e7\u0131laca\u011f\u0131 ehtimal olunmur. A\u00e7\u0131lsa bel\u0259, pay\u0131za do\u011fru yenid\u0259n qapanma ola bil\u0259r. Pay\u0131za do\u011fru yoluxma artacaq. Pay\u0131z aylar\u0131nda dig\u0259r respirator x\u0259st\u0259likl\u0259rin yay\u0131ld\u0131\u011f\u0131n\u0131 da n\u0259z\u0259r\u0259 alsaq, quru s\u0259rh\u0259dl\u0259rin a\u00e7\u0131lmas\u0131 do\u011fru olmazd\u0131\u201d.<\/p>\n<p><img loading=\"lazy\" src=\"https:\/\/www.medicina.az\/uploads\/news\/2022-02-04-17-04-57ilE1i8Q4f2QHMvtqY13v_file.jpg\" alt=\"Medicina.az - Yoluxma bir ay \u0259rzind\u0259 pik h\u0259dd\u0259 \u00e7atacaq - \u0130nfeksionist\" width=\"665\" height=\"442\" \/><\/p>\n<p><strong>\u00a0M\u0259rdan \u018fliyev: \u201cYoluxmalar\u0131n az oldu\u011fu zaman quru s\u0259rh\u0259dl\u0259r a\u00e7\u0131lmad\u0131sa, pay\u0131zda a\u00e7\u0131lmas\u0131 tibbi bax\u0131mdan do\u011fru deyil\u201d<\/strong><\/p>\n<p>Az\u0259rbaycan \u0130nternet Forumunun prezidenti, ekspert\u00a0Osman G\u00fcnd\u00fcz \u201cFacebook\u201d s\u0259hif\u0259sind\u0259 qeyd edib ki, b\u0259zil\u0259ri quru s\u0259rh\u0259dl\u0259rin ba\u011fl\u0131 olmas\u0131n\u0131 t\u0259nqid edib, bunu t\u0259yyar\u0259 biletl\u0259rinin baha sat\u0131lmas\u0131na t\u0259kan verdiyini bildirib: \u201c&#8230;D\u00fc\u015f\u00fcn\u00fcr\u0259m ki, M\u00fc\u015fahid\u0259 \u015euras\u0131 v\u0259 aidiyyat\u0131 qurumlar \u0259n q\u0131sa m\u00fcdd\u0259td\u0259 b\u00fcdc\u0259d\u0259n xeyli v\u0259sait alan AZAL-\u0131n\u00a0 qiym\u0259t siyas\u0259tin\u0259 yenid\u0259n bax\u0131lmas\u0131 \u00fc\u00e7\u00fcn ciddi add\u0131mlar atmal\u0131, bununla ba\u011fl\u0131 h\u00f6kum\u0259t\u0259 t\u0259klifl\u0259r verm\u0259lidir. Nax\u00e7\u0131vana t\u0259yyar\u0259 biletl\u0259ri tap\u0131lm\u0131r, uzun n\u00f6vb\u0259l\u0259r yaran\u0131b,\u00a0 aviabiletl\u0259rin turizm \u015firk\u0259tl\u0259rin\u0259 sat\u0131ld\u0131\u011f\u0131 bildirilir. AZAL bu istiqam\u0259t\u0259\u00a0 u\u00e7u\u015flar\u0131n da biletini bir m\u00fcdd\u0259t \u00f6nc\u0259 qald\u0131r\u0131b. T\u0259yyar\u0259l\u0259r \u00e7at\u0131\u015fm\u0131r. Quru yollar ba\u011fl\u0131 oldu\u011fundan v\u0259 T\u00fcrkiy\u0259y\u0259 birba\u015fa reysl\u0259rin bileti d\u0259 h\u0259dsiz baha oldu\u011fundan s\u0259rni\u015finl\u0259r Bak\u0131-Nax\u00e7\u0131van reysini se\u00e7\u0259r\u0259k Nax\u00e7\u0131van \u00fcz\u0259rind\u0259n\u00a0 T\u00fcrkiy\u0259y\u0259 ke\u00e7m\u0259k ist\u0259yir. Bu s\u0259b\u0259bd\u0259n d\u0259 h\u0259min istiqam\u0259td\u0259 u\u00e7u\u015f \u00fc\u00e7\u00fcn t\u0259l\u0259bat art\u0131b v\u0259 AZAL bu t\u0259l\u0259bat\u0131 \u00f6d\u0259y\u0259 bilmir.\u00a0D\u00fc\u015f\u00fcn\u00fcr\u0259m ki, h\u00f6kum\u0259t bu m\u0259s\u0259l\u0259y\u0259 ciddi m\u00fcdaxil\u0259 etm\u0259lidir, t\u0259yyar\u0259l\u0259rin say\u0131n\u0131n artmas\u0131na diqq\u0259t yetirm\u0259li, gedi\u015f \u00fc\u00e7\u00fcn se\u00e7im imkanlar\u0131n\u0131 art\u0131rmal\u0131d\u0131r Uzun m\u00fcdd\u0259tdir ki, Az\u0259rbaycanda d\u0259mir yolunda da daxili istiqam\u0259tl\u0259rd\u0259 s\u0259rni\u015fin da\u015f\u0131malar\u0131 dayand\u0131r\u0131b\u201d.<\/p>\n<p><img src=\"https:\/\/banker.az\/wp-content\/uploads\/2019\/02\/osman-gunduz-1.jpg\" alt=\"O.G\u00fcnd\u00fcz: DGK v\u0259 &quot;Az\u0259rpo\u00e7t&quot; e-ticar\u0259t \u00fc\u00e7\u00fcn normal bir sistem qura bilmir\" \/><\/p>\n<p><strong>O.G\u00fcnd\u00fcz habel\u0259 \u00f6lk\u0259daxili qatarlar\u0131n h\u0259r\u0259k\u0259tinin l\u0259\u011fv edilm\u0259si il\u0259 ba\u011fl\u0131\u00a0 \u00a0he\u00e7 bir a\u011flabatan a\u00e7\u0131qlamalar verilm\u0259diyini diqq\u0259t\u0259 \u00e7atd\u0131r\u0131b:<\/strong>\u00a0\u201cYaln\u0131z bir d\u0259f\u0259 ADY bu haqda m\u0259lumat verib ki, yerli istiqam\u0259tl\u0259rd\u0259 sabit c\u0259r\u0259yandan d\u0259yi\u015f\u0259n c\u0259r\u0259yan sistemin\u0259 ke\u00e7id i\u015fl\u0259ri apar\u0131l\u0131r.\u00a0 Bu i\u015fl\u0259r tamamland\u0131qdan sonra qatarlar\u0131n \u00f6lk\u0259daxili f\u0259aliyy\u0259ti b\u0259rpa edil\u0259c\u0259k.\u00a0 M\u00fc\u015fahid\u0259l\u0259r is\u0259 g\u00f6st\u0259rir ki yerli d\u0259mir yol x\u0259tl\u0259ri d\u0259 b\u0259rbad g\u00fcnd\u0259dir v\u0259 apar\u0131lan yenid\u0259nqurma i\u015fl\u0259ri haq\u0131qnda he\u00e7 bir a\u00e7\u0131qlama verilm\u0259yib. Nazirl\u0259r Kabinetinin r\u0259smi a\u00e7\u0131qlamas\u0131na g\u00f6r\u0259 d\u0259mir yolu il\u0259 s\u0259rni\u015fin da\u015f\u0131mas\u0131ndak\u0131 probleml\u0259r Operativ Q\u0259rargah\u0131n g\u00f6st\u0259ri\u015fi deyil v\u0259 bu , t\u0259bii inhisar subyekti olan ADY il\u0259 ba\u011fl\u0131d\u0131r. Lakin iki ildir ki, yerli istiqam\u0259tl\u0259r \u00fczr\u0259, Bak\u0131-Balak\u0259n, Bak\u0131-A\u011fstafa, Bak\u0131-Astara , Bak\u0131-Qazax\u00a0 istiqam\u0259tl\u0259ri \u00fczr\u0259 qatarlar i\u015fl\u0259mir.<\/p>\n<p>D\u00fc\u015f\u00fcn\u00fcr\u0259m ki, t\u0259bii inhisar subyektl\u0259ri olan AZAL v\u0259 ADY-nin apard\u0131\u011f\u0131 siyas\u0259t, formala\u015fd\u0131rd\u0131\u011f\u0131 m\u00fchit v\u0259 cari add\u0131mlar\u0131 m\u00f6vcud normalara ziddir. \u018fg\u0259r uzun ill\u0259r f\u0259aliyy\u0259t g\u00f6st\u0259r\u0259n t\u0259bii inhisar\u00e7\u0131 g\u00f6st\u0259rdiyi xidm\u0259ti s\u00fcni olaraq \u0259ng\u0259ll\u0259y\u0259rs\u0259 onda\u00a0 \u00f6lk\u0259miz \u00fc\u00e7\u00fcn v\u0259 v\u0259t\u0259nda\u015flar\u0131m\u0131z\u00a0 \u00fc\u00e7\u00fcn daha d\u00f6z\u00fclm\u0259z m\u00fchit formala\u015facaq.<\/p>\n<p>\u00dcmid edir\u0259m h\u00f6kum\u0259t, x\u00fcsusil\u0259 d\u0259 Antiinhisar D\u00f6vl\u0259t Xidm\u0259ti,\u00a0 R\u0130NN v\u0259 h\u0259r iki qurumun M\u00fc\u015fahid\u0259 \u015euras\u0131 m\u00f6vcud durumu d\u0259yi\u015fm\u0259k \u00fc\u00e7\u00fcn s\u0259yl\u0259rini g\u00fccl\u0259ndir\u0259c\u0259kl\u0259r\u201d.<\/p>\n<p><strong>Qeyd ed\u0259k ki, T\u00fcrkiy\u0259 v\u0259t\u0259nda\u015flar\u0131 Az\u0259rbaycan\u0131n quru s\u0259rh\u0259dl\u0259rind\u0259 \u00f6lk\u0259ni t\u0259rk etm\u0259k \u00fc\u00e7\u00fcn istifad\u0259 ed\u0259 bil\u0259rl\u0259r.<\/strong>\u00a0Ancaq sentyabr\u0131n 1-d\u0259k T\u00fcrkiy\u0259 v\u0259t\u0259nda\u015flar\u0131 \u00fc\u00e7\u00fcn quru s\u0259rh\u0259dind\u0259n Az\u0259rbaycana daxil ola bilm\u0259zl\u0259r.Pasportlar\u0131n\u0131 m\u00fcdd\u0259ti bit\u0259n T\u00fcrk v\u0259t\u0259nda\u015flar\u0131 is\u0259 yeni n\u0259sil \u015f\u0259xsiyy\u0259t v\u0259siq\u0259si il\u0259 d\u0259 hava yollar\u0131 vasit\u0259si il\u0259 Az\u0259rbaycandan T\u00fcrkiy\u0259y\u0259 geri d\u00f6n\u0259 bil\u0259rl\u0259r.<\/p>\n","protected":false},"excerpt":{"rendered":"<p>Az\u0259rbaycanda sentyabr\u0131n 1-d\u0259n sonra x\u00fcsusi karantin rejimind\u0259 bir s\u0131ra gigiyenik normalar\u0131n m\u0259cburi t\u0259tbiqi saxlan\u0131lmaqla, yum\u015falmaya gedil\u0259c\u0259yi, h\u0259m\u00e7inin quru s\u0259rh\u0259dl\u0259rin a\u00e7\u0131laca\u011f\u0131 g\u00f6zl\u0259nilir. S\u0259rh\u0259dl\u0259rin a\u00e7\u0131lmas\u0131 yoluxma say\u0131n\u0131 art\u0131ra bil\u0259rmi? Mill\u0259t v\u0259kili Fazil Mustafa \u201cYeni M\u00fcsavat\u201da bildirdi ki, q\u0259rar x\u0259st\u0259liyin nec\u0259 yay\u0131lmas\u0131ndan as\u0131l\u0131 olaraq verilm\u0259lidir:\u00a0\u201cD\u00fcnyada v\u0259 Az\u0259rbaycanda m\u00fc\u0259yy\u0259n simptomlar olsa da, geni\u015f yay\u0131lma m\u00fc\u015fahid\u0259 olunmur. \u00dcmid ed\u0259k ki, v\u0259ziyy\u0259t m\u0259nfiy\u0259 do\u011fru d\u0259yi\u015fm\u0259y\u0259c\u0259k v\u0259 v\u0259t\u0259nda\u015flar\u0131m\u0131z s\u0259rb\u0259st h\u0259yata davam ed\u0259 bil\u0259c\u0259kl\u0259r. T\u0259cr\u00fcb\u0259 g\u00f6st\u0259rdi ki, x\u0259st\u0259liyin geni\u015f yay\u0131lmas\u0131 il\u0259 ba\u011fl\u0131 t\u0259tbiq olunan m\u0259hdudiyy\u0259tl\u0259r h\u0259m iqtisadiyyata, h\u0259m d\u0259 insanlar\u0131n psixoloji durumuna m\u0259nfi t\u0259sir g\u00f6st\u0259rir. Yenid\u0259n m\u0259hdudiyy\u0259tl\u0259rin t\u0259tbiq&hellip;<\/p>\n","protected":false},"author":2,"featured_media":504424,"comment_status":"closed","ping_status":"closed","sticky":false,"template":"","format":"standard","meta":{"om_disable_all_campaigns":false,"_monsterinsights_skip_tracking":false,"_monsterinsights_sitenote_active":false,"_monsterinsights_sitenote_note":"","_monsterinsights_sitenote_category":0},"categories":[1],"tags":[],"aioseo_notices":[],"gutentor_comment":0,"rttpg_featured_image_url":{"full":["https:\/\/arantv.az\/wp-content\/uploads\/2022\/08\/4f55d2040ba2815c945875266098a509.jpg",800,500,false],"landscape":["https:\/\/arantv.az\/wp-content\/uploads\/2022\/08\/4f55d2040ba2815c945875266098a509.jpg",800,500,false],"portraits":["https:\/\/arantv.az\/wp-content\/uploads\/2022\/08\/4f55d2040ba2815c945875266098a509.jpg",800,500,false],"thumbnail":["https:\/\/arantv.az\/wp-content\/uploads\/2022\/08\/4f55d2040ba2815c945875266098a509-500x280.jpg",500,280,true],"medium":["https:\/\/arantv.az\/wp-content\/uploads\/2022\/08\/4f55d2040ba2815c945875266098a509-584x365.jpg",584,365,true],"large":["https:\/\/arantv.az\/wp-content\/uploads\/2022\/08\/4f55d2040ba2815c945875266098a509.jpg",640,400,false],"1536x1536":["https:\/\/arantv.az\/wp-content\/uploads\/2022\/08\/4f55d2040ba2815c945875266098a509.jpg",800,500,false],"2048x2048":["https:\/\/arantv.az\/wp-content\/uploads\/2022\/08\/4f55d2040ba2815c945875266098a509.jpg",800,500,false],"post-thumbnail":["https:\/\/arantv.az\/wp-content\/uploads\/2022\/08\/4f55d2040ba2815c945875266098a509-240x172.jpg",240,172,true],"advps-thumb-one":["https:\/\/arantv.az\/wp-content\/uploads\/2022\/08\/4f55d2040ba2815c945875266098a509.jpg",800,500,false]},"rttpg_author":{"display_name":"V\u00fcsal Rafiqo\u011flu","author_link":"https:\/\/arantv.az\/?author=2"},"rttpg_comment":0,"rttpg_category":"<a href=\"https:\/\/arantv.az\/?cat=1\" rel=\"category\">C\u0259miyy\u0259t<\/a>","rttpg_excerpt":"Az\u0259rbaycanda sentyabr\u0131n 1-d\u0259n sonra x\u00fcsusi karantin rejimind\u0259 bir s\u0131ra gigiyenik normalar\u0131n m\u0259cburi t\u0259tbiqi saxlan\u0131lmaqla, yum\u015falmaya gedil\u0259c\u0259yi, h\u0259m\u00e7inin quru s\u0259rh\u0259dl\u0259rin a\u00e7\u0131laca\u011f\u0131 g\u00f6zl\u0259nilir. S\u0259rh\u0259dl\u0259rin a\u00e7\u0131lmas\u0131 yoluxma say\u0131n\u0131 art\u0131ra bil\u0259rmi? Mill\u0259t v\u0259kili Fazil Mustafa \u201cYeni M\u00fcsavat\u201da bildirdi ki, q\u0259rar x\u0259st\u0259liyin nec\u0259 yay\u0131lmas\u0131ndan as\u0131l\u0131 olaraq verilm\u0259lidir:\u00a0\u201cD\u00fcnyada v\u0259 Az\u0259rbaycanda m\u00fc\u0259yy\u0259n simptomlar olsa da, geni\u015f yay\u0131lma m\u00fc\u015fahid\u0259 olunmur. \u00dcmid ed\u0259k ki,&hellip;","_links":{"self":[{"href":"https:\/\/arantv.az\/index.php?rest_route=\/wp\/v2\/posts\/504423"}],"collection":[{"href":"https:\/\/arantv.az\/index.php?rest_route=\/wp\/v2\/posts"}],"about":[{"href":"https:\/\/arantv.az\/index.php?rest_route=\/wp\/v2\/types\/post"}],"author":[{"embeddable":true,"href":"https:\/\/arantv.az\/index.php?rest_route=\/wp\/v2\/users\/2"}],"replies":[{"embeddable":true,"href":"https:\/\/arantv.az\/index.php?rest_route=%2Fwp%2Fv2%2Fcomments&post=504423"}],"version-history":[{"count":0,"href":"https:\/\/arantv.az\/index.php?rest_route=\/wp\/v2\/posts\/504423\/revisions"}],"wp:featuredmedia":[{"embeddable":true,"href":"https:\/\/arantv.az\/index.php?rest_route=\/wp\/v2\/media\/504424"}],"wp:attachment":[{"href":"https:\/\/arantv.az\/index.php?rest_route=%2Fwp%2Fv2%2Fmedia&parent=504423"}],"wp:term":[{"taxonomy":"category","embeddable":true,"href":"https:\/\/arantv.az\/index.php?rest_route=%2Fwp%2Fv2%2Fcategories&post=504423"},{"taxonomy":"post_tag","embeddable":true,"href":"https:\/\/arantv.az\/index.php?rest_route=%2Fwp%2Fv2%2Ftags&post=504423"}],"curies":[{"name":"wp","href":"https:\/\/api.w.org\/{rel}","templated":true}]}}