{"id":504429,"date":"2022-08-11T08:43:46","date_gmt":"2022-08-11T05:43:46","guid":{"rendered":"https:\/\/arantv.az\/?p=504429"},"modified":"2022-08-11T08:43:46","modified_gmt":"2022-08-11T05:43:46","slug":"yazicilar-birliyi-qurultaya-hazirlasir-anarla-davam-yoxsa","status":"publish","type":"post","link":"https:\/\/arantv.az\/?p=504429","title":{"rendered":"Yaz\u0131\u00e7\u0131lar birliyi qurultaya haz\u0131rla\u015f\u0131r \u2013 Anarla davam, yoxsa&#8230;"},"content":{"rendered":"<p><strong>Az\u0259rbaycan Yaz\u0131\u00e7\u0131lar Birliyi qurultaya haz\u0131rla\u015f\u0131r. AYB s\u0259dri, Xalq yaz\u0131\u00e7\u0131s\u0131 Anar t\u0259\u015fkilat\u0131n qurultay\u0131na haz\u0131rl\u0131q m\u0259s\u0259l\u0259l\u0259rind\u0259n dan\u0131\u015f\u0131b.<\/strong><\/p>\n<p>AYB s\u0259dri APA-ya bildirib ki, qurultaya haz\u0131rl\u0131q prosesi yekunla\u015f\u0131b.<\/p>\n<p>\u201cHaz\u0131rl\u0131qlar yekunla\u015f\u0131b. G\u0259l\u0259n h\u0259ft\u0259 \u015eabranda yerl\u0259\u015f\u0259n Yarad\u0131c\u0131l\u0131q Evin\u0259 gedib oradak\u0131 v\u0259ziyy\u0259tl\u0259 tan\u0131\u015f olaca\u011fam. \u018fg\u0259r uy\u011fun \u015f\u0259rait varsa, qurultay orada ke\u00e7iril\u0259c\u0259k. Qurultay\u0131 is\u0259 sentyabr\u0131n ikinci yar\u0131s\u0131nda ke\u00e7irm\u0259yi n\u0259z\u0259rd\u0259 tutmu\u015fuq\u201d.<\/p>\n<p>Anar 1987-ci ild\u0259n AYB-nin s\u0259dridir. Haz\u0131rda 84 ya\u015f\u0131 var. Bu qurultayda yola sal\u0131nacaqm\u0131? Ona real alternativ kims\u0259 varm\u0131?<\/p>\n<p><img src=\"https:\/\/cdn.oxu.az\/uploads\/W1siZiIsIjIwMTkvMDcvMzEvMTQvMzEvNTYvOTY0Mjg0NWUtNmE4YS00YmM0LTg5YjItNWU1NjZmMWMxZTgyLzY3OTAyODY0XzczNTM0NzA0Njg4NTA1Nl83MDU0OTE2NzMzNTYzMzA1OTg0X24uanBnIl0sWyJwIiwiZW5jb2RlIiwianBnIiwiLXF1YWxpdHkgODAiXSxbInAiLCJ0aHVtYiIsIjYyMHg0NjVcdTAwM2UiXV0?sha=b4da12c22ad2e02c\" alt=\"Oxu.az - R\u0259\u015fad M\u0259cid: El\u0259 bilirl\u0259r, milyonlar\u0131m var, halbuki m\u0259n m\u0259\u011flub  adamam - M\u00dcSAH\u0130B\u018f\" \/><\/p>\n<p>R\u0259\u015fad M\u0259cid: \u201c\u0130ndiki d\u00f6vrd\u0259 yaz\u0131\u00e7\u0131 Anara alternativ he\u00e7 kimi yoxdur\u201d<\/p>\n<p>M\u00f6vzu il\u0259 ba\u011fl\u0131 AYB-nin s\u0259dr m\u00fcavini, yaz\u0131\u00e7\u0131, jurnalist R\u0259\u015fad M\u0259cid \u201cYeni M\u00fcsavat\u201da dan\u0131\u015f\u0131b:<\/p>\n<p>\u201cH\u0259mi\u015f\u0259 eyni fikird\u0259 olmu\u015fam ki, yaz\u0131\u00e7\u0131 Anar onun yerin\u0259 h\u0259v\u0259sl\u0259n\u0259nl\u0259rd\u0259n daha iti, sa\u011flamd\u0131r. Bu g\u00fcn\u00fcn\u00a0 \u00f6z\u00fcnd\u0259 d\u0259 yaz\u0131\u00e7\u0131 Anar el\u0259 \u0259s\u0259rl\u0259r yaz\u0131r, hadis\u0259l\u0259r\u0259 el\u0259 m\u00fcnasib\u0259t bildirir ki, onu g\u0259ncl\u0259r etmir.<\/p>\n<p>M\u0259lum oldu\u011fu kimi \u015eabranda yaz\u0131\u00e7\u0131, b\u0259st\u0259kar v\u0259 r\u0259ssamlar \u00fc\u00e7\u00fcn yeni bir yarad\u0131c\u0131l\u0131q evi tikilib. D\u00fc\u015f\u00fcn\u00fcr\u00fck ki, AYB-nin qurultay\u0131n\u0131 orada ke\u00e7ir\u0259k. \u018fvv\u0259l qurultay\u0131 \u015eu\u015fada ke\u00e7irm\u0259k ist\u0259yirdik, lakin qurultayda 400-d\u0259n \u00e7ox \u00fczv i\u015ftirak etm\u0259li idi, bu is\u0259 \u015eu\u015fada m\u00fcmk\u00fcn deyil. Ona g\u00f6r\u0259 d\u0259 qurultay\u0131n \u015eabranda ke\u00e7irilm\u0259si n\u0259z\u0259rd\u0259 tutulub.<\/p>\n<p>Yaz\u0131\u00e7\u0131 Anar h\u0259l\u0259 sa\u011flamd\u0131r, yadda\u015f\u0131 yerind\u0259dir, idar\u0259etm\u0259 bacar\u0131\u011f\u0131 y\u00fcks\u0259kdir. Ona g\u00f6r\u0259 d\u0259 onun AYB-y\u0259 r\u0259hb\u0259rlik etm\u0259si ora n\u00fcfuz g\u0259tirir. \u018fg\u0259r Anar AYB-y\u0259 s\u0259dr olmasayd\u0131 qurumun indiki n\u00fcfuzu olmazd\u0131. Bu bax\u0131mdan yen\u0259 d\u0259 Anar\u0131 AYB-y\u0259 s\u0259dr se\u00e7\u0259c\u0259yik.<\/p>\n<p>O ki qald\u0131 yaz\u0131\u00e7\u0131 Anara alternativ kimins\u0259 olmas\u0131, Anar\u0131n n\u00fcfuzundan, indiki g\u00f6rd\u00fcy\u00fc i\u015fl\u0259rd\u0259n s\u00f6hb\u0259t gedirs\u0259, indiki d\u00f6vrd\u0259 ona alternativ he\u00e7 kimi g\u00f6rm\u00fcr\u0259m. Amma n\u0259 bilirik ki, g\u0259l\u0259c\u0259kd\u0259 AYB nec\u0259 olacaq. \u018fg\u0259r g\u0259l\u0259c\u0259kd\u0259 AYB QHT-l\u0259r kimi y\u00fcng\u00fcl bir quruma \u00e7evril\u0259c\u0259ks\u0259, ona uy\u011fun da \u0259lb\u0259tt\u0259 ki, r\u0259hb\u0259rlik d\u0259 tap\u0131lacaq. Amma Anardan sonra g\u0259l\u0259c\u0259kd\u0259 estafeti davam etdir\u0259c\u0259k, onun kimi n\u00fcfuzlu, ham\u0131n\u0131n q\u0259bul etdiyi, Az\u0259rbaycan \u0259d\u0259biyyat\u0131, tarixind\u0259 rol oynayan, h\u0259rt\u0259r\u0259fli ziyal\u0131 olmayacaq. Anar ba\u015fda olmaqla, bu n\u0259sil h\u0259r t\u0259r\u0259fli z\u0259ngin, m\u0259d\u0259niyy\u0259timiz\u0259 xidm\u0259t ed\u0259n adamlard\u0131r. Bu tip insanlar t\u0259\u0259ss\u00fcf ki, indi azd\u0131r\u201d.<\/p>\n<p><img loading=\"lazy\" style=\"box-sizing: border-box; border: 0px; vertical-align: middle; max-width: 100%; height: auto;\" src=\"https:\/\/arqument.az\/file\/pic\/xeber\/2016-07\/1469697411_3.jpg\" alt=\"N\u0259 \u00e7\u0259tinmi\u015f uzaqlardan qay\u0131tmaq\u2026 &lt;font color=&quot;red&quot;&gt;- C\u0259lil Cavan\u015fir&lt;\/font&gt;\" width=\"714\" height=\"474\" \/><\/p>\n<p><strong>C\u0259lil Cavan\u015fir: \u201cYaz\u0131\u00e7\u0131 Anar getdikd\u0259n sonra onun yerin\u0259 namiz\u0259dliyimi ver\u0259c\u0259m\u201d<\/strong><\/p>\n<p><strong>Yaz\u0131\u00e7\u0131 C\u0259lil Cavan\u015fir is\u0259 d\u00fc\u015f\u00fcn\u00fcr ki, yaz\u0131\u00e7\u0131 Anara alternativ 20 il \u0259vv\u0259l d\u0259, bu g\u00fcn d\u0259 var:<\/strong>\u00a0\u201cSad\u0259c\u0259 bizd\u0259 hakimiyy\u0259t Anar\u0131n AYB-d\u0259 n\u0259 q\u0259d\u0259r qalma\u011f\u0131n\u0131 ist\u0259yirs\u0259, Anar da o zamana q\u0259d\u0259r ora r\u0259hb\u0259rlik ed\u0259c\u0259k. Ola bilsin ki, 84 deyil, h\u0259tta 94,\u00a0 104 ya\u015f\u0131n da qurumda s\u0259dr kimi qals\u0131n. Y\u0259ni, bu hakimiyy\u0259td\u0259n as\u0131l\u0131 m\u0259s\u0259l\u0259dir v\u0259 yaz\u0131\u00e7\u0131lar\u0131n he\u00e7 bir arzu v\u0259 ist\u0259kl\u0259ri n\u0259z\u0259r\u0259 al\u0131nm\u0131r. Anar\u0131n kresloda \u00f6lm\u0259sini ist\u0259y\u0259n bir qrup adam var, onlar \u00e7al\u0131\u015facaqlar ki, Anar yen\u0259 d\u0259 v\u0259zif\u0259d\u0259 qals\u0131n.<\/p>\n<p>Bir daha qeyd edir\u0259m ki, \u00f6lk\u0259d\u0259 Anara alternativ, savadl\u0131 yaz\u0131\u00e7\u0131lar var. \u00dcmumiyy\u0259tl\u0259, o v\u0259zif\u0259ni idar\u0259 etm\u0259k \u00fc\u00e7\u00fcn yax\u015f\u0131 yaz\u0131\u00e7\u0131 olmaqdan ba\u015fqa h\u0259m d\u0259 yax\u015f\u0131 menecmentlik qabiliyy\u0259tin\u0259 malik olmaq laz\u0131md\u0131r. H\u0259tta dey\u0259rdim ki, \u201cAnara alternativ yoxdur\u201d dey\u0259n R\u0259\u015fad M\u0259cid qurumu Anardan 10 d\u0259f\u0259 yax\u015f\u0131 idar\u0259 ed\u0259 bil\u0259r. Y\u0259ni, o v\u0259zif\u0259y\u0259 uy\u011fun insanlar var, t\u0259\u0259ss\u00fcf ki, bunu n\u0259z\u0259r\u0259 alan yoxdur.<\/p>\n<p>Bel\u0259likl\u0259, bud\u0259f\u0259ki qurultayda da Anar se\u00e7il\u0259c\u0259k, \u00e7\u00fcnki bunu hakimiyy\u0259t ist\u0259yir. Amma bir yaz\u0131\u00e7\u0131 olaraq \u00e7ox ist\u0259y\u0259rdik ki, d\u0259yi\u015fiklikl\u0259r olsun v\u0259 bizim d\u0259 ist\u0259kl\u0259rimiz n\u0259z\u0259r\u0259 al\u0131ns\u0131n, ax\u0131r ki, Anar m\u00fc\u0259llim\u00a0 istirah\u0259t\u0259 \u00e7\u0259kilsin, \u00f6mr\u00fcn\u00fcn qalan hiss\u0259sini istirah\u0259td\u0259 ke\u00e7irsin. 35 ildir AYB s\u0259drliyind\u0259dir v\u0259 art\u0131q onun g\u00f6r\u0259 bil\u0259c\u0259yi i\u015f qalmay\u0131b. \u00dcmumiyy\u0259tl\u0259, indiy\u0259 q\u0259d\u0259r he\u00e7 bir i\u015f d\u0259 g\u00f6rm\u0259yib. \u00c7ox yax\u015f\u0131 olard\u0131 ki, g\u0259ncl\u0259r\u0259 d\u0259 yol a\u00e7\u0131ls\u0131n, amma buna he\u00e7 \u00fcmidim d\u0259 yoxdur\u201d<\/p>\n<p>\u201cAYB s\u0259drliyind\u0259 kimi g\u00f6rm\u0259k ist\u0259y\u0259rdiniz?\u201d sual\u0131m\u0131za yaz\u0131\u00e7\u0131 bel\u0259 cavab verdi:<\/p>\n<p>\u201cC\u0259lil Cavan\u015firi g\u00f6rm\u0259k ist\u0259y\u0259rdim. C\u0259lil Cavan\u015firi simvolik olaraq deyir\u0259m, \u00e7\u00fcnki m\u0259nim ya\u015f\u0131dlar\u0131m aras\u0131nda o i\u015fi g\u00f6r\u0259 bil\u0259c\u0259k kifay\u0259t q\u0259d\u0259r insan var. Bel\u0259likl\u0259, \u00f6z\u00fcm\u00fc onun yerin\u0259 layiq g\u00f6r\u00fcr\u0259m. Do\u011frudur, haz\u0131rda AYB \u00fczv\u00fc deyil\u0259m, buna g\u00f6r\u0259 d\u0259 namiz\u0259dliyimi ver\u0259 bilmir\u0259m. Amma b\u00f6y\u00fck ehtimalla Anardan sonra AYB \u00fczvl\u00fcy\u00fcn\u0259 daxil olub, namiz\u0259dliyimi ir\u0259li s\u00fcr\u0259c\u0259m\u201d.<\/p>\n<p><img src=\"https:\/\/strateq.az\/wp-content\/uploads\/2016\/12\/qan.jpg\" alt=\"Qan Tural\u0131: &quot;Yaz\u0131\u00e7\u0131 alkoqolik\u0259 \u00e7evril\u0259nd\u0259 uduzduq biz&quot; - hekay\u0259\" \/><\/p>\n<p><strong>Qan Tural\u0131: \u201cAnar AYB-ni \u00f6z\u00fcn\u00fcn \u015f\u0259xsi maraqlar\u0131 il\u0259 idar\u0259 edir\u201d<\/strong><\/p>\n<p>Yaz\u0131\u00e7\u0131 Qan Tural\u0131 da Anara alternativ olan yaz\u0131\u00e7\u0131lar\u0131n oldu\u011funu bildirdi: \u201cBu bir reall\u0131qd\u0131r ki, AYB-nin s\u0259drliyi yaz\u0131\u00e7\u0131l\u0131qla ba\u011fl\u0131 deyil, inzibati bir v\u0259zif\u0259dir. Yaz\u0131\u00e7\u0131 Anar istedadl\u0131 yaz\u0131\u00e7\u0131 ola bil\u0259r, amma bu o dem\u0259k deyil ki o \u00f6lk\u0259nin\u00a0 \u0259n b\u00f6y\u00fck yaz\u0131\u00e7\u0131s\u0131d\u0131r v\u0259 yaxud AYB-nin s\u0259dri oldu\u011fu \u00fc\u00e7\u00fcn yax\u015f\u0131 yaz\u0131\u00e7\u0131d\u0131r. Hesab edir\u0259m ki, AYB-nin daxilind\u0259 Anara alternativ olan, h\u0259tta daha yax\u015f\u0131 idar\u0259etm\u0259 qabiliyy\u0259tin\u0259 malik insanlar var.<\/p>\n<p>Bu da bir faktd\u0131r ki, yaz\u0131\u00e7\u0131 Anar AYB-ni \u00f6z\u00fcn\u00fcn \u015f\u0259xsi maraqlar\u0131 il\u0259 idar\u0259 edir v\u0259 ata-anas\u0131n\u0131 t\u0259nqid ed\u0259n yaz\u0131\u00e7\u0131lar\u0131 qurumun \u00fczvl\u00fcy\u00fcnd\u0259n \u00e7\u0131xartma\u011fa \u00e7al\u0131\u015f\u0131b. \u018fd\u0259biyyat d\u00fcnyan\u0131 birl\u0259\u015fdir\u0259n bir pe\u015f\u0259dir v\u0259\u00a0 onu t\u0259msil ed\u0259n qurumun r\u0259hb\u0259ri d\u0259 b\u00fct\u00fcn yaz\u0131\u00e7\u0131lara qar\u015f\u0131 b\u0259rab\u0259r m\u0259saf\u0259d\u0259 dayanmal\u0131d\u0131r. Hesab edir\u0259m ki, AYB-d\u0259 bu c\u00fcr insanlar \u00e7oxdur. M\u0259s\u0259l\u0259n, R\u0259\u015fad M\u0259cid \u00e7ox yax\u015f\u0131 alternativdur. V\u0259 yaxud El\u00e7in \u018ff\u0259ndiyev, S\u0259lim Babullao\u011flunu\u00a0 qeyd ed\u0259 bil\u0259r\u0259m. \u00c7ingiz Abdullayevin d\u0259 ad\u0131n\u0131 \u00e7\u0259k\u0259rdim, lakin Az\u0259rbaycan dilini bilm\u0259diyi \u00fc\u00e7\u00fcn onun ad\u0131n\u0131 \u00e7\u0259k\u0259 bilmir\u0259m.<\/p>\n<p>\u00dcmumiyy\u0259tl\u0259, hans\u0131sa t\u0259\u015fkilatda alternativin olmamas\u0131 h\u0259min t\u0259\u015fkilat\u0131n m\u0259hv olmas\u0131 dem\u0259kdir.<\/p>\n<p>M\u0259n AYB-nin \u00fczv\u00fc deyil\u0259m, m\u0259hz bu c\u00fcr m\u0259s\u0259l\u0259l\u0259r\u0259 g\u00f6r\u0259. \u00c7\u00fcnki hesab edir\u0259m ki, AYB-nin i\u015fi, pe\u015f\u0259si m\u00fcasir standartlara uy\u011fun deyil.\u201d.<\/p>\n","protected":false},"excerpt":{"rendered":"<p>Az\u0259rbaycan Yaz\u0131\u00e7\u0131lar Birliyi qurultaya haz\u0131rla\u015f\u0131r. AYB s\u0259dri, Xalq yaz\u0131\u00e7\u0131s\u0131 Anar t\u0259\u015fkilat\u0131n qurultay\u0131na haz\u0131rl\u0131q m\u0259s\u0259l\u0259l\u0259rind\u0259n dan\u0131\u015f\u0131b. AYB s\u0259dri APA-ya bildirib ki, qurultaya haz\u0131rl\u0131q prosesi yekunla\u015f\u0131b. \u201cHaz\u0131rl\u0131qlar yekunla\u015f\u0131b. G\u0259l\u0259n h\u0259ft\u0259 \u015eabranda yerl\u0259\u015f\u0259n Yarad\u0131c\u0131l\u0131q Evin\u0259 gedib oradak\u0131 v\u0259ziyy\u0259tl\u0259 tan\u0131\u015f olaca\u011fam. \u018fg\u0259r uy\u011fun \u015f\u0259rait varsa, qurultay orada ke\u00e7iril\u0259c\u0259k. Qurultay\u0131 is\u0259 sentyabr\u0131n ikinci yar\u0131s\u0131nda ke\u00e7irm\u0259yi n\u0259z\u0259rd\u0259 tutmu\u015fuq\u201d. Anar 1987-ci ild\u0259n AYB-nin s\u0259dridir. Haz\u0131rda 84 ya\u015f\u0131 var. Bu qurultayda yola sal\u0131nacaqm\u0131? Ona real alternativ kims\u0259 varm\u0131? R\u0259\u015fad M\u0259cid: \u201c\u0130ndiki d\u00f6vrd\u0259 yaz\u0131\u00e7\u0131 Anara alternativ he\u00e7 kimi yoxdur\u201d M\u00f6vzu il\u0259 ba\u011fl\u0131 AYB-nin s\u0259dr m\u00fcavini, yaz\u0131\u00e7\u0131, jurnalist R\u0259\u015fad M\u0259cid&hellip;<\/p>\n","protected":false},"author":2,"featured_media":504430,"comment_status":"closed","ping_status":"closed","sticky":false,"template":"","format":"standard","meta":{"om_disable_all_campaigns":false,"_monsterinsights_skip_tracking":false,"_monsterinsights_sitenote_active":false,"_monsterinsights_sitenote_note":"","_monsterinsights_sitenote_category":0},"categories":[1],"tags":[],"aioseo_notices":[],"gutentor_comment":0,"rttpg_featured_image_url":{"full":["https:\/\/arantv.az\/wp-content\/uploads\/2022\/08\/235e23737b9464605ea73be684f3b5a4.jpg",734,412,false],"landscape":["https:\/\/arantv.az\/wp-content\/uploads\/2022\/08\/235e23737b9464605ea73be684f3b5a4.jpg",734,412,false],"portraits":["https:\/\/arantv.az\/wp-content\/uploads\/2022\/08\/235e23737b9464605ea73be684f3b5a4.jpg",734,412,false],"thumbnail":["https:\/\/arantv.az\/wp-content\/uploads\/2022\/08\/235e23737b9464605ea73be684f3b5a4-500x280.jpg",500,280,true],"medium":["https:\/\/arantv.az\/wp-content\/uploads\/2022\/08\/235e23737b9464605ea73be684f3b5a4-650x365.jpg",650,365,true],"large":["https:\/\/arantv.az\/wp-content\/uploads\/2022\/08\/235e23737b9464605ea73be684f3b5a4.jpg",640,359,false],"1536x1536":["https:\/\/arantv.az\/wp-content\/uploads\/2022\/08\/235e23737b9464605ea73be684f3b5a4.jpg",734,412,false],"2048x2048":["https:\/\/arantv.az\/wp-content\/uploads\/2022\/08\/235e23737b9464605ea73be684f3b5a4.jpg",734,412,false],"post-thumbnail":["https:\/\/arantv.az\/wp-content\/uploads\/2022\/08\/235e23737b9464605ea73be684f3b5a4-240x172.jpg",240,172,true],"advps-thumb-one":["https:\/\/arantv.az\/wp-content\/uploads\/2022\/08\/235e23737b9464605ea73be684f3b5a4.jpg",734,412,false]},"rttpg_author":{"display_name":"V\u00fcsal Rafiqo\u011flu","author_link":"https:\/\/arantv.az\/?author=2"},"rttpg_comment":0,"rttpg_category":"<a href=\"https:\/\/arantv.az\/?cat=1\" rel=\"category\">C\u0259miyy\u0259t<\/a>","rttpg_excerpt":"Az\u0259rbaycan Yaz\u0131\u00e7\u0131lar Birliyi qurultaya haz\u0131rla\u015f\u0131r. AYB s\u0259dri, Xalq yaz\u0131\u00e7\u0131s\u0131 Anar t\u0259\u015fkilat\u0131n qurultay\u0131na haz\u0131rl\u0131q m\u0259s\u0259l\u0259l\u0259rind\u0259n dan\u0131\u015f\u0131b. AYB s\u0259dri APA-ya bildirib ki, qurultaya haz\u0131rl\u0131q prosesi yekunla\u015f\u0131b. \u201cHaz\u0131rl\u0131qlar yekunla\u015f\u0131b. G\u0259l\u0259n h\u0259ft\u0259 \u015eabranda yerl\u0259\u015f\u0259n Yarad\u0131c\u0131l\u0131q Evin\u0259 gedib oradak\u0131 v\u0259ziyy\u0259tl\u0259 tan\u0131\u015f olaca\u011fam. \u018fg\u0259r uy\u011fun \u015f\u0259rait varsa, qurultay orada ke\u00e7iril\u0259c\u0259k. Qurultay\u0131 is\u0259 sentyabr\u0131n ikinci yar\u0131s\u0131nda ke\u00e7irm\u0259yi n\u0259z\u0259rd\u0259 tutmu\u015fuq\u201d. Anar 1987-ci ild\u0259n&hellip;","_links":{"self":[{"href":"https:\/\/arantv.az\/index.php?rest_route=\/wp\/v2\/posts\/504429"}],"collection":[{"href":"https:\/\/arantv.az\/index.php?rest_route=\/wp\/v2\/posts"}],"about":[{"href":"https:\/\/arantv.az\/index.php?rest_route=\/wp\/v2\/types\/post"}],"author":[{"embeddable":true,"href":"https:\/\/arantv.az\/index.php?rest_route=\/wp\/v2\/users\/2"}],"replies":[{"embeddable":true,"href":"https:\/\/arantv.az\/index.php?rest_route=%2Fwp%2Fv2%2Fcomments&post=504429"}],"version-history":[{"count":0,"href":"https:\/\/arantv.az\/index.php?rest_route=\/wp\/v2\/posts\/504429\/revisions"}],"wp:featuredmedia":[{"embeddable":true,"href":"https:\/\/arantv.az\/index.php?rest_route=\/wp\/v2\/media\/504430"}],"wp:attachment":[{"href":"https:\/\/arantv.az\/index.php?rest_route=%2Fwp%2Fv2%2Fmedia&parent=504429"}],"wp:term":[{"taxonomy":"category","embeddable":true,"href":"https:\/\/arantv.az\/index.php?rest_route=%2Fwp%2Fv2%2Fcategories&post=504429"},{"taxonomy":"post_tag","embeddable":true,"href":"https:\/\/arantv.az\/index.php?rest_route=%2Fwp%2Fv2%2Ftags&post=504429"}],"curies":[{"name":"wp","href":"https:\/\/api.w.org\/{rel}","templated":true}]}}