{"id":504433,"date":"2022-08-11T08:44:49","date_gmt":"2022-08-11T05:44:49","guid":{"rendered":"https:\/\/arantv.az\/?p=504433"},"modified":"2022-08-11T08:44:49","modified_gmt":"2022-08-11T05:44:49","slug":"prezidentin-kom%c9%99kcisind%c9%99n-dunyaya-mesaj-lacina-kocurulmus-yaxin-s%c9%99rq-erm%c9%99nil%c9%99ri","status":"publish","type":"post","link":"https:\/\/arantv.az\/?p=504433","title":{"rendered":"Prezidentin k\u00f6m\u0259k\u00e7isind\u0259n d\u00fcnyaya mesaj: \u201cLa\u00e7\u0131na k\u00f6\u00e7\u00fcr\u00fclm\u00fc\u015f Yax\u0131n \u015e\u0259rq erm\u0259nil\u0259ri&#8230;\u201d"},"content":{"rendered":"<p><strong>\u201cLa\u00e7\u0131n\u0131n i\u015f\u011fal\u0131 v\u0259 ya\u011fmalanmas\u0131ndan sonra Yax\u0131n \u015e\u0259rqd\u0259n olan erm\u0259nil\u0259r qanunsuz olaraq bu \u0259razil\u0259rd\u0259 m\u0259skunla\u015fd\u0131r\u0131l\u0131blar\u201d.<\/strong><\/p>\n<p>Bunu Az\u0259rbaycan Respublikas\u0131 Prezidentinin k\u00f6m\u0259k\u00e7isi &#8211; Prezident Administrasiyas\u0131n\u0131n Xarici siyas\u0259t m\u0259s\u0259l\u0259l\u0259ri \u00fczr\u0259 \u015f\u00f6b\u0259 m\u00fcdiri Hikm\u0259t Hac\u0131yev \u201c<a href=\"https:\/\/twitter.com\/\">Twitter<\/a>\u201c hesab\u0131ndak\u0131 payla\u015f\u0131m\u0131nda qeyd edib.<\/p>\n<p>Hikm\u0259t Hac\u0131yev \u201cThe Times\u201d n\u0259\u015frinin i\u015f\u011falla ba\u011fl\u0131 reportaj\u0131n\u0131 da payla\u015f\u0131b.<\/p>\n<p>\u201cErm\u0259nistan t\u0259r\u0259find\u0259n 1992-ci ild\u0259 La\u00e7\u0131n\u0131n Zabux k\u0259ndinin qanunsuz i\u015f\u011fal\u0131, yand\u0131r\u0131lmas\u0131 v\u0259 ya\u011fmalanmas\u0131 il\u0259 ba\u011fl\u0131 Robert Siilinin &#8220;The Times&#8221; reportaj\u0131. \u0130\u015f\u011faldan sonra Yax\u0131n \u015e\u0259rqd\u0259n olan erm\u0259nil\u0259rin qanunsuz m\u0259skunla\u015fd\u0131r\u0131lmas\u0131 apar\u0131ld\u0131. \u018flyazmalar yanm\u0131r\u201d \u2013 dey\u0259, Prezidentin k\u00f6m\u0259k\u00e7isi vur\u011fulay\u0131b.<\/p>\n<p>B\u0259li, dan\u0131lmaz faktd\u0131r ki, La\u00e7\u0131n i\u015f\u011fal edil\u0259n\u0259d\u0259k n\u0259 La\u00e7\u0131n\u0131n m\u0259rk\u0259zind\u0259 &#8211; \u015f\u0259h\u0259rd\u0259, n\u0259 d\u0259 haz\u0131rda erm\u0259nil\u0259rin haray sald\u0131qlar\u0131 Zabux k\u0259ndind\u0259 bir n\u0259f\u0259r d\u0259 olsun erm\u0259ni sakin olmay\u0131b. Erm\u0259nil\u0259r bura i\u015f\u011fal d\u00f6vr\u00fcnd\u0259 xaricd\u0259n m\u0259qs\u0259dli \u015f\u0259kild\u0259 g\u0259tirilib v\u0259 m\u0259skunla\u015fd\u0131r\u0131l\u0131b. Y\u0259ni onlar\u0131n Az\u0259rbaycandan v\u0259t\u0259nda\u015fl\u0131q, yaxud kompensasiya ist\u0259m\u0259k h\u00fcquqlar\u0131 he\u00e7 bir halda yoxdur. Onlar t\u0259l\u0259bl\u0259rini yaln\u0131z Erm\u0259nistan hakimiyy\u0259tind\u0259n ed\u0259 bil\u0259rl\u0259r ki, n\u0259 \u00fc\u00e7\u00fcn vaxt\u0131 il\u0259 i\u015f\u011fal edilmi\u015f \u0259razil\u0259r\u0259 aldad\u0131laraq yerl\u0259\u015fdirilibl\u0259r v\u0259 indi bu duruma d\u00fc\u015f\u00fcbl\u0259r.<\/p>\n<p>Bunlar\u0131 Az\u0259rbaycan\u0131n\u0131n r\u0259smi \u015f\u0259xsi a\u00e7\u0131qlayaraq d\u00fcnyaya, erm\u0259ni d\u0259st\u0259k\u00e7il\u0259rin\u0259 d\u0259 mesaj vermi\u015f oldu ki, sabah hans\u0131sa q\u0259r\u0259zli beyn\u0259lxalq t\u0259\u015fkilat ertm\u0259nil\u0259rin Qaraba\u011fdan zorla qovulmas\u0131 haqda saxta iddialar tirajlamas\u0131nlar.<\/p>\n<p>\u00dcmumiyy\u0259tl\u0259, Qaraba\u011f\u0131n azadl\u0131\u011f\u0131ndan sonra i\u015f\u011fal zaman\u0131 ora yerl\u0259\u015fdirilmi\u015f v\u0259 30 il\u0259 yax\u0131n torpaqlar\u0131m\u0131z\u0131, s\u0259rv\u0259tl\u0259rimizi istismar etmi\u015f erm\u0259nil\u0259rl\u0259 ba\u011fl\u0131 da Az\u0259rbaycan Erm\u0259nistana qar\u015f\u0131 beyn\u0259lxalq m\u0259hk\u0259m\u0259y\u0259 ayr\u0131ca m\u00fcraci\u0259t etm\u0259k h\u00fcququna malikdirmi? Bu add\u0131m at\u0131lmal\u0131d\u0131rm\u0131?<\/p>\n<p><img src=\"https:\/\/faktyoxla.info\/pictures\/pictures\/jEai8D9PvibT4KjEt\/reduced\/jEai8D9PvibT4KjEt.jpg\" alt=\"Hikm\u0259t Babao\u011flu: \u201cAXC-M\u00fcsavat c\u00fctl\u00fcy\u00fc BMT T\u0259hl\u00fck\u0259sizlik \u015euras\u0131n\u0131n 5 \u00fczv\u00fcn\u0259  qar\u015f\u0131 \u0259razi iddias\u0131 ir\u0259li s\u00fcrm\u00fc\u015fd\u00fc\u201d\" \/><\/p>\n<p><strong>Hikm\u0259t Babao\u011flu:<\/strong>\u00a0\u201cHikm\u0259t Hac\u0131yevin La\u00e7\u0131n v\u0259 Zabux q\u0259s\u0259b\u0259si il\u0259 ba\u011fl\u0131 dedikl\u0259ri d\u0259qiq fakt v\u0259 d\u0259lill\u0259r\u0259 \u0259saslan\u0131r\u201d<\/p>\n<p><strong>YAP-\u00e7\u0131 deputat Hikm\u0259t Babao\u011flu m\u0259s\u0259l\u0259y\u0259 bu c\u00fcr \u015f\u0259rh verdi:<\/strong>\u00a0\u201cAz\u0259rbaycan prezidentinin k\u00f6m\u0259k\u00e7isi Hikm\u0259t Hac\u0131yevin La\u00e7\u0131n v\u0259 Zabux q\u0259s\u0259b\u0259si il\u0259 ba\u011fl\u0131 dedikl\u0259ri d\u0259qiq fakt v\u0259 d\u0259lill\u0259r\u0259 \u0259saslan\u0131r. Yax\u0131n h\u0259rbi-siyasi ke\u00e7mi\u015fimizin ac\u0131 ger\u00e7\u0259kliyidir. Dig\u0259r b\u00fct\u00fcn i\u015f\u011fal alt\u0131na d\u00fc\u015f\u0259n \u0259razil\u0259rimiz kimi La\u00e7\u0131n\u0131n i\u015f\u011fal\u0131 zaman\u0131 da erm\u0259ni fa\u015fistl\u0259ri barbarl\u0131\u011f\u0131n \u0259n q\u0259ddar n\u00fcmun\u0259l\u0259rini g\u00f6st\u0259rdil\u0259r. Evl\u0259rimizi yand\u0131rd\u0131lar, milli m\u0259d\u0259ni v\u0259 tarixi miras\u0131m\u0131z\u0131 m\u0259hv etdil\u0259r. Bu g\u00fcn\u0259 q\u0259d\u0259r d\u0259 h\u0259min cinay\u0259tl\u0259rl\u0259 ba\u011fl\u0131 \u00e7oxsayl\u0131 foto v\u0259 video materiallar var. Onlardan biri d\u0259, 1992-ci ild\u0259 La\u00e7\u0131n\u0131n Zabux k\u0259ndinin qanunsuz i\u015f\u011fal\u0131, yand\u0131r\u0131lmas\u0131 v\u0259 ya\u011fmalanmas\u0131 il\u0259 ba\u011fl\u0131 Robert Siilinin &#8220;The Times&#8221; reportaj\u0131d\u0131r. Bu material\u0131n indi yenid\u0259n t\u0259qdim olunmas\u0131 h\u0259m erm\u0259ni barbarl\u0131\u011f\u0131n\u0131n if\u015fas\u0131, h\u0259m d\u0259 xaricd\u0259n g\u0259tiril\u0259r\u0259k Zabuxda m\u0259skunla\u015fd\u0131r\u0131lm\u0131\u015f erm\u0259nil\u0259rin iddialar\u0131na veril\u0259n cavabd\u0131r. D\u00fcz 30 il erm\u0259ni i\u015f\u011fal\u00e7\u0131lar\u0131 m\u00fcq\u0259dd\u0259s v\u0259t\u0259n torpaqlar\u0131m\u0131z\u0131 tapdalayaraq biz\u0259 \u0259zab \u00e7\u0259kdirdil\u0259r. Ali \u00a0Ba\u015f komandan\u0131m\u0131z\u0131n q\u0259tiyy\u0259ti, xalq\u0131m\u0131z\u0131n birliyi v\u0259 ordumuzun r\u0259\u015fad\u0259ti say\u0259sind\u0259 torpaqlar\u0131m\u0131z\u0131 i\u015f\u011faldan azad etdik. Erm\u0259nil\u0259r\u0259 Az\u0259rbaycan \u0259razil\u0259rin\u0259 k\u00f6\u00e7\u00fcr\u00fcld\u00fckl\u0259ri son iki y\u00fcz illik tarixd\u0259 ilk d\u0259f\u0259dir ki, s\u00f6z\u00fcn \u0259sl m\u0259nas\u0131nda layiqli d\u0259rs verdik. Ancaq g\u00f6r\u00fcn\u00fcr bu azd\u0131r. \u00c7\u00fcnki h\u0259l\u0259 d\u0259 d\u00fcn\u0259n g\u0259ldikl\u0259ri Az\u0259rbaycan torpaqlar\u0131na qar\u015f\u0131 iddia il\u0259 \u00e7\u0131x\u0131\u015f edirl\u0259r. Bu h\u0259yas\u0131zl\u0131\u011f\u0131n son h\u0259ddidir. Ona g\u00f6r\u0259 d\u0259 bir xalq olaraq erm\u0259ni fa\u015fizmin\u0259 qar\u015f\u0131 m\u00fcbariz\u0259mizi \u0259n m\u00fcxt\u0259lif s\u0259viyy\u0259l\u0259rd\u0259 v\u0259 platformalarda davam etm\u0259liyik. Bunlardan biri d\u0259 beyn\u0259lxalq h\u00fcququn imkan v\u0259 mexanizml\u0259rind\u0259n istifad\u0259 etm\u0259kl\u0259 biz\u0259 vurulan maddi-m\u0259n\u0259vi ziyan\u0131n \u00f6d\u0259nilm\u0259si istiqam\u0259ti olmal\u0131d\u0131r. Haz\u0131rda m\u00fcvafiq qurumlar\u0131m\u0131z bu istiqam\u0259t \u00fczr\u0259 f\u0259aliyy\u0259tl\u0259rini davam etdirm\u0259kd\u0259dirl\u0259r. Z\u0259r\u0259rin hesablanmas\u0131, faktlar\u0131n t\u0259qdim edilm\u0259si, iddian\u0131n beyn\u0259lxalq h\u00fcququn t\u0259l\u0259bl\u0259rin\u0259 uy\u011fun formada haz\u0131rlanmas\u0131 prosesi davam edir. Haz\u0131rk\u0131 tarixi m\u0259rh\u0259l\u0259d\u0259 h\u0259r bir az\u0259rbaycanl\u0131 \u00f6z enerji v\u0259 potensial\u0131n\u0131n bir hiss\u0259sini erm\u0259ni va\u015fizmin\u0259 qar\u015f\u0131 m\u00fcbariz\u0259y\u0259 s\u0259rf etm\u0259lidir. Bu \u0259n m\u00fcxt\u0259lif platformlarda v\u0259 \u0259n m\u00fcxt\u0259lif \u00fcsullarla m\u00fcmk\u00fcnd\u00fcr. Jurnalist mediada, sosial \u015f\u0259b\u0259k\u0259 f\u0259allar\u0131m\u0131z internet resurslar\u0131nda, h\u00fcquq\u015funaslar\u0131m\u0131z h\u00fcquqi platformada v\u0259 s\u201d.<\/p>\n<p><img src=\"https:\/\/1news.az\/images\/2022\/05\/23\/20220523011132774\/thumb.jpg?2022-05-23+14%3A09%3A53\" alt=\"Az\u0259rbaycan v\u0259 Erm\u0259nistan d\u00f6vl\u0259t ba\u015f\u00e7\u0131lar\u0131n\u0131n g\u00f6r\u00fc\u015f\u00fcnd\u0259 u\u011furlu n\u0259tic\u0259l\u0259r  \u0259ld\u0259 olunub\u201d - \u0130lyas H\u00fcseynov | 1news.az | X\u0259b\u0259rl\u0259r\" \/><\/p>\n<p><strong>\u0130lyas H\u00fcseynov:<\/strong>\u00a0\u201cLa\u00e7\u0131n d\u0259hlizin\u0259 alternativ yolun istifad\u0259y\u0259 verilm\u0259sind\u0259n sonra&#8230;\u201d<\/p>\n<p><strong>Sosial T\u0259dqiqatlar M\u0259rk\u0259zinin Daxili siyas\u0259tin t\u0259hlili departamentinin ba\u015f m\u0259sl\u0259h\u0259t\u00e7isi, politoloq \u0130lyas H\u00fcseynov narahat\u00e7\u0131l\u0131\u011f\u0131n\u0131 bu c\u00fcr ifad\u0259 etdi:<\/strong>\u00a0\u201c30 il\u0259 yax\u0131n m\u00fcdd\u0259t \u0259rzind\u0259 Az\u0259rbaycan\u0131n \u0259razil\u0259rini i\u015f\u011fal ed\u0259n, b\u00f6lg\u0259d\u0259 etnik t\u0259mizl\u0259m\u0259 siyas\u0259ti aparan Erm\u0259nistan h\u0259m d\u0259 tarixi Az\u0259rbaycan torpaqlar\u0131n\u0131 talay\u0131b, s\u0259rv\u0259tl\u0259rini da\u015f\u0131y\u0131b v\u0259 qeyri-qanuni m\u0259skunla\u015fma apar\u0131b. Qanunsuz k\u00f6\u00e7\u00fcr\u00fclm\u0259l\u0259rl\u0259 ba\u011fl\u0131 d\u0259f\u0259l\u0259rl\u0259 beyn\u0259lxalq qurumlara m\u00fcraci\u0259tl\u0259r cavabs\u0131z qal\u0131b. La\u00e7\u0131n\u0131n Zabux k\u0259ndin\u0259 d\u0259 erm\u0259nil\u0259r Yax\u0131n \u015e\u0259rqd\u0259n k\u00f6\u00e7\u00fcr\u00fcl\u00fcbl\u0259r. Burada xaricd\u0259ki erm\u0259ni diasporu v\u0259 m\u00fcxt\u0259lif ian\u0259l\u0259r toplayan fondlar f\u0259al rol oynay\u0131b. \u0130ndi h\u0259min erm\u0259nil\u0259r i\u015f\u011fal olunmu\u015f \u0259razil\u0259r\u0259 yerl\u0259\u015fdirildikl\u0259rinin v\u0259 aldad\u0131ldaqlar\u0131n\u0131n f\u0259rqind\u0259 olmal\u0131d\u0131rlar. La\u00e7\u0131n d\u0259hlizin\u0259 alternativ yolun istifad\u0259y\u0259 verilm\u0259sind\u0259n sonra Az\u0259rbaycan\u0131n insan h\u00fcquq v\u0259 azadl\u0131qlar\u0131n\u0131 pozdu\u011funa dair \u00e7oxsayl\u0131 m\u00fcraci\u0259tl\u0259r edilm\u0259si g\u00f6zl\u0259nilir. \u00c7\u00fcnki a\u011flamaq v\u0259 \u00f6z\u00fcn\u00fc m\u0259zlum g\u00f6st\u0259rm\u0259k erm\u0259nil\u0259rin \u0259n yax\u015f\u0131 bacard\u0131\u011f\u0131 istiqam\u0259tdir. Lakin burada h\u00fccum diplomatiyas\u0131n\u0131n h\u0259yata ke\u00e7irilm\u0259sin\u0259 b\u00f6y\u00fck ehtiyac vard\u0131r. M\u00fcharib\u0259d\u0259n sonra Erm\u0259nistandan t\u0259zminat t\u0259l\u0259bi il\u0259 ba\u011fl\u0131 \u00e7\u0131x\u0131\u015flar \u00e7oxluq t\u0259\u015fkil edirdi. Haz\u0131rda bu c\u00fcr \u00e7\u0131x\u0131\u015flar m\u00fc\u015fahid\u0259 olunmur. Buna g\u00f6r\u0259 Az\u0259rbaycana maddi v\u0259 m\u0259n\u0259vi c\u0259h\u0259td\u0259n vurulmu\u015f milyardlarla AB\u015e dollar\u0131 m\u0259bl\u0259\u011find\u0259 ziyan\u0131n \u00f6d\u0259nilm\u0259sin\u0259 \u00e7al\u0131\u015fmaq laz\u0131md\u0131r. Bu x\u00fcsusda tarixi Az\u0259rbaycan torpaqlar\u0131 olan Z\u0259ng\u0259zur, G\u00f6y\u00e7\u0259 v\u0259 \u0130r\u0259vana az\u0259rbaycanl\u0131lar\u0131n geri qay\u0131tmas\u0131 t\u0259l\u0259bl\u0259r s\u0131ras\u0131nda yer almal\u0131d\u0131r. Eyni zamanda \u0130r\u0259vanda T\u0259p\u0259ba\u015f\u0131 m\u0259h\u0259ll\u0259sinin da\u011f\u0131lmas\u0131na qar\u015f\u0131 kampaniyan\u0131n \u00e7ox u\u011furlu oldu\u011funu d\u00fc\u015f\u00fcn\u00fcr\u0259m. Bu c\u00fcr kampaniyalar geni\u015f v\u00fcs\u0259t almal\u0131 v\u0259 maddi ekvivalenti ist\u0259nilm\u0259lidir. \u018fks halda erm\u0259nil\u0259r haqs\u0131z olduqlar\u0131 halda b\u00fct\u00fcn beyn\u0259lxalq instansiyalara Az\u0259rbaycan\u0131 g\u00fcnahland\u0131ran m\u00fcraci\u0259tl\u0259r \u00fcnvanlayacaqlar\u201d.<\/p>\n","protected":false},"excerpt":{"rendered":"<p>\u201cLa\u00e7\u0131n\u0131n i\u015f\u011fal\u0131 v\u0259 ya\u011fmalanmas\u0131ndan sonra Yax\u0131n \u015e\u0259rqd\u0259n olan erm\u0259nil\u0259r qanunsuz olaraq bu \u0259razil\u0259rd\u0259 m\u0259skunla\u015fd\u0131r\u0131l\u0131blar\u201d. Bunu Az\u0259rbaycan Respublikas\u0131 Prezidentinin k\u00f6m\u0259k\u00e7isi &#8211; Prezident Administrasiyas\u0131n\u0131n Xarici siyas\u0259t m\u0259s\u0259l\u0259l\u0259ri \u00fczr\u0259 \u015f\u00f6b\u0259 m\u00fcdiri Hikm\u0259t Hac\u0131yev \u201cTwitter\u201c hesab\u0131ndak\u0131 payla\u015f\u0131m\u0131nda qeyd edib. Hikm\u0259t Hac\u0131yev \u201cThe Times\u201d n\u0259\u015frinin i\u015f\u011falla ba\u011fl\u0131 reportaj\u0131n\u0131 da payla\u015f\u0131b. \u201cErm\u0259nistan t\u0259r\u0259find\u0259n 1992-ci ild\u0259 La\u00e7\u0131n\u0131n Zabux k\u0259ndinin qanunsuz i\u015f\u011fal\u0131, yand\u0131r\u0131lmas\u0131 v\u0259 ya\u011fmalanmas\u0131 il\u0259 ba\u011fl\u0131 Robert Siilinin &#8220;The Times&#8221; reportaj\u0131. \u0130\u015f\u011faldan sonra Yax\u0131n \u015e\u0259rqd\u0259n olan erm\u0259nil\u0259rin qanunsuz m\u0259skunla\u015fd\u0131r\u0131lmas\u0131 apar\u0131ld\u0131. \u018flyazmalar yanm\u0131r\u201d \u2013 dey\u0259, Prezidentin k\u00f6m\u0259k\u00e7isi vur\u011fulay\u0131b. B\u0259li, dan\u0131lmaz faktd\u0131r ki, La\u00e7\u0131n i\u015f\u011fal edil\u0259n\u0259d\u0259k n\u0259 La\u00e7\u0131n\u0131n m\u0259rk\u0259zind\u0259&hellip;<\/p>\n","protected":false},"author":2,"featured_media":504434,"comment_status":"closed","ping_status":"closed","sticky":false,"template":"","format":"standard","meta":{"om_disable_all_campaigns":false,"_monsterinsights_skip_tracking":false,"_monsterinsights_sitenote_active":false,"_monsterinsights_sitenote_note":"","_monsterinsights_sitenote_category":0},"categories":[4],"tags":[],"aioseo_notices":[],"gutentor_comment":0,"rttpg_featured_image_url":{"full":["https:\/\/arantv.az\/wp-content\/uploads\/2022\/08\/ea2695143b831810626f12380b2c5445.jpg",637,400,false],"landscape":["https:\/\/arantv.az\/wp-content\/uploads\/2022\/08\/ea2695143b831810626f12380b2c5445.jpg",637,400,false],"portraits":["https:\/\/arantv.az\/wp-content\/uploads\/2022\/08\/ea2695143b831810626f12380b2c5445.jpg",637,400,false],"thumbnail":["https:\/\/arantv.az\/wp-content\/uploads\/2022\/08\/ea2695143b831810626f12380b2c5445-500x280.jpg",500,280,true],"medium":["https:\/\/arantv.az\/wp-content\/uploads\/2022\/08\/ea2695143b831810626f12380b2c5445-581x365.jpg",581,365,true],"large":["https:\/\/arantv.az\/wp-content\/uploads\/2022\/08\/ea2695143b831810626f12380b2c5445.jpg",637,400,false],"1536x1536":["https:\/\/arantv.az\/wp-content\/uploads\/2022\/08\/ea2695143b831810626f12380b2c5445.jpg",637,400,false],"2048x2048":["https:\/\/arantv.az\/wp-content\/uploads\/2022\/08\/ea2695143b831810626f12380b2c5445.jpg",637,400,false],"post-thumbnail":["https:\/\/arantv.az\/wp-content\/uploads\/2022\/08\/ea2695143b831810626f12380b2c5445-240x172.jpg",240,172,true],"advps-thumb-one":["https:\/\/arantv.az\/wp-content\/uploads\/2022\/08\/ea2695143b831810626f12380b2c5445.jpg",637,400,false]},"rttpg_author":{"display_name":"V\u00fcsal Rafiqo\u011flu","author_link":"https:\/\/arantv.az\/?author=2"},"rttpg_comment":0,"rttpg_category":"<a href=\"https:\/\/arantv.az\/?cat=4\" rel=\"category\">Siyas\u0259t<\/a>","rttpg_excerpt":"\u201cLa\u00e7\u0131n\u0131n i\u015f\u011fal\u0131 v\u0259 ya\u011fmalanmas\u0131ndan sonra Yax\u0131n \u015e\u0259rqd\u0259n olan erm\u0259nil\u0259r qanunsuz olaraq bu \u0259razil\u0259rd\u0259 m\u0259skunla\u015fd\u0131r\u0131l\u0131blar\u201d. Bunu Az\u0259rbaycan Respublikas\u0131 Prezidentinin k\u00f6m\u0259k\u00e7isi &#8211; Prezident Administrasiyas\u0131n\u0131n Xarici siyas\u0259t m\u0259s\u0259l\u0259l\u0259ri \u00fczr\u0259 \u015f\u00f6b\u0259 m\u00fcdiri Hikm\u0259t Hac\u0131yev \u201cTwitter\u201c hesab\u0131ndak\u0131 payla\u015f\u0131m\u0131nda qeyd edib. Hikm\u0259t Hac\u0131yev \u201cThe Times\u201d n\u0259\u015frinin i\u015f\u011falla ba\u011fl\u0131 reportaj\u0131n\u0131 da payla\u015f\u0131b. \u201cErm\u0259nistan t\u0259r\u0259find\u0259n 1992-ci ild\u0259 La\u00e7\u0131n\u0131n Zabux k\u0259ndinin qanunsuz i\u015f\u011fal\u0131, yand\u0131r\u0131lmas\u0131&hellip;","_links":{"self":[{"href":"https:\/\/arantv.az\/index.php?rest_route=\/wp\/v2\/posts\/504433"}],"collection":[{"href":"https:\/\/arantv.az\/index.php?rest_route=\/wp\/v2\/posts"}],"about":[{"href":"https:\/\/arantv.az\/index.php?rest_route=\/wp\/v2\/types\/post"}],"author":[{"embeddable":true,"href":"https:\/\/arantv.az\/index.php?rest_route=\/wp\/v2\/users\/2"}],"replies":[{"embeddable":true,"href":"https:\/\/arantv.az\/index.php?rest_route=%2Fwp%2Fv2%2Fcomments&post=504433"}],"version-history":[{"count":0,"href":"https:\/\/arantv.az\/index.php?rest_route=\/wp\/v2\/posts\/504433\/revisions"}],"wp:featuredmedia":[{"embeddable":true,"href":"https:\/\/arantv.az\/index.php?rest_route=\/wp\/v2\/media\/504434"}],"wp:attachment":[{"href":"https:\/\/arantv.az\/index.php?rest_route=%2Fwp%2Fv2%2Fmedia&parent=504433"}],"wp:term":[{"taxonomy":"category","embeddable":true,"href":"https:\/\/arantv.az\/index.php?rest_route=%2Fwp%2Fv2%2Fcategories&post=504433"},{"taxonomy":"post_tag","embeddable":true,"href":"https:\/\/arantv.az\/index.php?rest_route=%2Fwp%2Fv2%2Ftags&post=504433"}],"curies":[{"name":"wp","href":"https:\/\/api.w.org\/{rel}","templated":true}]}}