{"id":504474,"date":"2022-08-11T10:17:25","date_gmt":"2022-08-11T07:17:25","guid":{"rendered":"https:\/\/arantv.az\/?p=504474"},"modified":"2022-08-11T10:17:25","modified_gmt":"2022-08-11T07:17:25","slug":"kat-az%c9%99rbaycan-kanada-diplomatik-%c9%99laq%c9%99l%c9%99rinin-30-illiyini-qeyd-edir","status":"publish","type":"post","link":"https:\/\/arantv.az\/?p=504474","title":{"rendered":"KAT Az\u0259rbaycan-Kanada diplomatik \u0259laq\u0259l\u0259rinin 30 illiyini qeyd edir  \u00a0"},"content":{"rendered":"<p>&nbsp;<\/p>\n<p>Torontoda f\u0259aliyy\u0259t g\u00f6st\u0259r\u0259n Kanada Az\u0259rbaycanl\u0131lar\u0131 T\u0259\u015fkilat\u0131 (KAT) iki \u00f6lk\u0259ni diplomatik \u0259laq\u0259l\u0259rin qurulmas\u0131n\u0131n 30-cu ild\u00f6n\u00fcm\u00fc m\u00fcnasib\u0259til\u0259 t\u0259brik edib.<\/p>\n<p>&nbsp;<\/p>\n<p>\u201c\u0130ki sahil\u201d x\u0259b\u0259r verir ki,\u00a0bu bar\u0259d\u0259 \u201cNetwork of Azerbaijani Canadians\u201d qeyri-h\u00f6kum\u0259t t\u0259\u015fkilat\u0131 m\u0259lumat yay\u0131b.<\/p>\n<p>&nbsp;<\/p>\n<p>\u201cKanada il\u0259 Az\u0259rbaycan aras\u0131nda diplomatik m\u00fcnasib\u0259tl\u0259rinin yarad\u0131lmas\u0131n\u0131n 30-c\u00fc ild\u00f6n\u00fcm\u00fcn\u00fc qeyd edirik. Bu m\u00fcnasib\u0259tl\u0259r Kanadan\u0131n m\u00fcxt\u0259lifliyi, firavanl\u0131\u011f\u0131 v\u0259 u\u011furunun ayr\u0131lmaz hiss\u0259si olan f\u0259al Az\u0259rbaycan icmas\u0131 daxil olmaqla, insanlar aras\u0131nda s\u0259mimi \u0259laq\u0259l\u0259r\u0259 \u0259saslan\u0131r\u201d, &#8211; t\u0259\u015fkilat tviterd\u0259 yaz\u0131b.<\/p>\n<p>&nbsp;<\/p>\n<p>Bildirilib ki, 30 il bundan \u0259vv\u0259l avqustun 10-dan, y\u0259ni Az\u0259rbaycan il\u0259 Kanada aras\u0131nda diplomatik m\u00fcnasib\u0259tl\u0259r qurulandan b\u0259ri iki \u00f6lk\u0259 aras\u0131nda \u0259laq\u0259l\u0259r daha da d\u0259rinl\u0259\u015fib v\u0259 inki\u015faf edib: \u201c\u0130st\u0259r Kanada universitetl\u0259rind\u0259 t\u0259hsil alan az\u0259rbaycanl\u0131 t\u0259l\u0259b\u0259l\u0259rin say\u0131n\u0131n artmas\u0131, ist\u0259rs\u0259 d\u0259 bu \u00f6lk\u0259d\u0259 ke\u00e7iril\u0259n \u00e7oxsayl\u0131 m\u0259d\u0259ni t\u0259dbirl\u0259r \u0259laq\u0259l\u0259rimizin m\u00f6hk\u0259ml\u0259ndiyini s\u00fcbut edir\u201d.<\/p>\n<p>&nbsp;<\/p>\n<p>&nbsp;<\/p>\n","protected":false},"excerpt":{"rendered":"<p>&nbsp; Torontoda f\u0259aliyy\u0259t g\u00f6st\u0259r\u0259n Kanada Az\u0259rbaycanl\u0131lar\u0131 T\u0259\u015fkilat\u0131 (KAT) iki \u00f6lk\u0259ni diplomatik \u0259laq\u0259l\u0259rin qurulmas\u0131n\u0131n 30-cu ild\u00f6n\u00fcm\u00fc m\u00fcnasib\u0259til\u0259 t\u0259brik edib. &nbsp; \u201c\u0130ki sahil\u201d x\u0259b\u0259r verir ki,\u00a0bu bar\u0259d\u0259 \u201cNetwork of Azerbaijani Canadians\u201d qeyri-h\u00f6kum\u0259t t\u0259\u015fkilat\u0131 m\u0259lumat yay\u0131b. &nbsp; \u201cKanada il\u0259 Az\u0259rbaycan aras\u0131nda diplomatik m\u00fcnasib\u0259tl\u0259rinin yarad\u0131lmas\u0131n\u0131n 30-c\u00fc ild\u00f6n\u00fcm\u00fcn\u00fc qeyd edirik. Bu m\u00fcnasib\u0259tl\u0259r Kanadan\u0131n m\u00fcxt\u0259lifliyi, firavanl\u0131\u011f\u0131 v\u0259 u\u011furunun ayr\u0131lmaz hiss\u0259si olan f\u0259al Az\u0259rbaycan icmas\u0131 daxil olmaqla, insanlar aras\u0131nda s\u0259mimi \u0259laq\u0259l\u0259r\u0259 \u0259saslan\u0131r\u201d, &#8211; t\u0259\u015fkilat tviterd\u0259 yaz\u0131b. &nbsp; Bildirilib ki, 30 il bundan \u0259vv\u0259l avqustun 10-dan, y\u0259ni Az\u0259rbaycan il\u0259 Kanada aras\u0131nda diplomatik m\u00fcnasib\u0259tl\u0259r qurulandan b\u0259ri iki \u00f6lk\u0259 aras\u0131nda&hellip;<\/p>\n","protected":false},"author":2,"featured_media":504475,"comment_status":"closed","ping_status":"closed","sticky":false,"template":"","format":"standard","meta":{"om_disable_all_campaigns":false,"_monsterinsights_skip_tracking":false,"_monsterinsights_sitenote_active":false,"_monsterinsights_sitenote_note":"","_monsterinsights_sitenote_category":0},"categories":[4],"tags":[],"aioseo_notices":[],"gutentor_comment":0,"rttpg_featured_image_url":{"full":["https:\/\/arantv.az\/wp-content\/uploads\/2022\/08\/f81398ac166020154115125690910762472.jpg",975,540,false],"landscape":["https:\/\/arantv.az\/wp-content\/uploads\/2022\/08\/f81398ac166020154115125690910762472.jpg",975,540,false],"portraits":["https:\/\/arantv.az\/wp-content\/uploads\/2022\/08\/f81398ac166020154115125690910762472.jpg",975,540,false],"thumbnail":["https:\/\/arantv.az\/wp-content\/uploads\/2022\/08\/f81398ac166020154115125690910762472-500x280.jpg",500,280,true],"medium":["https:\/\/arantv.az\/wp-content\/uploads\/2022\/08\/f81398ac166020154115125690910762472-660x365.jpg",660,365,true],"large":["https:\/\/arantv.az\/wp-content\/uploads\/2022\/08\/f81398ac166020154115125690910762472-840x465.jpg",640,354,true],"1536x1536":["https:\/\/arantv.az\/wp-content\/uploads\/2022\/08\/f81398ac166020154115125690910762472.jpg",975,540,false],"2048x2048":["https:\/\/arantv.az\/wp-content\/uploads\/2022\/08\/f81398ac166020154115125690910762472.jpg",975,540,false],"post-thumbnail":["https:\/\/arantv.az\/wp-content\/uploads\/2022\/08\/f81398ac166020154115125690910762472-240x172.jpg",240,172,true],"advps-thumb-one":["https:\/\/arantv.az\/wp-content\/uploads\/2022\/08\/f81398ac166020154115125690910762472.jpg",975,540,false]},"rttpg_author":{"display_name":"V\u00fcsal Rafiqo\u011flu","author_link":"https:\/\/arantv.az\/?author=2"},"rttpg_comment":0,"rttpg_category":"<a href=\"https:\/\/arantv.az\/?cat=4\" rel=\"category\">Siyas\u0259t<\/a>","rttpg_excerpt":"&nbsp; Torontoda f\u0259aliyy\u0259t g\u00f6st\u0259r\u0259n Kanada Az\u0259rbaycanl\u0131lar\u0131 T\u0259\u015fkilat\u0131 (KAT) iki \u00f6lk\u0259ni diplomatik \u0259laq\u0259l\u0259rin qurulmas\u0131n\u0131n 30-cu ild\u00f6n\u00fcm\u00fc m\u00fcnasib\u0259til\u0259 t\u0259brik edib. &nbsp; \u201c\u0130ki sahil\u201d x\u0259b\u0259r verir ki,\u00a0bu bar\u0259d\u0259 \u201cNetwork of Azerbaijani Canadians\u201d qeyri-h\u00f6kum\u0259t t\u0259\u015fkilat\u0131 m\u0259lumat yay\u0131b. &nbsp; \u201cKanada il\u0259 Az\u0259rbaycan aras\u0131nda diplomatik m\u00fcnasib\u0259tl\u0259rinin yarad\u0131lmas\u0131n\u0131n 30-c\u00fc ild\u00f6n\u00fcm\u00fcn\u00fc qeyd edirik. Bu m\u00fcnasib\u0259tl\u0259r Kanadan\u0131n m\u00fcxt\u0259lifliyi, firavanl\u0131\u011f\u0131 v\u0259 u\u011furunun ayr\u0131lmaz hiss\u0259si olan&hellip;","_links":{"self":[{"href":"https:\/\/arantv.az\/index.php?rest_route=\/wp\/v2\/posts\/504474"}],"collection":[{"href":"https:\/\/arantv.az\/index.php?rest_route=\/wp\/v2\/posts"}],"about":[{"href":"https:\/\/arantv.az\/index.php?rest_route=\/wp\/v2\/types\/post"}],"author":[{"embeddable":true,"href":"https:\/\/arantv.az\/index.php?rest_route=\/wp\/v2\/users\/2"}],"replies":[{"embeddable":true,"href":"https:\/\/arantv.az\/index.php?rest_route=%2Fwp%2Fv2%2Fcomments&post=504474"}],"version-history":[{"count":0,"href":"https:\/\/arantv.az\/index.php?rest_route=\/wp\/v2\/posts\/504474\/revisions"}],"wp:featuredmedia":[{"embeddable":true,"href":"https:\/\/arantv.az\/index.php?rest_route=\/wp\/v2\/media\/504475"}],"wp:attachment":[{"href":"https:\/\/arantv.az\/index.php?rest_route=%2Fwp%2Fv2%2Fmedia&parent=504474"}],"wp:term":[{"taxonomy":"category","embeddable":true,"href":"https:\/\/arantv.az\/index.php?rest_route=%2Fwp%2Fv2%2Fcategories&post=504474"},{"taxonomy":"post_tag","embeddable":true,"href":"https:\/\/arantv.az\/index.php?rest_route=%2Fwp%2Fv2%2Ftags&post=504474"}],"curies":[{"name":"wp","href":"https:\/\/api.w.org\/{rel}","templated":true}]}}