{"id":50453,"date":"2019-04-12T14:52:48","date_gmt":"2019-04-12T11:52:48","guid":{"rendered":"http:\/\/arantv.az\/?p=50453"},"modified":"2019-04-12T14:52:48","modified_gmt":"2019-04-12T11:52:48","slug":"ozb%c9%99kistanda-qadinlar-h%c9%99rbi-xidm%c9%99t%c9%99-cagirilacaq","status":"publish","type":"post","link":"https:\/\/arantv.az\/?p=50453","title":{"rendered":"\u00d6zb\u0259kistanda qad\u0131nlar h\u0259rbi xidm\u0259t\u0259 \u00e7a\u011f\u0131r\u0131lacaq"},"content":{"rendered":"<p><strong>\u00d6zb\u0259kistan M\u00fcdafi\u0259 Nazirliyi qad\u0131nlar\u0131n m\u00fcqavil\u0259 \u0259sas\u0131nda h\u0259rbi xidm\u0259t\u0259 \u00e7a\u011f\u0131r\u0131\u015f\u0131n\u0131 elan edib.<\/strong><\/p>\n<p><strong>ARANTV.AZ<\/strong>\u00a0\u00a0<span style=\"color: #000000;\"><a style=\"color: #000000;\" href=\"https:\/\/az.trend.az\/\" target=\"_blank\" rel=\"noopener\">Trend<\/a><\/span>-\u0259 istinad\u0259n x\u0259b\u0259r verir ki, h\u0259rbi xidm\u0259t ke\u00e7m\u0259k ist\u0259y\u0259n qad\u0131nlar tibbi t\u0259hsil bar\u0259d\u0259 orta-ixtisas diplomu t\u0259qdim etm\u0259lidir.<\/p>\n<p>Qeyd olunur ki, 18-22 ya\u015fl\u0131, boyu 170 santimetrd\u0259n a\u015fa\u011f\u0131 olmayan qad\u0131nlar h\u0259rbi xidm\u0259t \u00fc\u00e7\u00fcn m\u00fcraci\u0259t ed\u0259 bil\u0259r.<\/p>\n<div id=\"AdviadNativeVideo0\" class=\"AdviadNativeVideo\"><\/div>\n<p>Bundan ba\u015fqa, fiziki m\u0259\u015f\u011f\u0259l\u0259l\u0259r \u00fc\u00e7\u00fcn idmanla m\u0259\u015f\u011ful olmu\u015f qad\u0131nlara \u00fcst\u00fcnl\u00fck veril\u0259c\u0259yi bildirilib.<\/p>\n","protected":false},"excerpt":{"rendered":"<p>\u00d6zb\u0259kistan M\u00fcdafi\u0259 Nazirliyi qad\u0131nlar\u0131n m\u00fcqavil\u0259 \u0259sas\u0131nda h\u0259rbi xidm\u0259t\u0259 \u00e7a\u011f\u0131r\u0131\u015f\u0131n\u0131 elan edib. ARANTV.AZ\u00a0\u00a0Trend-\u0259 istinad\u0259n x\u0259b\u0259r verir ki, h\u0259rbi xidm\u0259t ke\u00e7m\u0259k ist\u0259y\u0259n qad\u0131nlar tibbi t\u0259hsil bar\u0259d\u0259 orta-ixtisas diplomu t\u0259qdim etm\u0259lidir. Qeyd olunur ki, 18-22 ya\u015fl\u0131, boyu 170 santimetrd\u0259n a\u015fa\u011f\u0131 olmayan qad\u0131nlar h\u0259rbi xidm\u0259t \u00fc\u00e7\u00fcn m\u00fcraci\u0259t ed\u0259 bil\u0259r. Bundan ba\u015fqa, fiziki m\u0259\u015f\u011f\u0259l\u0259l\u0259r \u00fc\u00e7\u00fcn idmanla m\u0259\u015f\u011ful olmu\u015f qad\u0131nlara \u00fcst\u00fcnl\u00fck veril\u0259c\u0259yi bildirilib.<\/p>\n","protected":false},"author":2,"featured_media":50454,"comment_status":"closed","ping_status":"closed","sticky":false,"template":"","format":"standard","meta":{"om_disable_all_campaigns":false,"_monsterinsights_skip_tracking":false,"_monsterinsights_sitenote_active":false,"_monsterinsights_sitenote_note":"","_monsterinsights_sitenote_category":0},"categories":[7],"tags":[],"aioseo_notices":[],"gutentor_comment":0,"rttpg_featured_image_url":{"full":["https:\/\/arantv.az\/wp-content\/uploads\/2019\/04\/746422.jpg",800,600,false],"landscape":["https:\/\/arantv.az\/wp-content\/uploads\/2019\/04\/746422.jpg",800,600,false],"portraits":["https:\/\/arantv.az\/wp-content\/uploads\/2019\/04\/746422.jpg",800,600,false],"thumbnail":["https:\/\/arantv.az\/wp-content\/uploads\/2019\/04\/746422-150x150.jpg",150,150,true],"medium":["https:\/\/arantv.az\/wp-content\/uploads\/2019\/04\/746422-300x225.jpg",300,225,true],"large":["https:\/\/arantv.az\/wp-content\/uploads\/2019\/04\/746422.jpg",640,480,false],"1536x1536":["https:\/\/arantv.az\/wp-content\/uploads\/2019\/04\/746422.jpg",800,600,false],"2048x2048":["https:\/\/arantv.az\/wp-content\/uploads\/2019\/04\/746422.jpg",800,600,false],"post-thumbnail":["https:\/\/arantv.az\/wp-content\/uploads\/2019\/04\/746422-240x172.jpg",240,172,true],"advps-thumb-one":["https:\/\/arantv.az\/wp-content\/uploads\/2019\/04\/746422.jpg",800,600,false]},"rttpg_author":{"display_name":"V\u00fcsal Rafiqo\u011flu","author_link":"https:\/\/arantv.az\/?author=2"},"rttpg_comment":0,"rttpg_category":"<a href=\"https:\/\/arantv.az\/?cat=7\" rel=\"category\">D\u00fcnya<\/a>","rttpg_excerpt":"\u00d6zb\u0259kistan M\u00fcdafi\u0259 Nazirliyi qad\u0131nlar\u0131n m\u00fcqavil\u0259 \u0259sas\u0131nda h\u0259rbi xidm\u0259t\u0259 \u00e7a\u011f\u0131r\u0131\u015f\u0131n\u0131 elan edib. ARANTV.AZ\u00a0\u00a0Trend-\u0259 istinad\u0259n x\u0259b\u0259r verir ki, h\u0259rbi xidm\u0259t ke\u00e7m\u0259k ist\u0259y\u0259n qad\u0131nlar tibbi t\u0259hsil bar\u0259d\u0259 orta-ixtisas diplomu t\u0259qdim etm\u0259lidir. Qeyd olunur ki, 18-22 ya\u015fl\u0131, boyu 170 santimetrd\u0259n a\u015fa\u011f\u0131 olmayan qad\u0131nlar h\u0259rbi xidm\u0259t \u00fc\u00e7\u00fcn m\u00fcraci\u0259t ed\u0259 bil\u0259r. Bundan ba\u015fqa, fiziki m\u0259\u015f\u011f\u0259l\u0259l\u0259r \u00fc\u00e7\u00fcn idmanla m\u0259\u015f\u011ful olmu\u015f qad\u0131nlara \u00fcst\u00fcnl\u00fck&hellip;","_links":{"self":[{"href":"https:\/\/arantv.az\/index.php?rest_route=\/wp\/v2\/posts\/50453"}],"collection":[{"href":"https:\/\/arantv.az\/index.php?rest_route=\/wp\/v2\/posts"}],"about":[{"href":"https:\/\/arantv.az\/index.php?rest_route=\/wp\/v2\/types\/post"}],"author":[{"embeddable":true,"href":"https:\/\/arantv.az\/index.php?rest_route=\/wp\/v2\/users\/2"}],"replies":[{"embeddable":true,"href":"https:\/\/arantv.az\/index.php?rest_route=%2Fwp%2Fv2%2Fcomments&post=50453"}],"version-history":[{"count":0,"href":"https:\/\/arantv.az\/index.php?rest_route=\/wp\/v2\/posts\/50453\/revisions"}],"wp:featuredmedia":[{"embeddable":true,"href":"https:\/\/arantv.az\/index.php?rest_route=\/wp\/v2\/media\/50454"}],"wp:attachment":[{"href":"https:\/\/arantv.az\/index.php?rest_route=%2Fwp%2Fv2%2Fmedia&parent=50453"}],"wp:term":[{"taxonomy":"category","embeddable":true,"href":"https:\/\/arantv.az\/index.php?rest_route=%2Fwp%2Fv2%2Fcategories&post=50453"},{"taxonomy":"post_tag","embeddable":true,"href":"https:\/\/arantv.az\/index.php?rest_route=%2Fwp%2Fv2%2Ftags&post=50453"}],"curies":[{"name":"wp","href":"https:\/\/api.w.org\/{rel}","templated":true}]}}