{"id":50457,"date":"2019-04-12T14:53:44","date_gmt":"2019-04-12T11:53:44","guid":{"rendered":"http:\/\/arantv.az\/?p=50457"},"modified":"2019-04-12T14:53:44","modified_gmt":"2019-04-12T11:53:44","slug":"q%c9%99nir%c9%99-pasayeva-as-pa-da-erm%c9%99nistani-az%c9%99rbaycan-%c9%99leyhin%c9%99-yalanlar-yaymaqda-ittiham-edib","status":"publish","type":"post","link":"https:\/\/arantv.az\/?p=50457","title":{"rendered":"Q\u0259nir\u0259 Pa\u015fayeva A\u015e PA-da Erm\u0259nistan\u0131 Az\u0259rbaycan \u0259leyhin\u0259 yalanlar yaymaqda ittiham edib"},"content":{"rendered":"<p><strong>Mill\u0259t v\u0259kili, Azad Demokratlar Qrupunun vitse-prezidenti Q\u0259nir\u0259 Pa\u015fayeva A\u015e PA-da &#8220;Sosial media: sosial tell\u0259r v\u0259 ya insan haqlar\u0131na h\u0259d\u0259l\u0259r&#8221; m\u00f6vzusunda m\u00fczakir\u0259l\u0259rd\u0259 Erm\u0259nistan\u0131, erm\u0259ni diasporu v\u0259 lobbisini v\u0259 b\u0259zi siyasi g\u00fccl\u0259ri sosial media vasit\u0259sil\u0259 Az\u0259rbaycan \u0259leyhin\u0259 yalanlar yaymaqda ittiham edib.<\/strong><\/p>\n<p><strong>ARANTV.AZ<\/strong>\u00a0<span style=\"color: #800000;\">\u00a0<span style=\"color: #000000;\"><a style=\"color: #000000;\" href=\"https:\/\/az.trend.az\/\" target=\"_blank\" rel=\"noopener\">Trend<\/a><\/span><\/span>-\u0259 istinad\u0259n x\u0259b\u0259r verir ki, Q.Pa\u015fayeva \u00e7\u0131x\u0131\u015f\u0131 zaman\u0131 deyib ki, sosial media g\u00fcnd\u0259lik h\u0259yat\u0131m\u0131z\u0131n bir hiss\u0259dir:<\/p>\n<p>&#8220;Sosial median\u0131n c\u0259miyy\u0259timizin rifah\u0131na v\u0259 inki\u015fafina verdiyi m\u00fcsb\u0259t t\u00f6hf\u0259l\u0259ri y\u00fcks\u0259k d\u0259y\u0259rl\u0259ndirir\u0131k. Amma f\u0259rdl\u0259r v\u0259 c\u0259miyy\u0259timiz \u00fc\u00e7\u00fcn sosial median\u0131n b\u00f6y\u00fck faydal\u0131 potensial\u0131na baxmayaraq, onlardan sui-istifad\u0259 d\u0259 bizim f\u0259rdi h\u00fcquqlar\u0131m\u0131za v\u0259 rifah\u0131m\u0131za, demokratik institutlar\u0131n f\u0259aliyy\u0259tin\u0259 v\u0259 c\u0259miyy\u0259tl\u0259rimizin inki\u015faf\u0131na kiber-qorxutma, kiber-t\u0259qib, nifr\u0259t nitqi,zorak\u0131l\u0131q v\u0259 diskriminasiyaya t\u0259hrik, dezinformasiya v\u0259 ictimai r\u0259yin manipulyasiyas\u0131 v\u0259 siyasi prosesl\u0259r\u0259 t\u0259sir etm\u0259 kimi \u00e7ox sayl\u0131 ziyanl\u0131 f\u0259sadlara yol a\u00e7\u0131r. V\u0259 \u00e7ox t\u0259ss\u00fcf ki sosial mediada sui-istifad\u0259l\u0259r art\u0131r v\u0259 bunun n\u0259tic\u0259sind\u0259 biz ham\u0131m\u0131z art\u0131q onun z\u0259r\u0259rl\u0259rini d\u0259 ciddi hiss edirik&#8221;.<\/p>\n<p>Deputat vur\u011fulay\u0131b ki, bu g\u00fcn s\u00f6z azadl\u0131\u011f\u0131 ad\u0131 alt\u0131nda saxta informasiyalar yayanlar\u0131n say\u0131 art\u0131r:<\/p>\n<p>&#8220;Bu, \u00e7ox t\u0259hl\u00fck\u0259lidir v\u0259 bu c\u00fcr hallar\u0131 c\u0259miyy\u0259t\u0259 qar\u015f\u0131 terror da adland\u0131rmaq olar. Az\u0259rbaycan bu m\u0259s\u0259l\u0259l\u0259r\u0259 ciddi \u00f6n\u0259m verir, dezinformasiyalara qar\u015f\u0131 m\u00fcbariz\u0259 apar\u0131r v\u0259 bununla ba\u011fl\u0131beyn\u0259lxalq t\u0259\u015f\u0259bb\u00fcsl\u0259ri daim d\u0259st\u0259kl\u0259yir. \u00c7\u00fcnki Az\u0259rbaycan da dezinformasiyalardan \u0259n \u00e7ox \u0259ziyy\u0259t \u00e7\u0259k\u0259n \u00f6lk\u0259l\u0259rd\u0259n biridir. Az\u0259rbaycan saxta informasiya t\u0259cav\u00fcz\u00fcn\u0259 m\u0259ruz qal\u0131r. Bu dezinformasiyalar\u0131n \u0259ks\u0259riyy\u0259ti m\u0259qs\u0259dli olaraqyay\u0131l\u0131r. Erm\u0259nistan ba\u015fda olmaqla b\u0259zi \u00f6lk\u0259l\u0259rin, bir s\u0131ra siyasi g\u00fccl\u0259rin, erm\u0259ni diaspor v\u0259 lobbisinin, b\u0259zi \u015firk\u0259tl\u0259rin maraqlar\u0131 \u00e7\u0259r\u00e7iv\u0259sind\u0259 h\u0259yata ke\u00e7iril\u0259n bu dezinformasiyalar\u0131n m\u0259qs\u0259di Az\u0259rbaycan\u0131n d\u00fcnyadak\u0131 imicin\u0259 z\u0259rb\u0259 vurmaq, t\u0259zyiq g\u00f6st\u0259rm\u0259kdir. Bel\u0259 saxta informasiyalar \u00f6lk\u0259mizd\u0259 olmayan, onu yax\u015f\u0131 tan\u0131mayanlarda yanl\u0131\u015f fikirl\u0259rin formala\u015fmas\u0131na s\u0259b\u0259b olur. Bu, bizi ciddi narahat edir. Saxta informasiyalarla f\u0259al m\u00fcbariz\u0259d\u0259 birlikd\u0259 s\u0259yl\u0259rimizi daha da g\u00fccl\u0259ndirm\u0259liyik v\u0259 biz q\u0259tnam\u0259 layih\u0259sind\u0259 bu istiqam\u0259td\u0259 \u00f6z \u0259ksini tapan m\u0259s\u0259l\u0259l\u0259ri d\u0259st\u0259kl\u0259yirik.<\/p>\n<p>Terror t\u0259\u015fkilatlar\u0131n\u0131n, terroru d\u0259st\u0259kl\u0259y\u0259n qruplar\u0131n, radikall\u0131\u011f\u0131, nifr\u0259ti, islamofobiyan\u0131 v\u0259 antisemitizmi g\u00fccl\u0259ndir\u0259n qruplar\u0131n sosial \u015f\u0259b\u0259k\u0259l\u0259rd\u0259 artan f\u0259all\u0131\u011f\u0131 da ham\u0131m\u0131z\u0131 ciddi narahat etm\u0259lidir. Yanl\u0131\u015f m\u0259lumatland\u0131rma siyas\u0259tinin xalqlar\u0131, \u00f6lk\u0259l\u0259ri, dinl\u0259ri bir-birin\u0259 qar\u015f\u0131 qoymaq, m\u00fcnaqi\u015f\u0259l\u0259ri alovland\u0131rmaq, \u00e7a\u015fq\u0131nl\u0131q, vahim\u0259, nifr\u0259t yaratmaq kimi t\u0259hl\u00fck\u0259l\u0259rind\u0259n ciddi narahat olmal\u0131y\u0131q&#8221;.<\/p>\n<p>Q.Pa\u015fayeva qeyd edib ki, quruma b\u00fct\u00fcn \u00fczv \u00f6lk\u0259l\u0259rd\u0259 jurnalistl\u0259r, siyas\u0259t\u00e7il\u0259r v\u0259 \u00f6z\u0259llikl\u0259 g\u0259nc n\u0259sill\u0259rin i\u015ftirak\u0131 il\u0259 bu m\u00f6vzuda \u00e7oxlu sayda t\u0259dbirl\u0259rin, m\u00fczakir\u0259l\u0259rin ke\u00e7irilm\u0259si, c\u0259miyy\u0259tl\u0259rin bu m\u00f6vzularda geni\u015f maarifl\u0259ndirilm\u0259si kimi t\u0259dbirl\u0259rin artmas\u0131na ciddi ehtiyac var: &#8220;\u018fks halda biz getdikc\u0259 sosial mediadan sui-istifad\u0259nin verdiyi a\u011f\u0131r n\u0259tic\u0259l\u0259ri ham\u0131m\u0131z daha da \u00e7ox hiss ed\u0259c\u0259yik. Ona g\u00f6r\u0259 d\u0259 q\u0259tnam\u0259 layih\u0259sind\u0259 \u0259z \u0259ksini tapan t\u0259klif v\u0259 \u00e7a\u011f\u0131r\u0131\u015flar istiqam\u0259tind\u0259 \u00fczv \u00f6lk\u0259l\u0259rd\u0259 \u00e7al\u0131\u015fmalar daha da geni\u015fl\u0259nm\u0259li, internet \u015firk\u0259tl\u0259ri bu m\u0259s\u0259l\u0259l\u0259r\u0259 x\u00fcsusi diqq\u0259tl\u0259 yana\u015fmal\u0131 v\u0259 t\u0259dbirl\u0259r g\u00f6rm\u0259lidir&#8221;.<\/p>\n","protected":false},"excerpt":{"rendered":"<p>Mill\u0259t v\u0259kili, Azad Demokratlar Qrupunun vitse-prezidenti Q\u0259nir\u0259 Pa\u015fayeva A\u015e PA-da &#8220;Sosial media: sosial tell\u0259r v\u0259 ya insan haqlar\u0131na h\u0259d\u0259l\u0259r&#8221; m\u00f6vzusunda m\u00fczakir\u0259l\u0259rd\u0259 Erm\u0259nistan\u0131, erm\u0259ni diasporu v\u0259 lobbisini v\u0259 b\u0259zi siyasi g\u00fccl\u0259ri sosial media vasit\u0259sil\u0259 Az\u0259rbaycan \u0259leyhin\u0259 yalanlar yaymaqda ittiham edib. ARANTV.AZ\u00a0\u00a0Trend-\u0259 istinad\u0259n x\u0259b\u0259r verir ki, Q.Pa\u015fayeva \u00e7\u0131x\u0131\u015f\u0131 zaman\u0131 deyib ki, sosial media g\u00fcnd\u0259lik h\u0259yat\u0131m\u0131z\u0131n bir hiss\u0259dir: &#8220;Sosial median\u0131n c\u0259miyy\u0259timizin rifah\u0131na v\u0259 inki\u015fafina verdiyi m\u00fcsb\u0259t t\u00f6hf\u0259l\u0259ri y\u00fcks\u0259k d\u0259y\u0259rl\u0259ndirir\u0131k. Amma f\u0259rdl\u0259r v\u0259 c\u0259miyy\u0259timiz \u00fc\u00e7\u00fcn sosial median\u0131n b\u00f6y\u00fck faydal\u0131 potensial\u0131na baxmayaraq, onlardan sui-istifad\u0259 d\u0259 bizim f\u0259rdi h\u00fcquqlar\u0131m\u0131za v\u0259 rifah\u0131m\u0131za, demokratik institutlar\u0131n f\u0259aliyy\u0259tin\u0259 v\u0259 c\u0259miyy\u0259tl\u0259rimizin&hellip;<\/p>\n","protected":false},"author":2,"featured_media":50458,"comment_status":"closed","ping_status":"closed","sticky":false,"template":"","format":"standard","meta":{"om_disable_all_campaigns":false,"_monsterinsights_skip_tracking":false,"_monsterinsights_sitenote_active":false,"_monsterinsights_sitenote_note":"","_monsterinsights_sitenote_category":0},"categories":[4],"tags":[],"aioseo_notices":[],"gutentor_comment":0,"rttpg_featured_image_url":{"full":["https:\/\/arantv.az\/wp-content\/uploads\/2019\/04\/746421.jpg",800,600,false],"landscape":["https:\/\/arantv.az\/wp-content\/uploads\/2019\/04\/746421.jpg",800,600,false],"portraits":["https:\/\/arantv.az\/wp-content\/uploads\/2019\/04\/746421.jpg",800,600,false],"thumbnail":["https:\/\/arantv.az\/wp-content\/uploads\/2019\/04\/746421-150x150.jpg",150,150,true],"medium":["https:\/\/arantv.az\/wp-content\/uploads\/2019\/04\/746421-300x225.jpg",300,225,true],"large":["https:\/\/arantv.az\/wp-content\/uploads\/2019\/04\/746421.jpg",640,480,false],"1536x1536":["https:\/\/arantv.az\/wp-content\/uploads\/2019\/04\/746421.jpg",800,600,false],"2048x2048":["https:\/\/arantv.az\/wp-content\/uploads\/2019\/04\/746421.jpg",800,600,false],"post-thumbnail":["https:\/\/arantv.az\/wp-content\/uploads\/2019\/04\/746421-240x172.jpg",240,172,true],"advps-thumb-one":["https:\/\/arantv.az\/wp-content\/uploads\/2019\/04\/746421.jpg",800,600,false]},"rttpg_author":{"display_name":"V\u00fcsal Rafiqo\u011flu","author_link":"https:\/\/arantv.az\/?author=2"},"rttpg_comment":0,"rttpg_category":"<a href=\"https:\/\/arantv.az\/?cat=4\" rel=\"category\">Siyas\u0259t<\/a>","rttpg_excerpt":"Mill\u0259t v\u0259kili, Azad Demokratlar Qrupunun vitse-prezidenti Q\u0259nir\u0259 Pa\u015fayeva A\u015e PA-da &#8220;Sosial media: sosial tell\u0259r v\u0259 ya insan haqlar\u0131na h\u0259d\u0259l\u0259r&#8221; m\u00f6vzusunda m\u00fczakir\u0259l\u0259rd\u0259 Erm\u0259nistan\u0131, erm\u0259ni diasporu v\u0259 lobbisini v\u0259 b\u0259zi siyasi g\u00fccl\u0259ri sosial media vasit\u0259sil\u0259 Az\u0259rbaycan \u0259leyhin\u0259 yalanlar yaymaqda ittiham edib. ARANTV.AZ\u00a0\u00a0Trend-\u0259 istinad\u0259n x\u0259b\u0259r verir ki, Q.Pa\u015fayeva \u00e7\u0131x\u0131\u015f\u0131 zaman\u0131 deyib ki, sosial media g\u00fcnd\u0259lik h\u0259yat\u0131m\u0131z\u0131n bir hiss\u0259dir:&hellip;","_links":{"self":[{"href":"https:\/\/arantv.az\/index.php?rest_route=\/wp\/v2\/posts\/50457"}],"collection":[{"href":"https:\/\/arantv.az\/index.php?rest_route=\/wp\/v2\/posts"}],"about":[{"href":"https:\/\/arantv.az\/index.php?rest_route=\/wp\/v2\/types\/post"}],"author":[{"embeddable":true,"href":"https:\/\/arantv.az\/index.php?rest_route=\/wp\/v2\/users\/2"}],"replies":[{"embeddable":true,"href":"https:\/\/arantv.az\/index.php?rest_route=%2Fwp%2Fv2%2Fcomments&post=50457"}],"version-history":[{"count":0,"href":"https:\/\/arantv.az\/index.php?rest_route=\/wp\/v2\/posts\/50457\/revisions"}],"wp:featuredmedia":[{"embeddable":true,"href":"https:\/\/arantv.az\/index.php?rest_route=\/wp\/v2\/media\/50458"}],"wp:attachment":[{"href":"https:\/\/arantv.az\/index.php?rest_route=%2Fwp%2Fv2%2Fmedia&parent=50457"}],"wp:term":[{"taxonomy":"category","embeddable":true,"href":"https:\/\/arantv.az\/index.php?rest_route=%2Fwp%2Fv2%2Fcategories&post=50457"},{"taxonomy":"post_tag","embeddable":true,"href":"https:\/\/arantv.az\/index.php?rest_route=%2Fwp%2Fv2%2Ftags&post=50457"}],"curies":[{"name":"wp","href":"https:\/\/api.w.org\/{rel}","templated":true}]}}