{"id":50463,"date":"2019-04-12T15:06:43","date_gmt":"2019-04-12T12:06:43","guid":{"rendered":"http:\/\/arantv.az\/?p=50463"},"modified":"2019-04-12T15:06:43","modified_gmt":"2019-04-12T12:06:43","slug":"ceyhun-bayramov-elina-olayi-il%c9%99-bagli-m%c9%99tbuat-konfransi-kecir%c9%99c%c9%99k-ancaq-jurnalistl%c9%99rsiz","status":"publish","type":"post","link":"https:\/\/arantv.az\/?p=50463","title":{"rendered":"Ceyhun Bayramov Elina olay\u0131 il\u0259 ba\u011fl\u0131 m\u0259tbuat konfrans\u0131 ke\u00e7ir\u0259c\u0259k: Ancaq jurnalistl\u0259rsiz\u2026"},"content":{"rendered":"<p>X\u0259b\u0259r verildiyi kimi, t\u0259hsil naziri Ceyhun Bayramov Bak\u0131 \u015f\u0259h\u0259rinin 162 n\u00f6mr\u0259li tam orta m\u0259kt\u0259bin \u015fagirdi Elina Hac\u0131yevan\u0131n intihar\u0131 il\u0259 ba\u011fl\u0131 bu g\u00fcn m\u0259tbuat konfrans\u0131 ke\u00e7ir\u0259c\u0259k.<\/p>\n<div id=\"AdviadNativeVideo0\" class=\"AdviadNativeVideo\"><\/div>\n<p>Saat 16:30-da nazirlikd\u0259 ba\u015f tutacaq konfransda hadis\u0259 il\u0259 \u0259laq\u0259dar apar\u0131lan xidm\u0259ti ara\u015fd\u0131rman\u0131n n\u0259tic\u0259l\u0259rinin a\u00e7\u0131qlanaca\u011f\u0131 bildirilir. \u0130ntihar\u0131n s\u0259b\u0259bl\u0259ri, m\u0259s\u0259l\u0259 il\u0259 ba\u011fl\u0131 g\u00f6r\u00fcl\u0259n i\u015fl\u0259r, q\u0259bul edil\u0259n q\u0259rarlar ictimaiyy\u0259tin diqq\u0259tin\u0259 \u00e7atd\u0131r\u0131lacaq. Eyni zamanda suallar cavabland\u0131r\u0131lacaq.<\/p>\n<p>Maraql\u0131d\u0131r ki, m\u0259tbuat konfrans\u0131 ancaq m\u0259hdud dair\u0259 \u00fc\u00e7\u00fcn n\u0259z\u0259rd\u0259 tutulub. Bel\u0259 ki, yaln\u0131z T\u0259hsil Nazirliyinin \u00f6z siyah\u0131s\u0131ndak\u0131 agentlikl\u0259r v\u0259 televiziya kanallar\u0131 d\u0259v\u0259t olunub.<\/p>\n<p><b>ARANTV.AZ\u00a0<\/b> x\u0259b\u0259r verir ki, cebhe.info v\u0259 \u201cC\u00fcmhuriy\u0259t\u201d q\u0259zeti olaraq m\u0259tbuat konfrans\u0131na qat\u0131lmaq h\u00fcququmuz oldu\u011fu halda, T\u0259hsil Nazirliyind\u0259n bunun m\u00fcmk\u00fcn olmad\u0131\u011f\u0131 bildirilib. Nazirliyin m\u0259tbuat xidm\u0259tinin \u0259m\u0259kda\u015f\u0131n\u0131n s\u00f6zl\u0259rin\u0259 g\u00f6r\u0259, m\u0259tbuat konfrans\u0131 dar \u00e7\u0259r\u00e7iv\u0259d\u0259 t\u0259\u015fkil olunub v\u0259 d\u0259rhal da bu g\u00fcn h\u0259min konfransda i\u015ftirak ed\u0259c\u0259k K\u0130V-l\u0259rin siyah\u0131s\u0131 haz\u0131rlan\u0131b. \u0130\u015ftirak ed\u0259c\u0259k m\u0259tbuat orqanlar\u0131n\u0131n \u00f6zl\u0259rin\u0259 d\u0259 T\u0259hsil Nazirliyi t\u0259r\u0259find\u0259n m\u0259lumat g\u00f6nd\u0259rilib.big.az<\/p>\n","protected":false},"excerpt":{"rendered":"<p>X\u0259b\u0259r verildiyi kimi, t\u0259hsil naziri Ceyhun Bayramov Bak\u0131 \u015f\u0259h\u0259rinin 162 n\u00f6mr\u0259li tam orta m\u0259kt\u0259bin \u015fagirdi Elina Hac\u0131yevan\u0131n intihar\u0131 il\u0259 ba\u011fl\u0131 bu g\u00fcn m\u0259tbuat konfrans\u0131 ke\u00e7ir\u0259c\u0259k. Saat 16:30-da nazirlikd\u0259 ba\u015f tutacaq konfransda hadis\u0259 il\u0259 \u0259laq\u0259dar apar\u0131lan xidm\u0259ti ara\u015fd\u0131rman\u0131n n\u0259tic\u0259l\u0259rinin a\u00e7\u0131qlanaca\u011f\u0131 bildirilir. \u0130ntihar\u0131n s\u0259b\u0259bl\u0259ri, m\u0259s\u0259l\u0259 il\u0259 ba\u011fl\u0131 g\u00f6r\u00fcl\u0259n i\u015fl\u0259r, q\u0259bul edil\u0259n q\u0259rarlar ictimaiyy\u0259tin diqq\u0259tin\u0259 \u00e7atd\u0131r\u0131lacaq. Eyni zamanda suallar cavabland\u0131r\u0131lacaq. Maraql\u0131d\u0131r ki, m\u0259tbuat konfrans\u0131 ancaq m\u0259hdud dair\u0259 \u00fc\u00e7\u00fcn n\u0259z\u0259rd\u0259 tutulub. Bel\u0259 ki, yaln\u0131z T\u0259hsil Nazirliyinin \u00f6z siyah\u0131s\u0131ndak\u0131 agentlikl\u0259r v\u0259 televiziya kanallar\u0131 d\u0259v\u0259t olunub. ARANTV.AZ\u00a0 x\u0259b\u0259r verir ki, cebhe.info v\u0259 \u201cC\u00fcmhuriy\u0259t\u201d q\u0259zeti olaraq m\u0259tbuat&hellip;<\/p>\n","protected":false},"author":2,"featured_media":50464,"comment_status":"closed","ping_status":"closed","sticky":false,"template":"","format":"standard","meta":{"om_disable_all_campaigns":false,"_monsterinsights_skip_tracking":false,"_monsterinsights_sitenote_active":false,"_monsterinsights_sitenote_note":"","_monsterinsights_sitenote_category":0},"categories":[1],"tags":[],"aioseo_notices":[],"gutentor_comment":0,"rttpg_featured_image_url":{"full":["https:\/\/arantv.az\/wp-content\/uploads\/2019\/04\/infarkt_0256_81555070123.jpg",650,396,false],"landscape":["https:\/\/arantv.az\/wp-content\/uploads\/2019\/04\/infarkt_0256_81555070123.jpg",650,396,false],"portraits":["https:\/\/arantv.az\/wp-content\/uploads\/2019\/04\/infarkt_0256_81555070123.jpg",650,396,false],"thumbnail":["https:\/\/arantv.az\/wp-content\/uploads\/2019\/04\/infarkt_0256_81555070123-150x150.jpg",150,150,true],"medium":["https:\/\/arantv.az\/wp-content\/uploads\/2019\/04\/infarkt_0256_81555070123-300x183.jpg",300,183,true],"large":["https:\/\/arantv.az\/wp-content\/uploads\/2019\/04\/infarkt_0256_81555070123.jpg",640,390,false],"1536x1536":["https:\/\/arantv.az\/wp-content\/uploads\/2019\/04\/infarkt_0256_81555070123.jpg",650,396,false],"2048x2048":["https:\/\/arantv.az\/wp-content\/uploads\/2019\/04\/infarkt_0256_81555070123.jpg",650,396,false],"post-thumbnail":["https:\/\/arantv.az\/wp-content\/uploads\/2019\/04\/infarkt_0256_81555070123-240x172.jpg",240,172,true],"advps-thumb-one":["https:\/\/arantv.az\/wp-content\/uploads\/2019\/04\/infarkt_0256_81555070123.jpg",650,396,false]},"rttpg_author":{"display_name":"V\u00fcsal Rafiqo\u011flu","author_link":"https:\/\/arantv.az\/?author=2"},"rttpg_comment":0,"rttpg_category":"<a href=\"https:\/\/arantv.az\/?cat=1\" rel=\"category\">C\u0259miyy\u0259t<\/a>","rttpg_excerpt":"X\u0259b\u0259r verildiyi kimi, t\u0259hsil naziri Ceyhun Bayramov Bak\u0131 \u015f\u0259h\u0259rinin 162 n\u00f6mr\u0259li tam orta m\u0259kt\u0259bin \u015fagirdi Elina Hac\u0131yevan\u0131n intihar\u0131 il\u0259 ba\u011fl\u0131 bu g\u00fcn m\u0259tbuat konfrans\u0131 ke\u00e7ir\u0259c\u0259k. Saat 16:30-da nazirlikd\u0259 ba\u015f tutacaq konfransda hadis\u0259 il\u0259 \u0259laq\u0259dar apar\u0131lan xidm\u0259ti ara\u015fd\u0131rman\u0131n n\u0259tic\u0259l\u0259rinin a\u00e7\u0131qlanaca\u011f\u0131 bildirilir. \u0130ntihar\u0131n s\u0259b\u0259bl\u0259ri, m\u0259s\u0259l\u0259 il\u0259 ba\u011fl\u0131 g\u00f6r\u00fcl\u0259n i\u015fl\u0259r, q\u0259bul edil\u0259n q\u0259rarlar ictimaiyy\u0259tin diqq\u0259tin\u0259 \u00e7atd\u0131r\u0131lacaq. Eyni zamanda&hellip;","_links":{"self":[{"href":"https:\/\/arantv.az\/index.php?rest_route=\/wp\/v2\/posts\/50463"}],"collection":[{"href":"https:\/\/arantv.az\/index.php?rest_route=\/wp\/v2\/posts"}],"about":[{"href":"https:\/\/arantv.az\/index.php?rest_route=\/wp\/v2\/types\/post"}],"author":[{"embeddable":true,"href":"https:\/\/arantv.az\/index.php?rest_route=\/wp\/v2\/users\/2"}],"replies":[{"embeddable":true,"href":"https:\/\/arantv.az\/index.php?rest_route=%2Fwp%2Fv2%2Fcomments&post=50463"}],"version-history":[{"count":0,"href":"https:\/\/arantv.az\/index.php?rest_route=\/wp\/v2\/posts\/50463\/revisions"}],"wp:featuredmedia":[{"embeddable":true,"href":"https:\/\/arantv.az\/index.php?rest_route=\/wp\/v2\/media\/50464"}],"wp:attachment":[{"href":"https:\/\/arantv.az\/index.php?rest_route=%2Fwp%2Fv2%2Fmedia&parent=50463"}],"wp:term":[{"taxonomy":"category","embeddable":true,"href":"https:\/\/arantv.az\/index.php?rest_route=%2Fwp%2Fv2%2Fcategories&post=50463"},{"taxonomy":"post_tag","embeddable":true,"href":"https:\/\/arantv.az\/index.php?rest_route=%2Fwp%2Fv2%2Ftags&post=50463"}],"curies":[{"name":"wp","href":"https:\/\/api.w.org\/{rel}","templated":true}]}}