{"id":50466,"date":"2019-04-12T15:10:18","date_gmt":"2019-04-12T12:10:18","guid":{"rendered":"http:\/\/arantv.az\/?p=50466"},"modified":"2019-04-12T15:10:18","modified_gmt":"2019-04-12T12:10:18","slug":"bir-sira-rayonlarda-daha-genis-yasilliqlar-salinacaq","status":"publish","type":"post","link":"https:\/\/arantv.az\/?p=50466","title":{"rendered":"Bir s\u0131ra rayonlarda daha geni\u015f ya\u015f\u0131ll\u0131qlar sal\u0131nacaq"},"content":{"rendered":"<p><strong>Yeni ya\u015f\u0131ll\u0131qlar\u0131n sal\u0131nmas\u0131 v\u0259 a\u011fac \u0259kilm\u0259sinin t\u0259\u015fviqi m\u0259qs\u0259dil\u0259 ke\u00e7iril\u0259n aksiyalarda bir s\u0131ra rayon icra hakimiyy\u0259tl\u0259ri \u00f6z f\u0259all\u0131qlar\u0131 il\u0259 f\u0259rql\u0259nir ki, bu da a\u011fac\u0259km\u0259 kampaniyas\u0131n\u0131n daha da k\u00fctl\u0259vil\u0259\u015fm\u0259sin\u0259 r\u0259vac verir.<\/strong><\/p>\n<p><strong>ARANTV.AZ\u00a0<\/strong>\u00a0<a href=\"http:\/\/az.trend.az\/\" target=\"_blank\" rel=\"noopener\"><span style=\"color: #000000;\">Trend<\/span><\/a>-\u0259 istinad\u0259n bildirir ki, bunu bu g\u00fcn Ekologiya v\u0259 T\u0259bii S\u0259rv\u0259tl\u0259r Nazirliyind\u0259 (ETSN) ke\u00e7iril\u0259n m\u0259tbuat konfrans\u0131nda nazirliyin m\u0259tbuat xidm\u0259tinin r\u0259hb\u0259ri \u0130rad\u0259 \u0130brahimova bildirib:<\/p>\n<p>&#8220;Apar\u0131lan t\u0259hlill\u0259r\u0259 \u0259sas\u0259n dey\u0259 bil\u0259rik ki, paytaxt\u0131n Yasamal, N\u0259rimanov, Bin\u0259q\u0259di, X\u0259z\u0259r rayonlar\u0131nda, b\u00f6lg\u0259l\u0259r \u00fczr\u0259 \u015e\u0259mkir, Sumqay\u0131t, \u015eirvan, A\u011fcab\u0259di, Yevlax, Ming\u0259\u00e7evir, Qax \u015f\u0259h\u0259rl\u0259rind\u0259 ya\u015f\u0131ll\u0131qlar\u0131n sal\u0131nmas\u0131 t\u0259dbirl\u0259ri art\u0131q k\u00fctl\u0259vi hal al\u0131b v\u0259 bu rayonlarda daha geni\u015f ya\u015f\u0131ll\u0131q zolaqlar\u0131 sal\u0131n\u0131b.<\/p>\n<div id=\"AdviadNativeVideo0\" class=\"AdviadNativeVideo\"><\/div>\n<p>\u018fminik ki, bel\u0259 t\u0259dbirl\u0259r dig\u0259r rayonlar \u00fc\u00e7\u00fcn d\u0259 stimul olacaq, geni\u015f ya\u015f\u0131ll\u0131q sah\u0259l\u0259ri sal\u0131nacaq v\u0259 qorunacaq.<\/p>\n<p>Qeyd edim ki, a\u011fac\u0259km\u0259 aksiyalar\u0131n\u0131n ke\u00e7irilm\u0259sind\u0259 m\u0259qs\u0259d \u00f6lk\u0259mizd\u0259 ya\u015f\u0131ll\u0131q sah\u0259l\u0259rinin art\u0131r\u0131lmas\u0131, qorunmas\u0131 v\u0259 insanlarda t\u0259bi\u0259t\u0259 qay\u011f\u0131 hissini a\u015f\u0131lamaqd\u0131r&#8221;.<\/p>\n","protected":false},"excerpt":{"rendered":"<p>Yeni ya\u015f\u0131ll\u0131qlar\u0131n sal\u0131nmas\u0131 v\u0259 a\u011fac \u0259kilm\u0259sinin t\u0259\u015fviqi m\u0259qs\u0259dil\u0259 ke\u00e7iril\u0259n aksiyalarda bir s\u0131ra rayon icra hakimiyy\u0259tl\u0259ri \u00f6z f\u0259all\u0131qlar\u0131 il\u0259 f\u0259rql\u0259nir ki, bu da a\u011fac\u0259km\u0259 kampaniyas\u0131n\u0131n daha da k\u00fctl\u0259vil\u0259\u015fm\u0259sin\u0259 r\u0259vac verir. ARANTV.AZ\u00a0\u00a0Trend-\u0259 istinad\u0259n bildirir ki, bunu bu g\u00fcn Ekologiya v\u0259 T\u0259bii S\u0259rv\u0259tl\u0259r Nazirliyind\u0259 (ETSN) ke\u00e7iril\u0259n m\u0259tbuat konfrans\u0131nda nazirliyin m\u0259tbuat xidm\u0259tinin r\u0259hb\u0259ri \u0130rad\u0259 \u0130brahimova bildirib: &#8220;Apar\u0131lan t\u0259hlill\u0259r\u0259 \u0259sas\u0259n dey\u0259 bil\u0259rik ki, paytaxt\u0131n Yasamal, N\u0259rimanov, Bin\u0259q\u0259di, X\u0259z\u0259r rayonlar\u0131nda, b\u00f6lg\u0259l\u0259r \u00fczr\u0259 \u015e\u0259mkir, Sumqay\u0131t, \u015eirvan, A\u011fcab\u0259di, Yevlax, Ming\u0259\u00e7evir, Qax \u015f\u0259h\u0259rl\u0259rind\u0259 ya\u015f\u0131ll\u0131qlar\u0131n sal\u0131nmas\u0131 t\u0259dbirl\u0259ri art\u0131q k\u00fctl\u0259vi hal al\u0131b v\u0259 bu rayonlarda daha geni\u015f ya\u015f\u0131ll\u0131q zolaqlar\u0131 sal\u0131n\u0131b. \u018fminik&hellip;<\/p>\n","protected":false},"author":2,"featured_media":50468,"comment_status":"closed","ping_status":"closed","sticky":false,"template":"","format":"standard","meta":{"om_disable_all_campaigns":false,"_monsterinsights_skip_tracking":false,"_monsterinsights_sitenote_active":false,"_monsterinsights_sitenote_note":"","_monsterinsights_sitenote_category":0},"categories":[1],"tags":[],"aioseo_notices":[],"gutentor_comment":0,"rttpg_featured_image_url":{"full":["https:\/\/arantv.az\/wp-content\/uploads\/2019\/04\/yasilliq.jpg",550,365,false],"landscape":["https:\/\/arantv.az\/wp-content\/uploads\/2019\/04\/yasilliq.jpg",550,365,false],"portraits":["https:\/\/arantv.az\/wp-content\/uploads\/2019\/04\/yasilliq.jpg",550,365,false],"thumbnail":["https:\/\/arantv.az\/wp-content\/uploads\/2019\/04\/yasilliq-150x150.jpg",150,150,true],"medium":["https:\/\/arantv.az\/wp-content\/uploads\/2019\/04\/yasilliq-300x199.jpg",300,199,true],"large":["https:\/\/arantv.az\/wp-content\/uploads\/2019\/04\/yasilliq.jpg",550,365,false],"1536x1536":["https:\/\/arantv.az\/wp-content\/uploads\/2019\/04\/yasilliq.jpg",550,365,false],"2048x2048":["https:\/\/arantv.az\/wp-content\/uploads\/2019\/04\/yasilliq.jpg",550,365,false],"post-thumbnail":["https:\/\/arantv.az\/wp-content\/uploads\/2019\/04\/yasilliq-240x172.jpg",240,172,true],"advps-thumb-one":["https:\/\/arantv.az\/wp-content\/uploads\/2019\/04\/yasilliq.jpg",550,365,false]},"rttpg_author":{"display_name":"V\u00fcsal Rafiqo\u011flu","author_link":"https:\/\/arantv.az\/?author=2"},"rttpg_comment":0,"rttpg_category":"<a href=\"https:\/\/arantv.az\/?cat=1\" rel=\"category\">C\u0259miyy\u0259t<\/a>","rttpg_excerpt":"Yeni ya\u015f\u0131ll\u0131qlar\u0131n sal\u0131nmas\u0131 v\u0259 a\u011fac \u0259kilm\u0259sinin t\u0259\u015fviqi m\u0259qs\u0259dil\u0259 ke\u00e7iril\u0259n aksiyalarda bir s\u0131ra rayon icra hakimiyy\u0259tl\u0259ri \u00f6z f\u0259all\u0131qlar\u0131 il\u0259 f\u0259rql\u0259nir ki, bu da a\u011fac\u0259km\u0259 kampaniyas\u0131n\u0131n daha da k\u00fctl\u0259vil\u0259\u015fm\u0259sin\u0259 r\u0259vac verir. ARANTV.AZ\u00a0\u00a0Trend-\u0259 istinad\u0259n bildirir ki, bunu bu g\u00fcn Ekologiya v\u0259 T\u0259bii S\u0259rv\u0259tl\u0259r Nazirliyind\u0259 (ETSN) ke\u00e7iril\u0259n m\u0259tbuat konfrans\u0131nda nazirliyin m\u0259tbuat xidm\u0259tinin r\u0259hb\u0259ri \u0130rad\u0259 \u0130brahimova bildirib: &#8220;Apar\u0131lan t\u0259hlill\u0259r\u0259 \u0259sas\u0259n&hellip;","_links":{"self":[{"href":"https:\/\/arantv.az\/index.php?rest_route=\/wp\/v2\/posts\/50466"}],"collection":[{"href":"https:\/\/arantv.az\/index.php?rest_route=\/wp\/v2\/posts"}],"about":[{"href":"https:\/\/arantv.az\/index.php?rest_route=\/wp\/v2\/types\/post"}],"author":[{"embeddable":true,"href":"https:\/\/arantv.az\/index.php?rest_route=\/wp\/v2\/users\/2"}],"replies":[{"embeddable":true,"href":"https:\/\/arantv.az\/index.php?rest_route=%2Fwp%2Fv2%2Fcomments&post=50466"}],"version-history":[{"count":0,"href":"https:\/\/arantv.az\/index.php?rest_route=\/wp\/v2\/posts\/50466\/revisions"}],"wp:featuredmedia":[{"embeddable":true,"href":"https:\/\/arantv.az\/index.php?rest_route=\/wp\/v2\/media\/50468"}],"wp:attachment":[{"href":"https:\/\/arantv.az\/index.php?rest_route=%2Fwp%2Fv2%2Fmedia&parent=50466"}],"wp:term":[{"taxonomy":"category","embeddable":true,"href":"https:\/\/arantv.az\/index.php?rest_route=%2Fwp%2Fv2%2Fcategories&post=50466"},{"taxonomy":"post_tag","embeddable":true,"href":"https:\/\/arantv.az\/index.php?rest_route=%2Fwp%2Fv2%2Ftags&post=50466"}],"curies":[{"name":"wp","href":"https:\/\/api.w.org\/{rel}","templated":true}]}}