{"id":50477,"date":"2019-04-12T15:17:28","date_gmt":"2019-04-12T12:17:28","guid":{"rendered":"http:\/\/arantv.az\/?p=50477"},"modified":"2019-04-12T15:17:28","modified_gmt":"2019-04-12T12:17:28","slug":"gedib-evd%c9%99-iyn%c9%99-vurdurdum-piyadani-vuran-surucun-hali-pisl%c9%99sdi-video","status":"publish","type":"post","link":"https:\/\/arantv.az\/?p=50477","title":{"rendered":"&#8220;Gedib evd\u0259 iyn\u0259 vurdurdum&#8221; \u2013 Piyadan\u0131 vuran s\u00fcr\u00fcc\u00fcn hal\u0131 pisl\u0259\u015fdi \u2013 V\u0130DEO"},"content":{"rendered":"<div id=\"entry\" class=\"entry\">\u015e\u0259kid\u0259 avtomobill\u0259 piyadan\u0131 vurub qa\u00e7an \u015f\u0259xs saxlan\u0131l\u0131b.<\/p>\n<p><strong>ARANTV.AZ<\/strong> x\u0259b\u0259r verir ki, hadis\u0259ni t\u00f6r\u0259d\u0259n \u015f\u0259xsin \u015e\u0259ki rayonunda m\u0259skunla\u015fm\u0131\u015f La\u00e7\u0131n rayon sakini T\u0259v\u0259kk\u00fcl Qas\u0131mov oldu\u011fu m\u00fc\u0259yy\u0259n olunub.<\/p>\n<p>O, saxlan\u0131laraq idar\u0259 etdiyi \u201cVAZ-2170&#8243; markal\u0131 avtomobill\u0259 birg\u0259 \u015eRP\u015e-nin \u0130stintaq b\u00f6lm\u0259sin\u0259 t\u0259hvil verilib.<\/p>\n<div id=\"AdviadNativeVideo0\" class=\"AdviadNativeVideo\"><\/div>\n<p>T\u0259v\u0259kk\u00fcl Qas\u0131mov \u2013 Saxlan\u0131lan \u015f\u0259xs: \u201cA\u015fa\u011f\u0131dan yuxar\u0131 g\u0259lirdim, el\u0259 bir anda \u00e7atd\u0131m ki, daha he\u00e7n\u0259 ed\u0259 bilm\u0259dim. Birc\u0259 s\u0259si e\u015fitdim. Oradan nec\u0259 getdiyimi xat\u0131rlam\u0131ram. Pis hala d\u00fc\u015fd\u00fcm, gedib evd\u0259 iyn\u0259 vurdurdum. Koma v\u0259ziyy\u0259tind\u0259 idim\u201d.<\/p>\n<p>Qeyd ed\u0259k ki, aprelin 10-u saat 23 rad\u0259l\u0259rind\u0259 M.\u018f.R\u0259sulzad\u0259 prospektind\u0259 avtomobil yolu ke\u00e7\u0259n \u015f\u0259h\u0259r sakini Oqtay Abdur\u0259himovu vurub v\u0259 n\u0259tic\u0259d\u0259 piyada ald\u0131\u011f\u0131 b\u0259d\u0259n x\u0259sar\u0259tl\u0259rind\u0259n hadis\u0259 yerind\u0259 \u00f6l\u00fcb.<\/p>\n<p>Haz\u0131rda faktla ba\u011fl\u0131 ara\u015fd\u0131rma davam edir. Hadis\u0259ni t\u00f6r\u0259d\u0259n T\u0259v\u0259kk\u00fcl Qas\u0131mov cinay\u0259t m\u0259suliyy\u0259tin\u0259 c\u0259lb edilib.<\/p>\n<div class=\"embed-responsive embed-responsive-16by9\"><iframe loading=\"lazy\" id=\"nmqembedid\" class=\"embed-responsive-item\" title=\"video player\" src=\"https:\/\/izle.az\/embed\/qyyxzTdwdDGoDAt3zysGAA~~\" width=\"600\" height=\"340\" frameborder=\"0\" scrolling=\"no\" allowfullscreen=\"allowfullscreen\" data-mce-fragment=\"1\"><\/iframe><\/div>\n<\/div>\n<p><b>arbtv<\/b><\/p>\n","protected":false},"excerpt":{"rendered":"<p>\u015e\u0259kid\u0259 avtomobill\u0259 piyadan\u0131 vurub qa\u00e7an \u015f\u0259xs saxlan\u0131l\u0131b. ARANTV.AZ x\u0259b\u0259r verir ki, hadis\u0259ni t\u00f6r\u0259d\u0259n \u015f\u0259xsin \u015e\u0259ki rayonunda m\u0259skunla\u015fm\u0131\u015f La\u00e7\u0131n rayon sakini T\u0259v\u0259kk\u00fcl Qas\u0131mov oldu\u011fu m\u00fc\u0259yy\u0259n olunub. O, saxlan\u0131laraq idar\u0259 etdiyi \u201cVAZ-2170&#8243; markal\u0131 avtomobill\u0259 birg\u0259 \u015eRP\u015e-nin \u0130stintaq b\u00f6lm\u0259sin\u0259 t\u0259hvil verilib. T\u0259v\u0259kk\u00fcl Qas\u0131mov \u2013 Saxlan\u0131lan \u015f\u0259xs: \u201cA\u015fa\u011f\u0131dan yuxar\u0131 g\u0259lirdim, el\u0259 bir anda \u00e7atd\u0131m ki, daha he\u00e7n\u0259 ed\u0259 bilm\u0259dim. Birc\u0259 s\u0259si e\u015fitdim. Oradan nec\u0259 getdiyimi xat\u0131rlam\u0131ram. Pis hala d\u00fc\u015fd\u00fcm, gedib evd\u0259 iyn\u0259 vurdurdum. Koma v\u0259ziyy\u0259tind\u0259 idim\u201d. Qeyd ed\u0259k ki, aprelin 10-u saat 23 rad\u0259l\u0259rind\u0259 M.\u018f.R\u0259sulzad\u0259 prospektind\u0259 avtomobil yolu ke\u00e7\u0259n \u015f\u0259h\u0259r sakini Oqtay Abdur\u0259himovu vurub&hellip;<\/p>\n","protected":false},"author":2,"featured_media":50478,"comment_status":"closed","ping_status":"closed","sticky":false,"template":"","format":"standard","meta":{"om_disable_all_campaigns":false,"_monsterinsights_skip_tracking":false,"_monsterinsights_sitenote_active":false,"_monsterinsights_sitenote_note":"","_monsterinsights_sitenote_category":0},"categories":[5],"tags":[],"aioseo_notices":[],"gutentor_comment":0,"rttpg_featured_image_url":{"full":["https:\/\/arantv.az\/wp-content\/uploads\/2019\/04\/j_11555071266.jpg",552,325,false],"landscape":["https:\/\/arantv.az\/wp-content\/uploads\/2019\/04\/j_11555071266.jpg",552,325,false],"portraits":["https:\/\/arantv.az\/wp-content\/uploads\/2019\/04\/j_11555071266.jpg",552,325,false],"thumbnail":["https:\/\/arantv.az\/wp-content\/uploads\/2019\/04\/j_11555071266-150x150.jpg",150,150,true],"medium":["https:\/\/arantv.az\/wp-content\/uploads\/2019\/04\/j_11555071266-300x177.jpg",300,177,true],"large":["https:\/\/arantv.az\/wp-content\/uploads\/2019\/04\/j_11555071266.jpg",552,325,false],"1536x1536":["https:\/\/arantv.az\/wp-content\/uploads\/2019\/04\/j_11555071266.jpg",552,325,false],"2048x2048":["https:\/\/arantv.az\/wp-content\/uploads\/2019\/04\/j_11555071266.jpg",552,325,false],"post-thumbnail":["https:\/\/arantv.az\/wp-content\/uploads\/2019\/04\/j_11555071266-240x172.jpg",240,172,true],"advps-thumb-one":["https:\/\/arantv.az\/wp-content\/uploads\/2019\/04\/j_11555071266.jpg",552,325,false]},"rttpg_author":{"display_name":"V\u00fcsal Rafiqo\u011flu","author_link":"https:\/\/arantv.az\/?author=2"},"rttpg_comment":0,"rttpg_category":"<a href=\"https:\/\/arantv.az\/?cat=5\" rel=\"category\">Hadis\u0259<\/a>","rttpg_excerpt":"\u015e\u0259kid\u0259 avtomobill\u0259 piyadan\u0131 vurub qa\u00e7an \u015f\u0259xs saxlan\u0131l\u0131b. ARANTV.AZ x\u0259b\u0259r verir ki, hadis\u0259ni t\u00f6r\u0259d\u0259n \u015f\u0259xsin \u015e\u0259ki rayonunda m\u0259skunla\u015fm\u0131\u015f La\u00e7\u0131n rayon sakini T\u0259v\u0259kk\u00fcl Qas\u0131mov oldu\u011fu m\u00fc\u0259yy\u0259n olunub. O, saxlan\u0131laraq idar\u0259 etdiyi \u201cVAZ-2170&#8243; markal\u0131 avtomobill\u0259 birg\u0259 \u015eRP\u015e-nin \u0130stintaq b\u00f6lm\u0259sin\u0259 t\u0259hvil verilib. T\u0259v\u0259kk\u00fcl Qas\u0131mov \u2013 Saxlan\u0131lan \u015f\u0259xs: \u201cA\u015fa\u011f\u0131dan yuxar\u0131 g\u0259lirdim, el\u0259 bir anda \u00e7atd\u0131m ki, daha he\u00e7n\u0259 ed\u0259 bilm\u0259dim.&hellip;","_links":{"self":[{"href":"https:\/\/arantv.az\/index.php?rest_route=\/wp\/v2\/posts\/50477"}],"collection":[{"href":"https:\/\/arantv.az\/index.php?rest_route=\/wp\/v2\/posts"}],"about":[{"href":"https:\/\/arantv.az\/index.php?rest_route=\/wp\/v2\/types\/post"}],"author":[{"embeddable":true,"href":"https:\/\/arantv.az\/index.php?rest_route=\/wp\/v2\/users\/2"}],"replies":[{"embeddable":true,"href":"https:\/\/arantv.az\/index.php?rest_route=%2Fwp%2Fv2%2Fcomments&post=50477"}],"version-history":[{"count":0,"href":"https:\/\/arantv.az\/index.php?rest_route=\/wp\/v2\/posts\/50477\/revisions"}],"wp:featuredmedia":[{"embeddable":true,"href":"https:\/\/arantv.az\/index.php?rest_route=\/wp\/v2\/media\/50478"}],"wp:attachment":[{"href":"https:\/\/arantv.az\/index.php?rest_route=%2Fwp%2Fv2%2Fmedia&parent=50477"}],"wp:term":[{"taxonomy":"category","embeddable":true,"href":"https:\/\/arantv.az\/index.php?rest_route=%2Fwp%2Fv2%2Fcategories&post=50477"},{"taxonomy":"post_tag","embeddable":true,"href":"https:\/\/arantv.az\/index.php?rest_route=%2Fwp%2Fv2%2Ftags&post=50477"}],"curies":[{"name":"wp","href":"https:\/\/api.w.org\/{rel}","templated":true}]}}