{"id":50481,"date":"2019-04-12T15:19:42","date_gmt":"2019-04-12T12:19:42","guid":{"rendered":"http:\/\/arantv.az\/?p=50481"},"modified":"2019-04-12T15:19:42","modified_gmt":"2019-04-12T12:19:42","slug":"daha-bir-m%c9%99kt%c9%99bd%c9%99-faci%c9%99-oglumu-doy%c9%99r%c9%99k-oldurubl%c9%99r-video","status":"publish","type":"post","link":"https:\/\/arantv.az\/?p=50481","title":{"rendered":"Daha bir m\u0259kt\u0259bd\u0259 faci\u0259: \u201cO\u011flumu d\u00f6y\u0259r\u0259k \u00f6ld\u00fcr\u00fcbl\u0259r\u201d \u2013 Video"},"content":{"rendered":"<div class=\"row m-0 p-0 mt-2\">\n<div class=\"col-12 col-sm-12 col-lg-12 icSehifeBody p-2 m-0\">\n<p><strong>X\u0259z\u0259r rayonu, M\u0259rd\u0259kan q\u0259s\u0259b\u0259sind\u0259ki H.Z. Ta\u011f\u0131yev ad\u0131na 123 \u2116-li tam orta m\u0259kt\u0259bin \u015fagirdi d\u00f6y\u00fcl\u0259r\u0259k \u00f6ld\u00fcr\u00fcl\u00fcb.<\/strong><\/p>\n<p><strong>ARANTV.AZ\u00a0<\/strong>\u00a0x\u0259b\u0259r verir ki, bu iddian\u0131 \u015fagirdin valideyni Mehman Pa\u015fayev Bizimyol.info-ya a\u00e7\u0131qlamas\u0131nda bildirib.<\/p>\n<p>O, iddia edib ki, XI \u201cb\u201d sinfinin \u015fagirdi L\u0259tifov \u0130lkin Mehman o\u011flu m\u0259kt\u0259bd\u0259 d\u00f6y\u00fcl\u00fcb: \u201cO\u011flum a\u011f\u0131r x\u0259sar\u0259t almas\u0131 il\u0259 ba\u011fl\u0131 m\u0259n\u0259 gec m\u0259lumat verilib. 3 sayl\u0131 \u015e\u0259h\u0259r Klinik X\u0259st\u0259xanaya yerl\u0259\u015fdiril\u0259n \u00f6vlad\u0131m \u0259m\u0259liyyat olunub. Amma \u00f6vlad\u0131m\u0131n h\u0259yat\u0131n\u0131 xilas etm\u0259k m\u00fcmk\u00fcn olmay\u0131b. Bu hadis\u0259 il\u0259 ba\u011fl\u0131 m\u0259kt\u0259bin r\u0259hb\u0259rliyinin v\u0259 h\u0259kiml\u0259rin m\u0259suliyy\u0259t\u0259 c\u0259lb olunmas\u0131n\u0131 t\u0259l\u0259b edir\u0259m\u201d.<\/p>\n<p>Valideyn bildirib ki, m\u0259kt\u0259bdin r\u0259hb\u0259rliyi hadis\u0259 il\u0259 ba\u011fl\u0131 ona yalan m\u0259lumat verib: \u201c\u00d6nc\u0259 m\u0259n\u0259 dedil\u0259r ki o\u011flum y\u0131x\u0131laraq x\u0259sar\u0259t al\u0131b. Amma x\u0259st\u0259xanadan daxili orqanlar\u0131nda qanaxma olmas\u0131 v\u0259 \u0259m\u0259liyyat olunaca\u011f\u0131 bar\u0259d\u0259 m\u0259lumat veril\u0259nd\u0259n sonra \u00f6vlad\u0131m\u0131n d\u00f6y\u00fcld\u00fc bildirildi. M\u0259n bu faci\u0259nin ciddi ara\u015fd\u0131r\u0131lmas\u0131n\u0131n v\u0259 n\u0259zar\u0259td\u0259 saxlan\u0131lmas\u0131 xahi\u015f edir\u0259m\u201d.<\/p>\n<p>M\u0259s\u0259l\u0259 il\u0259 ba\u011fl\u0131 Bak\u0131 \u015e\u0259h\u0259ri \u00fczr\u0259 T\u0259hsil \u0130dar\u0259sin\u0259 informasiya sor\u011fusu g\u00f6nd\u0259rilib.<\/p>\n<p><iframe loading=\"lazy\" src=\"https:\/\/www.youtube.com\/embed\/zBwIw3YSFWQ\" width=\"100%\" height=\"315\" frameborder=\"0\" data-mce-fragment=\"1\"><\/iframe><\/p>\n<p>&nbsp;<\/p>\n<\/div>\n<\/div>\n<div class=\"row m-0 pl-2 p-0 mt-1\">\n<div class=\"\"><\/div>\n<\/div>\n","protected":false},"excerpt":{"rendered":"<p>X\u0259z\u0259r rayonu, M\u0259rd\u0259kan q\u0259s\u0259b\u0259sind\u0259ki H.Z. Ta\u011f\u0131yev ad\u0131na 123 \u2116-li tam orta m\u0259kt\u0259bin \u015fagirdi d\u00f6y\u00fcl\u0259r\u0259k \u00f6ld\u00fcr\u00fcl\u00fcb. ARANTV.AZ\u00a0\u00a0x\u0259b\u0259r verir ki, bu iddian\u0131 \u015fagirdin valideyni Mehman Pa\u015fayev Bizimyol.info-ya a\u00e7\u0131qlamas\u0131nda bildirib. O, iddia edib ki, XI \u201cb\u201d sinfinin \u015fagirdi L\u0259tifov \u0130lkin Mehman o\u011flu m\u0259kt\u0259bd\u0259 d\u00f6y\u00fcl\u00fcb: \u201cO\u011flum a\u011f\u0131r x\u0259sar\u0259t almas\u0131 il\u0259 ba\u011fl\u0131 m\u0259n\u0259 gec m\u0259lumat verilib. 3 sayl\u0131 \u015e\u0259h\u0259r Klinik X\u0259st\u0259xanaya yerl\u0259\u015fdiril\u0259n \u00f6vlad\u0131m \u0259m\u0259liyyat olunub. Amma \u00f6vlad\u0131m\u0131n h\u0259yat\u0131n\u0131 xilas etm\u0259k m\u00fcmk\u00fcn olmay\u0131b. Bu hadis\u0259 il\u0259 ba\u011fl\u0131 m\u0259kt\u0259bin r\u0259hb\u0259rliyinin v\u0259 h\u0259kiml\u0259rin m\u0259suliyy\u0259t\u0259 c\u0259lb olunmas\u0131n\u0131 t\u0259l\u0259b edir\u0259m\u201d. Valideyn bildirib ki, m\u0259kt\u0259bdin r\u0259hb\u0259rliyi hadis\u0259 il\u0259 ba\u011fl\u0131 ona yalan&hellip;<\/p>\n","protected":false},"author":2,"featured_media":50482,"comment_status":"closed","ping_status":"closed","sticky":false,"template":"","format":"standard","meta":{"om_disable_all_campaigns":false,"_monsterinsights_skip_tracking":false,"_monsterinsights_sitenote_active":false,"_monsterinsights_sitenote_note":"","_monsterinsights_sitenote_category":0},"categories":[5],"tags":[],"aioseo_notices":[],"gutentor_comment":0,"rttpg_featured_image_url":{"full":["https:\/\/arantv.az\/wp-content\/uploads\/2019\/04\/1555071245.ata_.jpg",600,400,false],"landscape":["https:\/\/arantv.az\/wp-content\/uploads\/2019\/04\/1555071245.ata_.jpg",600,400,false],"portraits":["https:\/\/arantv.az\/wp-content\/uploads\/2019\/04\/1555071245.ata_.jpg",600,400,false],"thumbnail":["https:\/\/arantv.az\/wp-content\/uploads\/2019\/04\/1555071245.ata_-150x150.jpg",150,150,true],"medium":["https:\/\/arantv.az\/wp-content\/uploads\/2019\/04\/1555071245.ata_-300x200.jpg",300,200,true],"large":["https:\/\/arantv.az\/wp-content\/uploads\/2019\/04\/1555071245.ata_.jpg",600,400,false],"1536x1536":["https:\/\/arantv.az\/wp-content\/uploads\/2019\/04\/1555071245.ata_.jpg",600,400,false],"2048x2048":["https:\/\/arantv.az\/wp-content\/uploads\/2019\/04\/1555071245.ata_.jpg",600,400,false],"post-thumbnail":["https:\/\/arantv.az\/wp-content\/uploads\/2019\/04\/1555071245.ata_-240x172.jpg",240,172,true],"advps-thumb-one":["https:\/\/arantv.az\/wp-content\/uploads\/2019\/04\/1555071245.ata_.jpg",600,400,false]},"rttpg_author":{"display_name":"V\u00fcsal Rafiqo\u011flu","author_link":"https:\/\/arantv.az\/?author=2"},"rttpg_comment":0,"rttpg_category":"<a href=\"https:\/\/arantv.az\/?cat=5\" rel=\"category\">Hadis\u0259<\/a>","rttpg_excerpt":"X\u0259z\u0259r rayonu, M\u0259rd\u0259kan q\u0259s\u0259b\u0259sind\u0259ki H.Z. Ta\u011f\u0131yev ad\u0131na 123 \u2116-li tam orta m\u0259kt\u0259bin \u015fagirdi d\u00f6y\u00fcl\u0259r\u0259k \u00f6ld\u00fcr\u00fcl\u00fcb. ARANTV.AZ\u00a0\u00a0x\u0259b\u0259r verir ki, bu iddian\u0131 \u015fagirdin valideyni Mehman Pa\u015fayev Bizimyol.info-ya a\u00e7\u0131qlamas\u0131nda bildirib. O, iddia edib ki, XI \u201cb\u201d sinfinin \u015fagirdi L\u0259tifov \u0130lkin Mehman o\u011flu m\u0259kt\u0259bd\u0259 d\u00f6y\u00fcl\u00fcb: \u201cO\u011flum a\u011f\u0131r x\u0259sar\u0259t almas\u0131 il\u0259 ba\u011fl\u0131 m\u0259n\u0259 gec m\u0259lumat verilib. 3 sayl\u0131 \u015e\u0259h\u0259r Klinik&hellip;","_links":{"self":[{"href":"https:\/\/arantv.az\/index.php?rest_route=\/wp\/v2\/posts\/50481"}],"collection":[{"href":"https:\/\/arantv.az\/index.php?rest_route=\/wp\/v2\/posts"}],"about":[{"href":"https:\/\/arantv.az\/index.php?rest_route=\/wp\/v2\/types\/post"}],"author":[{"embeddable":true,"href":"https:\/\/arantv.az\/index.php?rest_route=\/wp\/v2\/users\/2"}],"replies":[{"embeddable":true,"href":"https:\/\/arantv.az\/index.php?rest_route=%2Fwp%2Fv2%2Fcomments&post=50481"}],"version-history":[{"count":0,"href":"https:\/\/arantv.az\/index.php?rest_route=\/wp\/v2\/posts\/50481\/revisions"}],"wp:featuredmedia":[{"embeddable":true,"href":"https:\/\/arantv.az\/index.php?rest_route=\/wp\/v2\/media\/50482"}],"wp:attachment":[{"href":"https:\/\/arantv.az\/index.php?rest_route=%2Fwp%2Fv2%2Fmedia&parent=50481"}],"wp:term":[{"taxonomy":"category","embeddable":true,"href":"https:\/\/arantv.az\/index.php?rest_route=%2Fwp%2Fv2%2Fcategories&post=50481"},{"taxonomy":"post_tag","embeddable":true,"href":"https:\/\/arantv.az\/index.php?rest_route=%2Fwp%2Fv2%2Ftags&post=50481"}],"curies":[{"name":"wp","href":"https:\/\/api.w.org\/{rel}","templated":true}]}}