{"id":50493,"date":"2019-04-12T15:36:34","date_gmt":"2019-04-12T12:36:34","guid":{"rendered":"http:\/\/arantv.az\/?p=50493"},"modified":"2019-04-12T15:36:34","modified_gmt":"2019-04-12T12:36:34","slug":"son-bir-ild%c9%99-prezidentin-f%c9%99aliyy%c9%99tinin-baslica-m%c9%99qamlari","status":"publish","type":"post","link":"https:\/\/arantv.az\/?p=50493","title":{"rendered":"Son bir ild\u0259: Prezidentin f\u0259aliyy\u0259tinin ba\u015fl\u0131ca m\u0259qamlar\u0131"},"content":{"rendered":"<p><strong>ARANTV.AZ\u00a0<\/strong>\u00a0<a href=\"http:\/\/newtimes.az\/\" target=\"_blank\" rel=\"noopener\"><span style=\"color: #000000;\">newtimes.az<\/span><\/a>-\u0131n yaz\u0131s\u0131n\u0131 t\u0259qdim edir:<\/p>\n<p>D\u00fcnyada \u00f6lk\u0259 ba\u015f\u00e7\u0131lar\u0131n\u0131n f\u0259aliyy\u0259tl\u0259rinin m\u00fc\u0259yy\u0259n d\u00f6vrl\u0259r \u00fczr\u0259 qiym\u0259tl\u0259ndirilm\u0259si bir \u0259n\u0259n\u0259y\u0259 \u00e7evrilib. Bu s\u0131rada Prezidentl\u0259rin birillik f\u0259aliyy\u0259ti x\u00fcsusi yer tutur. Az\u0259rbaycan Prezidenti \u0130lham \u018fliyevin d\u0259 n\u00f6vb\u0259ti d\u0259f\u0259 Prezident se\u00e7ilm\u0259sind\u0259n bir il \u00f6t\u00fcr. Bununla ba\u011fl\u0131 ekspertl\u0259r geni\u015f analizl\u0259r apar\u0131rlar. Onlar\u0131n t\u0259hlili g\u00f6st\u0259rir ki, ke\u00e7\u0259n m\u00fcdd\u0259t \u0259rzind\u0259 \u0130lham \u018fliyevin r\u0259hb\u0259rliyi il\u0259 Az\u0259rbaycan b\u00f6y\u00fck u\u011furlara imza at\u0131b. B\u00fct\u00fcn sah\u0259l\u0259r \u00fczr\u0259 h\u0259yata ke\u00e7iril\u0259n proqramlar, islahatlar\u0131n davam etdirilm\u0259si konkret m\u00fcsb\u0259t n\u0259tic\u0259l\u0259r verib. Vur\u011fulayaq ki, Az\u0259rbaycan Prezidentinin birillik f\u0259aliyy\u0259tin\u0259 beyn\u0259lxalq t\u0259\u015fkilatlar v\u0259 ekspertl\u0259r d\u0259 ciddi maraq g\u00f6st\u0259ribl\u0259r. Onlar\u0131n da fikrin\u0259 g\u00f6r\u0259, \u0130lham \u018fliyev olduqca u\u011furlu siyasi kurs realla\u015fd\u0131r\u0131r. Biz vur\u011fulanan m\u0259qamlar kontekstind\u0259 d\u00f6vl\u0259t ba\u015f\u00e7\u0131s\u0131n\u0131n \u00f6t\u0259n bir ild\u0259ki u\u011furlu f\u0259aliyy\u0259tinin analizi \u00fcz\u0259rind\u0259 daha geni\u015f dayanma\u011fa b\u00f6y\u00fck ehtiyac g\u00f6r\u00fcr\u00fck.<\/p>\n<p><strong>Y\u00fcks\u0259k etimad: demokratik se\u00e7kid\u0259 inaml\u0131 q\u0259l\u0259b\u0259 qazanan lider<\/strong><\/p>\n<p>\u0130lham \u018fliyevin n\u00f6vb\u0259ti d\u0259f\u0259 Prezident se\u00e7ilm\u0259sind\u0259n bir il \u00f6t\u00fcr. Ekspertl\u0259r bu m\u00fcdd\u0259ti analiz edir, qiym\u0259tl\u0259ndirm\u0259l\u0259r apar\u0131r v\u0259 proqnozlar verirl\u0259r. Bir s\u0131ra xarici ekspertl\u0259r v\u0259 t\u0259\u015fkilatlar da Az\u0259rbaycan Prezidentinin f\u0259aliyy\u0259ti bar\u0259d\u0259 \u00f6z fikirl\u0259rini ifad\u0259 edirl\u0259r. Apar\u0131lan m\u00fcqayis\u0259l\u0259r, g\u0259tiril\u0259n faktlar, h\u0259yata ke\u00e7iril\u0259n proqramlar s\u00fcbut edir ki, \u00f6lk\u0259 r\u0259hb\u0259rinin son bir ild\u0259ki f\u0259aliyy\u0259ti tamamil\u0259 u\u011furlu olub. M\u00fcst\u0259qil d\u00f6vl\u0259t quruculu\u011fu prosesi m\u0259zmunca yeni s\u0259viyy\u0259y\u0259 y\u00fcks\u0259lib. Bu, daxili v\u0259 xarici siyas\u0259t\u0259 eyni d\u0259r\u0259c\u0259d\u0259 aiddir. \u018fld\u0259 olunan n\u0259tic\u0259l\u0259rin i\u015f\u0131\u011f\u0131nda h\u0259min q\u0259na\u0259tin do\u011frulu\u011funa tam \u0259minlik yaran\u0131r.<\/p>\n<p>H\u0259r \u015feyd\u0259n \u00f6nc\u0259, bir il \u0259vv\u0259l ke\u00e7iril\u0259n se\u00e7kinin demokratikliyi v\u0259 \u015f\u0259ffafl\u0131\u011f\u0131n\u0131 vur\u011fulamaq laz\u0131md\u0131r. Az\u0259rbaycan b\u00fct\u00fcn d\u00fcnyaya n\u00fcmayi\u015f etdirdi ki, y\u00fcks\u0259k se\u00e7ki m\u0259d\u0259niyy\u0259tin\u0259 malikdir. Se\u00e7kid\u0259 i\u015ftirak ed\u0259n b\u00fct\u00fcn namiz\u0259dl\u0259r \u00fc\u00e7\u00fcn geni\u015f t\u0259bli\u011fat imkanlar\u0131 yarad\u0131lm\u0131\u015fd\u0131. \u00d6lk\u0259 K\u0130V-l\u0259ri b\u0259rab\u0259r \u015f\u0259rtl\u0259r daxilind\u0259 onlar\u0131n h\u0259r birinin rahat qaydada fikrini ifad\u0259 etm\u0259si, m\u00f6vqeyini a\u00e7\u0131qlamas\u0131 \u00fc\u00e7\u00fcn \u015fans verirdi. Se\u00e7ki g\u00fcn\u00fc d\u0259 proses tam demokratik ruhda, sabitlik m\u00fchitind\u0259 ke\u00e7di. Se\u00e7ici azad sur\u0259td\u0259 layiq bildiyi namiz\u0259d\u0259 s\u0259s verdi. S\u0259sverm\u0259nin n\u0259tic\u0259sin\u0259 g\u00f6r\u0259, \u0130lham \u018fliyev b\u00fct\u00fcn r\u0259qibl\u0259rini qabaqlad\u0131 &#8211; 86,02 faiz s\u0259s toplad\u0131. Bu, v\u0259t\u0259nda\u015flar\u0131n Prezident\u0259 olan y\u00fcks\u0259k etimad\u0131n\u0131n birba\u015fa g\u00f6st\u0259ricisi idi.<\/p>\n<p>\u0130lham \u018fliyev xalq\u0131n tam d\u0259st\u0259yini hiss ed\u0259r\u0259k, b\u00f6y\u00fck f\u0259all\u0131qla \u00f6lk\u0259y\u0259 r\u0259hb\u0259rlik etm\u0259kd\u0259dir. Ke\u00e7\u0259n m\u00fcdd\u0259t \u0259rzind\u0259 b\u00fct\u00fcn istiqam\u0259tl\u0259rd\u0259 b\u00f6y\u00fck proqramlar h\u0259yata ke\u00e7irilib, islahatlar apar\u0131l\u0131b. Daxili v\u0259 xarici siyas\u0259td\u0259 u\u011furlar qazan\u0131l\u0131b. Onlar\u0131n analizi g\u00f6st\u0259rir ki, m\u00fcst\u0259qil d\u00f6vl\u0259t quruculu\u011fu faktiki olaraq yeni s\u0259viyy\u0259y\u0259 y\u00fcks\u0259lib v\u0259 bu prosesin b\u00f6y\u00fck perspektivi vard\u0131r.<\/p>\n<p>Son bir ild\u0259 \u00f6lk\u0259d\u0259 \u0259halinin sosial rifah\u0131n\u0131n y\u00fcks\u0259ldilm\u0259si v\u0259 sosial t\u0259minat\u0131n daha da inki\u015faf etdirilm\u0259si istiqam\u0259tl\u0259rind\u0259 ciddi add\u0131mlar at\u0131l\u0131b. Az\u0259rbaycan s\u00f6z\u00fcn h\u0259qiqi m\u0259nas\u0131nda sosial d\u00f6vl\u0259t oldu\u011funu d\u00fcnyaya bir daha n\u00fcmayi\u015f etdirib. Prezident \u0130lham \u018fliyev \u015f\u0259hid ail\u0259l\u0259rin\u0259, m\u00fcharib\u0259 veteranlar\u0131na v\u0259 \u0259lill\u0259r\u0259 daim diqq\u0259t v\u0259 qay\u011f\u0131 g\u00f6st\u0259rib. T\u0259sad\u00fcfi deyil ki, ke\u00e7\u0259n il Prezident se\u00e7kil\u0259rind\u0259n sonra imzalanan ilk f\u0259rman \u015f\u0259hid ail\u0259l\u0259rin\u0259 bird\u0259f\u0259lik 11 min manat m\u0259bl\u0259\u011find\u0259 kompensasiyan\u0131n verilm\u0259si il\u0259 ba\u011fl\u0131 oldu.<\/p>\n<p>Sonrak\u0131 f\u0259rmanla \u015f\u0259hid ail\u0259l\u0259rin\u0259 veril\u0259n m\u00fcavin\u0259t 242 manatdan 300 manata qald\u0131r\u0131ld\u0131. Bundan ba\u015fqa, \u018ffqan\u0131standa h\u0259lak olanlar\u0131n ail\u0259l\u0259ri \u00fc\u00e7\u00fcn m\u00fcavin\u0259t d\u0259 300 manat oldu. 2018-2019-cu ill\u0259rd\u0259 \u015f\u0259hid ail\u0259l\u0259rin\u0259 1426 m\u0259nzil verilm\u0259si n\u0259z\u0259rd\u0259 tutulmu\u015fdu ki, onun da 700-\u0259 yax\u0131n\u0131 art\u0131q verilib.<\/p>\n<p>M\u0259cburi k\u00f6\u00e7k\u00fcnl\u0259r daim Az\u0259rbaycan Prezidentinin diqq\u0259t m\u0259rk\u0259zind\u0259 olub. Son bir ild\u0259 h\u0259min sah\u0259d\u0259 d\u0259 sosial islahatlar davam edib. M\u0259s\u0259l\u0259n, bu g\u00fcnl\u0259rd\u0259 \u0130lham \u018fliyev Bak\u0131n\u0131n K\u00fcrd\u0259xan\u0131 q\u0259s\u0259b\u0259sind\u0259 m\u0259cburi k\u00f6\u00e7k\u00fcn ail\u0259l\u0259ri \u00fc\u00e7\u00fcn istifad\u0259y\u0259 veril\u0259n yeni ya\u015fay\u0131\u015f kompleksini a\u00e7d\u0131. Bu, sayca \u00f6lk\u0259 \u00fczr\u0259 m\u0259cburi k\u00f6\u00e7k\u00fcnl\u0259r \u00fc\u00e7\u00fcn sal\u0131nan 103-c\u00fc m\u00fcasir ya\u015fay\u0131\u015f kompleksidir. T\u0259kc\u0259 Qarada\u011f rayonunda 1026 m\u0259cburi k\u00f6\u00e7k\u00fcn ail\u0259si \u00fc\u00e7\u00fcn ya\u015fay\u0131\u015f kompleksi in\u015fa edilib.<\/p>\n<p>Son bir ilin t\u0259cr\u00fcb\u0259si onu da t\u0259sdiq etdi ki, d\u00f6vl\u0259t ba\u015f\u00e7\u0131s\u0131 daim \u00f6lk\u0259 v\u0259t\u0259nda\u015f\u0131n\u0131n yan\u0131ndad\u0131r. Bu il \u015eamax\u0131da, A\u011fsuda, \u0130smay\u0131ll\u0131da ba\u015f ver\u0259n z\u0259lz\u0259l\u0259 n\u0259tic\u0259sind\u0259 insanlara d\u0259y\u0259n ziyan\u0131n kompensasiya edilm\u0259si \u00fc\u00e7\u00fcn laz\u0131mi add\u0131mlar\u0131n at\u0131lmas\u0131 bar\u0259d\u0259 Prezident g\u00f6st\u0259ri\u015fl\u0259r verdi. \u015e\u0259xs\u0259n \u00f6z\u00fc t\u0259bii f\u0259lak\u0259tl\u0259rin oldu\u011fu yerl\u0259r\u0259 gedib, insanlarla \u00fcnsiyy\u0259td\u0259 oldu. Qeyd ed\u0259k ki, bu s\u0259f\u0259rl\u0259r onu da g\u00f6st\u0259rdi ki, xalq\u0131n \u00f6z r\u0259hb\u0259rin\u0259 d\u0259rin h\u00f6rm\u0259ti var v\u0259 onun apard\u0131\u011f\u0131 siyas\u0259ti tam d\u0259st\u0259kl\u0259yir.<\/p>\n<p>M\u00fct\u0259x\u0259ssisl\u0259r b\u00fct\u00f6vl\u00fckd\u0259 Prezidentin son f\u0259rman, s\u0259r\u0259ncam v\u0259 q\u0259rarlar\u0131n\u0131n h\u0259r birini sosial inqilab kimi d\u0259y\u0259rl\u0259ndirirl\u0259r. \u00d6lk\u0259 r\u0259hb\u0259ri vur\u011fulay\u0131r ki, maliyy\u0259 imkanlar\u0131 m\u00f6hk\u0259ml\u0259n\u0259n \u00f6lk\u0259mizd\u0259 haz\u0131rlanan sosial paketd\u0259 daha ciddi islahatlar n\u0259z\u0259rd\u0259 tutulur. Bu kontekstd\u0259 onu da vur\u011fulamaq g\u0259r\u0259kdir ki, D\u00fcnya Bank\u0131 t\u0259r\u0259find\u0259n a\u00e7\u0131qlanan &#8220;Doing Business 2019&#8221; hesabat\u0131nda Az\u0259rbaycan d\u00fcnyan\u0131n 10 \u0259n islahat\u00e7\u0131 d\u00f6vl\u0259ti kimi g\u00f6st\u0259rilib. H\u0259tta Az\u0259rbaycan \u0259n \u00e7ox islahat aparan \u00f6lk\u0259 kimi qiym\u0259tl\u0259ndirilib. Hesabatda Az\u0259rbaycan 190 \u00f6lk\u0259 aras\u0131nda 25-ci yerd\u0259 g\u00f6st\u0259rilib.<\/p>\n<p>Prezident \u0130lham \u018fliyevin r\u0259hb\u0259rliyi alt\u0131nda son bir ild\u0259 Az\u0259rbaycan\u0131n sosial-iqtisadi inki\u015faf sah\u0259sind\u0259 \u0259ld\u0259 etdiyi u\u011furlar\u0131 Avropa Yenid\u0259nqurma v\u0259 \u0130nki\u015faf Bank\u0131 da y\u00fcks\u0259k qiym\u0259tl\u0259ndirib. Davos \u0130qtisadi Forumunun &#8220;Qlobal R\u0259qab\u0259tlilik 2019&#8221; hesabat\u0131na \u0259sas\u0259n is\u0259 Az\u0259rbaycan 140 \u00f6lk\u0259 aras\u0131nda 12-ci yeri tutur.<\/p>\n<p>Az\u0259rbaycan Prezidentinin son bir ild\u0259 \u0259halinin sosial maraqlar\u0131n\u0131n m\u00fcdafi\u0259sin\u0259 v\u0259 rifah hal\u0131n\u0131n yax\u015f\u0131la\u015fmas\u0131na y\u00fcks\u0259k diqq\u0259t yetirdiyini t\u0259sdiql\u0259y\u0259n faktlar s\u0131ras\u0131nda 2019-cu ilin fevral ay\u0131nda imzalad\u0131\u011f\u0131 &#8220;B\u0259zi \u00e7oxm\u0259nzilli binalar\u0131n istismar\u0131na icaz\u0259 verilm\u0259sinin sad\u0259l\u0259\u015fdirilm\u0259si haqq\u0131nda&#8221; v\u0259 &#8220;Az\u0259rbaycan Respublikas\u0131nda fiziki \u015f\u0259xsl\u0259rin problemli kreditl\u0259rinin h\u0259lli il\u0259 ba\u011fl\u0131 \u0259lav\u0259 t\u0259dbirl\u0259r haqq\u0131nda&#8221; f\u0259rmanlar\u0131n\u0131 ayr\u0131ca vur\u011fulamaq laz\u0131md\u0131r. \u00c7\u00fcnki h\u0259r iki m\u0259s\u0259l\u0259 c\u0259miyy\u0259t \u00fc\u00e7\u00fcn aktuall\u0131q k\u0259sb edirdi v\u0259 d\u00f6vl\u0259t ba\u015f\u00e7\u0131s\u0131 zaman\u0131nda buna reaksiya ver\u0259r\u0259k, d\u00fczg\u00fcn q\u0259rar verdi. T\u0259bii ki, c\u0259miyy\u0259t \u00f6lk\u0259 r\u0259hb\u0259rinin bur qay\u011f\u0131s\u0131n\u0131 y\u00fcks\u0259k qiym\u0259tl\u0259ndirir.<\/p>\n<p>\u018flb\u0259tt\u0259, Prezidentin atd\u0131\u011f\u0131 add\u0131mlar b\u00fct\u00f6vl\u00fckd\u0259 \u00f6lk\u0259nin sosial-iqtisadi inki\u015faf\u0131 \u00fc\u00e7\u00fcn ciddi t\u0259kand\u0131r. Bu bax\u0131mdan son bir ild\u0259 realla\u015fan iqtisadi islahatlar, g\u00f6mr\u00fck v\u0259 vergi sah\u0259sind\u0259 at\u0131lan add\u0131mlar b\u00fcdc\u0259 daxilolmalar\u0131na \u00f6z m\u00fcsb\u0259t t\u0259sirini g\u00f6st\u0259rib. Bel\u0259 ki, 2019-cu ilin birinci ay\u0131nda vergi orqanlar\u0131 b\u00fcdc\u0259y\u0259 plandan \u0259lav\u0259 80 milyon manatdan \u00e7ox, g\u00f6mr\u00fck orqanlar\u0131 is\u0259 20 milyon manatdan \u00e7ox v\u0259sait ke\u00e7iribl\u0259r.<\/p>\n<p>Bunlarla yana\u015f\u0131, ke\u00e7\u0259n bir il m\u00fcdd\u0259tind\u0259 sahibkarl\u0131\u011f\u0131n inki\u015faf\u0131na d\u0259st\u0259k mexanizminin t\u0259kmill\u0259\u015fdirilm\u0259si x\u00fcsusi \u0259h\u0259miyy\u0259t\u0259 malikdir. Bu add\u0131m h\u0259m sahibkarlar\u0131n daha s\u0259rb\u0259st f\u0259aliyy\u0259tini t\u0259min edir, h\u0259m d\u0259 Az\u0259rbaycanda s\u0259rmay\u0259 qoyulu\u015fu \u00fc\u00e7\u00fcn uy\u011fun m\u00fchitin m\u00f6vcudlu\u011fu t\u0259sdiq olunur. Sirr deyil ki, haz\u0131rda m\u00fcst\u0259qilliyini \u0259ld\u0259 etmi\u015f bir \u00e7ox d\u00f6vl\u0259tl\u0259r\u0259 xarici investorlar s\u0259rmay\u0259 qoyma\u011fa risk etmirl\u0259r. Onlar etibarl\u0131 m\u00fchit v\u0259 y\u00fcks\u0259k t\u0259minat ist\u0259yirl\u0259r. Az\u0259rbaycanda bel\u0259 bir m\u00fchitin oldu\u011funu indi h\u0259r k\u0259s q\u0259bul edir. Bu s\u0259b\u0259bd\u0259ndir ki, son bir ild\u0259 d\u0259 Az\u0259rbaycan regionda \u0259n \u00e7ox xarici s\u0259rmay\u0259 qoyulan \u00f6lk\u0259 statusunu qoruyub saxlaya bilib. C\u0259nubi Qafqaz\u0131n dig\u0259r \u00f6lk\u0259l\u0259rin\u0259 s\u0259rmay\u0259 qoyulu\u015fu y\u00fcks\u0259k deyil.<\/p>\n<p>Qeyri-neft sektorunda innovativ texnologiyalara \u0259saslanan yeni istehsal, emal v\u0259 infrastruktur m\u00fc\u0259ssis\u0259l\u0259rinin yarad\u0131lmas\u0131 da son bir ilin nailiyy\u0259tl\u0259ri s\u0131ras\u0131nda \u00f6z\u0259l yer tutur. Bu m\u0259s\u0259l\u0259 h\u0259m iqtisadiyyat\u0131n \u015fax\u0259l\u0259nm\u0259si, h\u0259m d\u0259 innovasiyalar\u0131n \u00e7evik \u015f\u0259kild\u0259 m\u00fcxt\u0259lif sah\u0259l\u0259r\u0259 t\u0259tbiq edilm\u0259si aspektind\u0259 \u00f6n\u0259m k\u0259sb edir. Buraya ixrac \u0259m\u0259liyyatlar\u0131n\u0131n maliyy\u0259l\u0259\u015fdirilm\u0259sini v\u0259 real sektora investisiya qoyulu\u015flar\u0131n\u0131n s\u00fcr\u0259tl\u0259ndirilm\u0259sini d\u0259 \u0259lav\u0259 ed\u0259 bil\u0259rik. \u00d6z\u0259l sektorda f\u0259aliyy\u0259t g\u00f6st\u0259r\u0259n t\u0259s\u0259rr\u00fcfat subyektl\u0259rinin maliyy\u0259 resurslar\u0131na \u00e7\u0131x\u0131\u015f imkanlar\u0131n\u0131n geni\u015fl\u0259ndirilm\u0259si istiqam\u0259tind\u0259 at\u0131lan m\u00fch\u00fcm add\u0131mlar\u0131 da unutmaq olmaz.<\/p>\n<p><strong>\u0130qtisadiyyat v\u0259 \u00f6z\u0259l sektor: s\u0259m\u0259r\u0259li proqramlar, real islahatlar&#8230;<\/strong><\/p>\n<p>B\u00fct\u00fcn bunlar\u0131n realla\u015fmas\u0131nda \u0130qtisadiyyat Nazirliyinin tabeliyind\u0259 Az\u0259rbaycan Respublikas\u0131n\u0131n Sahibkarl\u0131\u011f\u0131n \u0130nki\u015faf\u0131 Fondunun t\u0259sis edilm\u0259sinin (d\u00f6vl\u0259t ba\u015f\u00e7\u0131s\u0131n\u0131n 2018-ci il 31 iyul tarixli f\u0259rman\u0131 il\u0259) ciddi rolu oldu\u011funu qeyd etm\u0259k g\u0259r\u0259kdir. M\u00fct\u0259x\u0259ssisl\u0259r \u0259mindirl\u0259r ki, Fondun yarad\u0131lmas\u0131 h\u0259m d\u0259 sahibkarl\u0131q subyektl\u0259rinin investisiya layih\u0259l\u0259rinin g\u00fcz\u0259\u015ftli kredit v\u0259saiti hesab\u0131na maliyy\u0259l\u0259\u015fdirilm\u0259sind\u0259 m\u00fch\u00fcm \u0259h\u0259miyy\u0259t da\u015f\u0131y\u0131r. R\u0259q\u0259ml\u0259r bu fikri t\u0259sdiq edir. Bel\u0259 ki, 2018-ci ild\u0259 Fondun x\u0259tti il\u0259 999 sahibkara 160,0 milyon manat m\u0259bl\u0259\u011find\u0259 g\u00fcz\u0259\u015ftli \u015f\u0259rtl\u0259rl\u0259 kreditl\u0259r ayr\u0131l\u0131b. Bundan ba\u015fqa, \u0130poteka v\u0259 Kredit Z\u0259man\u0259ti Fondu \u00f6lk\u0259 banklar\u0131 t\u0259r\u0259find\u0259n kreditl\u0259\u015fdiril\u0259n 277,0 milyon manat m\u0259bl\u0259\u011find\u0259 ipoteka kreditl\u0259rini yenid\u0259n maliyy\u0259l\u0259\u015fdirib. H\u0259min Fond 17,0 milyon manat m\u0259bl\u0259\u011find\u0259 kreditl\u0259rl\u0259 ba\u011fl\u0131 z\u0259man\u0259t d\u0259st\u0259yi g\u00f6st\u0259rib.<\/p>\n<p>\u018flam\u0259tdard\u0131r ki, Prezident Az\u0259rbaycan sahibkarlar\u0131na xarici \u00f6lk\u0259l\u0259r\u0259 ixrac missiyalar\u0131n\u0131 geni\u015fl\u0259ndirm\u0259k sah\u0259sind\u0259 d\u0259 ciddi d\u0259st\u0259k verib. Bunun \u00fc\u00e7\u00fcn art\u0131q Belarus, \u00c7in, Ukrayna, Latviya v\u0259 Pol\u015fada Az\u0259rbaycan Ticar\u0259t evl\u0259ri f\u0259aliyy\u0259t\u0259 ba\u015flay\u0131b. Yax\u0131n g\u0259l\u0259c\u0259kd\u0259 Birl\u0259\u015fmi\u015f \u018fr\u0259b \u018fmirlikl\u0259rind\u0259 v\u0259 Rusiyada da Az\u0259rbaycan Ticar\u0259t evl\u0259rinin a\u00e7\u0131lmas\u0131 n\u0259z\u0259rd\u0259 tutulur.<\/p>\n<p>\u00d6t\u0259n bir ild\u0259 s\u0259naye potensial\u0131n\u0131n inki\u015faf\u0131 il\u0259 ba\u011fl\u0131 \u0259h\u0259miyy\u0259tli add\u0131mlar at\u0131l\u0131b. N\u0259tic\u0259d\u0259, h\u0259min sah\u0259d\u0259 g\u00f6st\u0259ricil\u0259rin y\u00fcks\u0259k dinamikas\u0131na nail olunub. B\u00fct\u00f6vl\u00fckd\u0259 ke\u00e7\u0259n m\u00fcdd\u0259td\u0259 s\u0259nayenin qeyri-neft sektorunda m\u0259hsul istehsal\u0131 9,1 faiz art\u0131b. Bu ba\u011fl\u0131l\u0131qda investisiya t\u0259\u015fviqi proqram\u0131n\u0131n h\u0259yata ke\u00e7irilm\u0259si maraq k\u0259sb edir. H\u0259min \u00e7\u0259r\u00e7iv\u0259d\u0259 h\u0259yata ke\u00e7iril\u0259n layih\u0259l\u0259rin d\u0259y\u0259ri art\u0131q 2,8 milyard manatd\u0131r. Etiraf etm\u0259k laz\u0131md\u0131r ki, bu, kifay\u0259t q\u0259d\u0259r y\u00fcks\u0259k r\u0259q\u0259m olmaqla h\u0259tta bir s\u0131ra \u00f6lk\u0259l\u0259rin d\u00f6vl\u0259t b\u00fcdc\u0259sind\u0259n bel\u0259 \u00e7oxdur.<\/p>\n<p>Sirr deyil ki, Prezident \u0130lham \u018fliyev h\u0259mi\u015f\u0259 regionlar\u0131n sosial-iqtisadi inki\u015faf\u0131na x\u00fcsusi diqq\u0259t yetirib. Bu istiqam\u0259td\u0259 h\u0259yata ke\u00e7iril\u0259n d\u00f6vl\u0259t proqramlar\u0131 qeyri-neft sektorunun inki\u015faf\u0131na v\u0259 regionlarda kommunal xidm\u0259tl\u0259rin v\u0259 sosial infrastruktur t\u0259minat\u0131n\u0131n keyfiyy\u0259tinin y\u00fcks\u0259ldilm\u0259sin\u0259 b\u00f6y\u00fck yard\u0131m g\u00f6st\u0259rir. O c\u00fcml\u0259d\u0259n sahibkarl\u0131q m\u00fchitinin daha da yax\u015f\u0131la\u015fd\u0131r\u0131lmas\u0131 v\u0259 investisiya qoyulu\u015funun artmas\u0131 prosesi gedir. Regionlarda yeni m\u00fc\u0259ssis\u0259l\u0259rin, i\u015f yerl\u0259rinin a\u00e7\u0131lmas\u0131 v\u0259 \u0259halinin m\u0259\u015f\u011fullu\u011funun art\u0131r\u0131lmas\u0131 \u00fc\u00e7\u00fcn \u00e7ox \u0259lveri\u015fli \u015f\u0259rait yaran\u0131r. Bunun n\u0259tic\u0259sind\u0259 b\u00fct\u00f6vl\u00fckd\u0259 yoxsulluq s\u0259viyy\u0259si s\u00fcr\u0259tl\u0259 azal\u0131r.<\/p>\n<p>M\u0259s\u0259l\u0259n, son bir ild\u0259 regionlar\u0131n III sosial-iqtisadi inki\u015faf\u0131 D\u00f6vl\u0259t Proqram\u0131 \u00e7\u0259r\u00e7iv\u0259sind\u0259 b\u00f6lg\u0259l\u0259rd\u0259 \u0259h\u0259miyy\u0259tli infrastruktur layih\u0259l\u0259ri icra edilib. Bunlarla yana\u015f\u0131, regionlar\u0131n sosial-iqtisadi v\u0259ziyy\u0259tinin yax\u015f\u0131la\u015fd\u0131r\u0131lmas\u0131 il\u0259 ba\u011fl\u0131 \u0130lham \u018fliyevin 2019-cu il 29 yanvar tarixli f\u0259rman\u0131 il\u0259 &#8220;Az\u0259rbaycan Respublikas\u0131 regionlar\u0131n\u0131n 2019-2023-c\u00fc ill\u0259rd\u0259 sosial-iqtisadi inki\u015faf\u0131 D\u00f6vl\u0259t Proqram\u0131&#8221; t\u0259sdiq edilib. Yaln\u0131z 2018-ci ild\u0259 Prezident \u00f6lk\u0259nin b\u00f6lg\u0259l\u0259rin\u0259 24 s\u0259f\u0259r edib.<\/p>\n<p>N\u0259hay\u0259t, regionlarla ba\u011fl\u0131 v\u0259ziyy\u0259td\u0259 aqrar sah\u0259 ayr\u0131ca vur\u011fulanmal\u0131d\u0131r. 2018-ci ild\u0259 k\u0259nd t\u0259s\u0259rr\u00fcfat\u0131 sah\u0259sind\u0259 \u00e7al\u0131\u015fanlara 370,0 milyon manat m\u0259bl\u0259\u011find\u0259 subsidiya v\u0259 g\u00fcz\u0259\u015ftl\u0259r verilib. Prezidentin birba\u015fa tap\u015f\u0131r\u0131\u011f\u0131 il\u0259 pamb\u0131q\u00e7\u0131l\u0131q, tax\u0131l\u00e7\u0131l\u0131q, barama\u00e7\u0131l\u0131q, \u00fcz\u00fcm\u00e7\u00fcl\u00fck, \u00e7ay\u00e7\u0131l\u0131q, sitrus meyv\u0259\u00e7iliyi, \u00e7\u0259ltik\u00e7ilik v\u0259 ar\u0131\u00e7\u0131l\u0131\u011f\u0131n dir\u00e7\u0259ldilm\u0259si, f\u0131nd\u0131q, badam, xurma, zeytun, nar ba\u011flar\u0131n\u0131n geni\u015fl\u0259ndirilm\u0259si namin\u0259 h\u0259yata ke\u00e7iril\u0259n proqramlar \u00f6z m\u00fcsb\u0259t n\u0259tic\u0259l\u0259rini verm\u0259kd\u0259dir. Bunlardan ba\u015fqa, regionlarda &#8220;ASAN&#8221; xidm\u0259t m\u0259rk\u0259zl\u0259ri a\u00e7\u0131l\u0131b v\u0259 \u018fm\u0259k v\u0259 \u018fhalinin Sosial M\u00fcdafi\u0259si Nazirliyinin n\u0259zdind\u0259 Dayan\u0131ql\u0131 v\u0259 Operativ Sosial T\u0259minat Agentliyi (DOST) yarad\u0131l\u0131b.<\/p>\n<p>B\u00fct\u00fcn bunlar Prezidentin daxili siyas\u0259td\u0259 h\u0259yata ke\u00e7irdiyi proqramlar\u0131n yaln\u0131z bir qismidir. Onu vur\u011fulayaq ki, xarici sosioloji ara\u015fd\u0131rma m\u0259rk\u0259zl\u0259ri d\u0259 d\u00f6vl\u0259t ba\u015f\u00e7\u0131s\u0131n\u0131n f\u0259aliyy\u0259tin\u0259 b\u00f6y\u00fck maraq g\u00f6st\u0259rirl\u0259r. M\u0259s\u0259l\u0259n, Fransan\u0131n &#8220;Opinion Way&#8221; \u015firk\u0259ti 2019-cu ilin mart ay\u0131nda Az\u0259rbaycanda r\u0259y sor\u011fusu ke\u00e7irib. Veril\u0259n suallardan biri bel\u0259 olub: &#8220;Az\u0259rbaycanda h\u0259yata ke\u00e7iril\u0259n sosial-iqtisadi islahatlar\u0131 nec\u0259 qiym\u0259tl\u0259ndirirsiniz?&#8221;. Sor\u011fuda i\u015ftirak ed\u0259nl\u0259rin 90,5 faizi bu suala m\u00fcsb\u0259t cavab verib. \u00dcmumilikd\u0259 respondentl\u0259rin 85,1 faizi Prezident \u0130lham \u018fliyevin son bir ild\u0259 g\u00f6rd\u00fcy\u00fc i\u015fl\u0259ri m\u00fcsb\u0259t qiym\u0259tl\u0259ndirdiyini bildirib.<\/p>\n<p><strong>Xarici siyas\u0259t: fitri diplomatiya n\u0259zak\u0259tin\u0259 v\u0259 diplomatiklik istedad\u0131na malik Prezident<\/strong><\/p>\n<p>Apar\u0131lan sosioloji ara\u015fd\u0131rma c\u0259miyy\u0259tin xarici siyas\u0259td\u0259 at\u0131lan add\u0131mlar\u0131 da tam d\u0259st\u0259kl\u0259diyini n\u00fcmayi\u015f etdirib. Bu s\u0131rada X\u0259z\u0259rin h\u00fcquqi statusunun m\u00fc\u0259yy\u0259nl\u0259\u015fdirilm\u0259si il\u0259 ba\u011fl\u0131 Konvensiyan\u0131n imzalanmas\u0131 ayr\u0131ca vur\u011fulanmal\u0131d\u0131r. Bu s\u0259n\u0259din imzalanmas\u0131nda Az\u0259rbaycan\u0131n tutdu\u011fu \u0259dal\u0259tli v\u0259 obyektiv m\u00f6vqe b\u00f6y\u00fck rol oynay\u0131b. Prezident \u0130lham \u018fliyev bununla ba\u011fl\u0131 ifad\u0259 edib: &#8220;Bu g\u00fcn X\u0259z\u0259rd\u0259 t\u0259hl\u00fck\u0259sizlik v\u0259 sabitlik bizim imzalad\u0131\u011f\u0131m\u0131z Konvensiya il\u0259 m\u00fc\u0259yy\u0259n olunur&#8221;.<\/p>\n<p>\u018flb\u0259tt\u0259, son bir ild\u0259 xarici siyas\u0259tin b\u00fct\u00fcn prioritet istiqam\u0259tl\u0259rind\u0259 u\u011furlu add\u0131mlar at\u0131l\u0131b. B\u00fct\u00f6vl\u00fckd\u0259 milli maraqlara s\u00f6yk\u0259n\u0259n xarici siyas\u0259t kursu davam etdirilib. M\u00fcxt\u0259lif formatlar \u00e7\u0259r\u00e7iv\u0259sind\u0259 apar\u0131lan dan\u0131\u015f\u0131qlar n\u0259tic\u0259sind\u0259 \u00f6lk\u0259mizin d\u00fcnya birliyind\u0259 n\u00fcfuzu daha da art\u0131b. H\u0259min dan\u0131\u015f\u0131qlar d\u00fcnyan\u0131n bir \u00e7ox d\u00f6vl\u0259tl\u0259ri il\u0259 h\u0259yata ke\u00e7irilib. Bundan ba\u015fqa, beyn\u0259lxalq t\u0259dbirl\u0259r \u00e7\u0259r\u00e7iv\u0259sind\u0259 m\u00fch\u00fcm m\u00fczakir\u0259l\u0259r h\u0259yata ke\u00e7irilib. Xarici \u00f6lk\u0259l\u0259r\u0259 edil\u0259n s\u0259f\u0259rl\u0259r bu aspektd\u0259 ciddi rol oynay\u0131b. Prezident \u0130lham \u018fliyev 2018-ci ild\u0259 xarici \u00f6lk\u0259l\u0259r\u0259 16 s\u0259f\u0259r edib. Eyni zamanda, xarici \u00f6lk\u0259l\u0259rin 16 d\u00f6vl\u0259t v\u0259 h\u00f6kum\u0259t ba\u015f\u00e7\u0131s\u0131 h\u0259min il Az\u0259rbaycana s\u0259f\u0259r\u0259 g\u0259lib.<\/p>\n<p>D\u00f6vl\u0259t ba\u015f\u00e7\u0131s\u0131 \u0130lham \u018fliyevin realla\u015fd\u0131rd\u0131\u011f\u0131 u\u011furlu xarici siyas\u0259t Az\u0259rbaycan\u0131n d\u00fcnya d\u00f6vl\u0259tl\u0259ri v\u0259 beyn\u0259lxalq g\u00fcc m\u0259rk\u0259zl\u0259ri il\u0259 s\u0259m\u0259r\u0259li, i\u015fg\u00fczar v\u0259 b\u0259rab\u0259rh\u00fcquqlu m\u00fcnasib\u0259tl\u0259rini daha da m\u00f6hk\u0259ml\u0259ndirm\u0259y\u0259 xidm\u0259t edib. Az\u0259rbaycanla Avropa \u0130ttifaq\u0131 aras\u0131nda m\u00fcxt\u0259lif istiqam\u0259tl\u0259r \u00fczr\u0259 \u0259laq\u0259l\u0259rin m\u00f6hk\u0259ml\u0259ndirilm\u0259si v\u0259 \u0259m\u0259kda\u015fl\u0131\u011f\u0131n geni\u015fl\u0259ndirilm\u0259si \u00fc\u00e7\u00fcn yeni imkanlar a\u00e7an t\u0259r\u0259fda\u015fl\u0131q sazi\u015finin imzalanmas\u0131 \u00fcz\u0259rind\u0259 i\u015f gedir. S\u0259n\u0259din bu il imzalanaca\u011f\u0131 g\u00f6zl\u0259nilir.<\/p>\n<p>Qeyd etm\u0259k laz\u0131md\u0131r ki, Az\u0259rbaycanla Avropa \u0130ttifaq\u0131 aras\u0131nda t\u0259r\u0259fda\u015fl\u0131\u011f\u0131n prioritetl\u0259rin\u0259 dair 2018-ci il iyulun 11-d\u0259 s\u0259n\u0259d imzalan\u0131b. H\u0259min s\u0259n\u0259dd\u0259 Erm\u0259nistan-Az\u0259rbaycan, Da\u011fl\u0131q Qaraba\u011f m\u00fcnaqi\u015f\u0259si il\u0259 ba\u011fl\u0131 m\u0259s\u0259l\u0259l\u0259r d\u0259 yer al\u0131b. Burada Az\u0259rbaycan\u0131n \u0259razi b\u00fct\u00f6vl\u00fcy\u00fc, suverenliyi v\u0259 s\u0259rh\u0259dl\u0259rinin toxunulmazl\u0131\u011f\u0131na d\u0259st\u0259k ifad\u0259 olunub. Bundan ba\u015fqa, NATO-nun Br\u00fcssel zirv\u0259 g\u00f6r\u00fc\u015f\u00fcnd\u0259 q\u0259bul edil\u0259n yekun b\u0259yannam\u0259d\u0259 d\u0259 Az\u0259rbaycan\u0131n \u0259razi b\u00fct\u00f6vl\u00fcy\u00fc d\u0259st\u0259kl\u0259nib.<\/p>\n<p>T\u0259bii ki, son bir ild\u0259 Prezident \u0130lham \u018fliyev xarici siyas\u0259td\u0259 Erm\u0259nistan-Az\u0259rbaycan m\u00fcnaqi\u015f\u0259sinin h\u0259lli m\u0259s\u0259l\u0259sin\u0259 x\u00fcsusi diqq\u0259t yetirib. Aktiv diplomatik f\u0259aliyy\u0259t n\u0259tic\u0259sind\u0259 Erm\u0259nistan\u0131n yeni r\u0259hb\u0259rliyinin dan\u0131\u015f\u0131qlar\u0131n format\u0131n\u0131 d\u0259yi\u015fdirm\u0259k c\u0259hdl\u0259rinin qar\u015f\u0131s\u0131 al\u0131n\u0131b. Vyanada ba\u015f tutan m\u00fczakir\u0259l\u0259rd\u0259 bu fakt \u00f6z t\u0259sdiqini tap\u0131b. Az\u0259rbaycan Da\u011fl\u0131q Qaraba\u011f separat\u00e7\u0131lar\u0131n\u0131n dan\u0131\u015f\u0131qlarda i\u015ftirak\u0131na imkan verm\u0259yib.<\/p>\n<p>Xarici siyas\u0259tin u\u011furlar\u0131ndan biri d\u0259 2018-ci ild\u0259 Bak\u0131da Qo\u015fulmama H\u0259r\u0259kat\u0131n\u0131n xarici i\u015fl\u0259r nazirl\u0259ri s\u0259viyy\u0259sind\u0259 konfrans\u0131n ke\u00e7irilm\u0259sidir. 2019-cu ild\u0259 is\u0259 Az\u0259rbaycanda Qo\u015fulmama H\u0259r\u0259kat\u0131n\u0131n zirv\u0259 g\u00f6r\u00fc\u015f\u00fc ke\u00e7iril\u0259c\u0259k. \u018flb\u0259tt\u0259, bu hadis\u0259 Az\u0259rbaycan\u0131n n\u00fcfuzunun daha da artmas\u0131na xidm\u0259t ed\u0259c\u0259k.<\/p>\n<p>D\u00f6vl\u0259t ba\u015f\u00e7\u0131s\u0131n\u0131n son bir ild\u0259 Az\u0259rbaycan Ordusunun d\u00f6y\u00fc\u015f qabiliyy\u0259tinin art\u0131r\u0131lmas\u0131 v\u0259 Silahl\u0131 Q\u00fcvv\u0259l\u0259rin maddi-texniki bazas\u0131n\u0131n m\u00f6hk\u0259ml\u0259ndirilm\u0259si istiqam\u0259tl\u0259rind\u0259 h\u0259yata ke\u00e7irdiyi proqramlar\u0131 x\u00fcsusi qeyd etm\u0259k g\u0259r\u0259kdir. Az\u0259rbaycan Ordusu bu add\u0131mlar\u0131n say\u0259sind\u0259 daha g\u00fccl\u00fc olub. Onun d\u00f6y\u00fc\u015f imkanlar\u0131 xeyli art\u0131b. Bunu art\u0131q d\u00fcnyan\u0131n b\u00f6y\u00fck d\u00f6vl\u0259tl\u0259rinin liderl\u0259ri bel\u0259 etiraf edirl\u0259r. Erm\u0259nistan\u0131n Az\u0259rbaycana bu sah\u0259d\u0259 mane olmaq c\u0259hdl\u0259ri pu\u00e7 olub. Az\u0259rbaycan Ordunu \u0259n m\u00fcasir silahlarla t\u0259min etm\u0259k prosesini b\u00fct\u00fcn s\u00fcr\u0259ti il\u0259 davam etdirir. Bu bax\u0131mdan 2018-ci ilin may ay\u0131nda Nax\u00e7\u0131van Muxtar Respublikas\u0131n\u0131n 11 min hektardan art\u0131q \u0259razisinin d\u00fc\u015fm\u0259nd\u0259n azad edilm\u0259si \u0259lam\u0259tdar hadis\u0259 kimi qiym\u0259tl\u0259ndirilm\u0259lidir. T\u0259sad\u00fcfi deyil ki, beyn\u0259lxalq reytinql\u0259r\u0259 g\u00f6r\u0259, Az\u0259rbaycan\u0131n Silahl\u0131 Q\u00fcvv\u0259l\u0259ri 2018-ci ild\u0259 d\u00fcnyada \u0259n g\u00fccl\u00fc 50 ordu s\u0131ras\u0131nda yer tutur.<\/p>\n<p>\u00d6lk\u0259 r\u0259hb\u0259rinin son bir il \u0259rzind\u0259 h\u0259yata ke\u00e7irdiyi siyas\u0259t\u0259 xarici ekspertl\u0259r d\u0259 y\u00fcks\u0259k qiym\u0259t verirl\u0259r. M\u0259s\u0259l\u0259n, Rusiya Siyasi T\u0259dqiqatlar \u0130nstitutunun ba\u015f direktoru, politoloq Sergey Markov vur\u011fulay\u0131b ki, son bir ild\u0259 Az\u0259rbaycan\u0131n xarici siyas\u0259tind\u0259 \u00e7oxvektorluluq davam edib. Politoloq ifad\u0259 edib: &#8220;Az\u0259rbaycan\u0131n b\u00fct\u00fcn qon\u015fular\u0131 il\u0259 &#8211; Rusiya, T\u00fcrkiy\u0259 v\u0259 \u0130ranla, habel\u0259 iri geosiyasi subyektl\u0259rl\u0259 &#8211; Avropa \u0130ttifaq\u0131, AB\u015e v\u0259 \u00c7in il\u0259 \u00e7ox g\u00f6z\u0259l m\u00fcnasib\u0259tl\u0259ri var. Avropa \u0130ttifaq\u0131 il\u0259 &#8220;T\u0259r\u0259fda\u015fl\u0131\u011f\u0131n prioritetl\u0259ri haqq\u0131nda Sazi\u015f&#8221; imzalan\u0131b. X\u0259z\u0259r d\u0259nizinin h\u00fcquqi statusuna dair imzalanm\u0131\u015f Konvensiya Az\u0259rbaycan r\u0259hb\u0259rliyinin bu m\u0259s\u0259l\u0259y\u0259 yana\u015fmas\u0131n\u0131 \u0259ks etdirir. Yeri g\u0259lmi\u015fk\u0259n, qeyd etm\u0259k laz\u0131md\u0131r ki, bu yana\u015fmalar Rusiyan\u0131n yana\u015fmalar\u0131na \u0259sla zidd deyil v\u0259 \u00e7ox c\u0259h\u0259td\u0259n, \u00fcst-\u00fcst\u0259 d\u00fc\u015f\u00fcr. Bu, X\u0259z\u0259rd\u0259 f\u0259all\u0131\u011f\u0131n inki\u015faf etdirilm\u0259si \u00fc\u00e7\u00fcn, X\u0259z\u0259r regionunun siyasi m\u00fcbariz\u0259 meydan\u0131na \u00e7evrilm\u0259m\u0259si \u00fc\u00e7\u00fcn m\u00f6hk\u0259m h\u00fcquqi t\u0259m\u0259l yarad\u0131r&#8221;.<\/p>\n<p>Rusiyal\u0131 ekspert s\u00f6zl\u0259rin\u0259 davam ed\u0259r\u0259k bildirib ki, Az\u0259rbaycan \u015eimal-C\u0259nub n\u0259qliyyat d\u0259hlizinin i\u015ftirak\u00e7\u0131lar\u0131ndan biridir. Bundan \u0259lav\u0259, TANAP &#8211; Transanadolu qaz k\u0259m\u0259ri v\u0259 C\u0259nub Qaz D\u0259hlizinin inki\u015faf etdirilm\u0259sind\u0259 Az\u0259rbaycan\u0131n oynad\u0131\u011f\u0131 h\u0259lledici rolu he\u00e7 k\u0259s inkar ed\u0259 bilm\u0259z.<\/p>\n<p>S.Markov x\u00fcsusi olaraq onu da qeyd edib ki, Az\u0259rbaycan regionda dinl\u0259raras\u0131 m\u00fcnaqi\u015f\u0259l\u0259rd\u0259n yan ke\u00e7m\u0259y\u0259 nail olub. Bunun s\u0259b\u0259bini is\u0259 o, bel\u0259 izah edib: &#8220;Bu, Prezident \u0130lham \u018fliyevin b\u00f6y\u00fck diplomatikliy\u0259 malik olmas\u0131n\u0131n ifad\u0259sidir&#8230; Bundan \u0259lav\u0259, o, fitri diplomatiya n\u0259zak\u0259tin\u0259 v\u0259 diplomatiklik istedad\u0131na malikdir&#8230; Az\u0259rbaycan h\u0259m bu m\u00fcr\u0259kk\u0259b regionda \u00f6z m\u00f6vcudlu\u011funu yum\u015faltma\u011fa, h\u0259m m\u00fcnaqi\u015f\u0259l\u0259r\u0259 qo\u015fulmama\u011fa, h\u0259m d\u0259 dan\u0131\u015f\u0131qlar prosesin\u0259 k\u00f6m\u0259k etm\u0259y\u0259 nail olur&#8221;. Fikirl\u0259rinin t\u0259sdiqi kimi, rusiyal\u0131 ekspert Rusiya v\u0259 AB\u015e-\u0131n h\u0259rbi r\u0259hb\u0259rl\u0259rinin Bak\u0131da apard\u0131qlar\u0131 m\u00fczakir\u0259l\u0259ri d\u0259 g\u00f6st\u0259rir.<\/p>\n<p>S.Markovun fikrinc\u0259, Az\u0259rbaycanda b\u00f6y\u00fck beyn\u0259lxalq forumlar\u0131n, o c\u00fcml\u0259d\u0259n Bak\u0131 Humanitar Forumunun ke\u00e7irilm\u0259si m\u00fch\u00fcm faktd\u0131r, Az\u0259rbaycan bu forumlarda \u0259m\u0259kda\u015fl\u0131q v\u0259 multikulturalizm ideyalar\u0131n\u0131 t\u0259bli\u011f edir. S.Markov vur\u011fulay\u0131b: &#8220;\u0130dentiklikl\u0259rin qar\u015f\u0131-qar\u015f\u0131ya g\u0259ldiyi m\u00fcasir d\u00fcnyada bu \u00e7ox vacibdir. Multikulturalizm Az\u0259rbaycan\u0131n ictimai-d\u00f6vl\u0259t ideologiyas\u0131d\u0131r. Bu fakt \u00f6lk\u0259 daxilind\u0259 d\u0259 t\u0259zah\u00fcr edir, burada m\u00fcxt\u0259lif etnik v\u0259 dini qruplar aras\u0131nda v\u0259t\u0259nda\u015f h\u0259mr\u0259yliyi v\u0259 dialoq f\u0259al inki\u015faf edir. Bu multikulturalizm ideologiyas\u0131n\u0131n xarici siyas\u0259td\u0259 d\u0259 t\u0259tbiq edilm\u0259si say\u0259sind\u0259 Az\u0259rbaycan bir-biri il\u0259 m\u00fcnaqi\u015f\u0259 v\u0259ziyy\u0259tind\u0259 olan \u00f6lk\u0259l\u0259r aras\u0131nda dialoqa k\u00f6m\u0259k ed\u0259 bilir&#8221;.<\/p>\n<p>Bel\u0259likl\u0259, Az\u0259rbaycan Prezidentinin son bir ild\u0259 g\u00f6st\u0259rdiyi f\u0259aliyy\u0259t xalq\u0131n do\u011fru se\u00e7im etdiyini tam t\u0259sdiql\u0259yir. Konkret faktlar s\u00fcbut edir ki, Az\u0259rbaycan b\u00fct\u00fcn istiqam\u0259tl\u0259rd\u0259 ciddi nailiyy\u0259tl\u0259r \u0259ld\u0259 edib. \u018fn \u0259sas\u0131 is\u0259 odur ki, xalq \u00f6z r\u0259hb\u0259rin\u0259 inan\u0131r, onun siyas\u0259tini d\u0259st\u0259kl\u0259yir v\u0259 bundan sonra da bel\u0259 olacaq!<\/p>\n","protected":false},"excerpt":{"rendered":"<p>ARANTV.AZ\u00a0\u00a0newtimes.az-\u0131n yaz\u0131s\u0131n\u0131 t\u0259qdim edir: D\u00fcnyada \u00f6lk\u0259 ba\u015f\u00e7\u0131lar\u0131n\u0131n f\u0259aliyy\u0259tl\u0259rinin m\u00fc\u0259yy\u0259n d\u00f6vrl\u0259r \u00fczr\u0259 qiym\u0259tl\u0259ndirilm\u0259si bir \u0259n\u0259n\u0259y\u0259 \u00e7evrilib. Bu s\u0131rada Prezidentl\u0259rin birillik f\u0259aliyy\u0259ti x\u00fcsusi yer tutur. Az\u0259rbaycan Prezidenti \u0130lham \u018fliyevin d\u0259 n\u00f6vb\u0259ti d\u0259f\u0259 Prezident se\u00e7ilm\u0259sind\u0259n bir il \u00f6t\u00fcr. Bununla ba\u011fl\u0131 ekspertl\u0259r geni\u015f analizl\u0259r apar\u0131rlar. Onlar\u0131n t\u0259hlili g\u00f6st\u0259rir ki, ke\u00e7\u0259n m\u00fcdd\u0259t \u0259rzind\u0259 \u0130lham \u018fliyevin r\u0259hb\u0259rliyi il\u0259 Az\u0259rbaycan b\u00f6y\u00fck u\u011furlara imza at\u0131b. B\u00fct\u00fcn sah\u0259l\u0259r \u00fczr\u0259 h\u0259yata ke\u00e7iril\u0259n proqramlar, islahatlar\u0131n davam etdirilm\u0259si konkret m\u00fcsb\u0259t n\u0259tic\u0259l\u0259r verib. Vur\u011fulayaq ki, Az\u0259rbaycan Prezidentinin birillik f\u0259aliyy\u0259tin\u0259 beyn\u0259lxalq t\u0259\u015fkilatlar v\u0259 ekspertl\u0259r d\u0259 ciddi maraq g\u00f6st\u0259ribl\u0259r. Onlar\u0131n da fikrin\u0259 g\u00f6r\u0259, \u0130lham \u018fliyev&hellip;<\/p>\n","protected":false},"author":2,"featured_media":50494,"comment_status":"closed","ping_status":"closed","sticky":false,"template":"","format":"standard","meta":{"om_disable_all_campaigns":false,"_monsterinsights_skip_tracking":false,"_monsterinsights_sitenote_active":false,"_monsterinsights_sitenote_note":"","_monsterinsights_sitenote_category":0},"categories":[4],"tags":[],"aioseo_notices":[],"gutentor_comment":0,"rttpg_featured_image_url":{"full":["https:\/\/arantv.az\/wp-content\/uploads\/2019\/04\/746480.jpg",800,600,false],"landscape":["https:\/\/arantv.az\/wp-content\/uploads\/2019\/04\/746480.jpg",800,600,false],"portraits":["https:\/\/arantv.az\/wp-content\/uploads\/2019\/04\/746480.jpg",800,600,false],"thumbnail":["https:\/\/arantv.az\/wp-content\/uploads\/2019\/04\/746480-150x150.jpg",150,150,true],"medium":["https:\/\/arantv.az\/wp-content\/uploads\/2019\/04\/746480-300x225.jpg",300,225,true],"large":["https:\/\/arantv.az\/wp-content\/uploads\/2019\/04\/746480.jpg",640,480,false],"1536x1536":["https:\/\/arantv.az\/wp-content\/uploads\/2019\/04\/746480.jpg",800,600,false],"2048x2048":["https:\/\/arantv.az\/wp-content\/uploads\/2019\/04\/746480.jpg",800,600,false],"post-thumbnail":["https:\/\/arantv.az\/wp-content\/uploads\/2019\/04\/746480-240x172.jpg",240,172,true],"advps-thumb-one":["https:\/\/arantv.az\/wp-content\/uploads\/2019\/04\/746480.jpg",800,600,false]},"rttpg_author":{"display_name":"V\u00fcsal Rafiqo\u011flu","author_link":"https:\/\/arantv.az\/?author=2"},"rttpg_comment":0,"rttpg_category":"<a href=\"https:\/\/arantv.az\/?cat=4\" rel=\"category\">Siyas\u0259t<\/a>","rttpg_excerpt":"ARANTV.AZ\u00a0\u00a0newtimes.az-\u0131n yaz\u0131s\u0131n\u0131 t\u0259qdim edir: D\u00fcnyada \u00f6lk\u0259 ba\u015f\u00e7\u0131lar\u0131n\u0131n f\u0259aliyy\u0259tl\u0259rinin m\u00fc\u0259yy\u0259n d\u00f6vrl\u0259r \u00fczr\u0259 qiym\u0259tl\u0259ndirilm\u0259si bir \u0259n\u0259n\u0259y\u0259 \u00e7evrilib. Bu s\u0131rada Prezidentl\u0259rin birillik f\u0259aliyy\u0259ti x\u00fcsusi yer tutur. Az\u0259rbaycan Prezidenti \u0130lham \u018fliyevin d\u0259 n\u00f6vb\u0259ti d\u0259f\u0259 Prezident se\u00e7ilm\u0259sind\u0259n bir il \u00f6t\u00fcr. Bununla ba\u011fl\u0131 ekspertl\u0259r geni\u015f analizl\u0259r apar\u0131rlar. Onlar\u0131n t\u0259hlili g\u00f6st\u0259rir ki, ke\u00e7\u0259n m\u00fcdd\u0259t \u0259rzind\u0259 \u0130lham \u018fliyevin r\u0259hb\u0259rliyi il\u0259 Az\u0259rbaycan b\u00f6y\u00fck u\u011furlara&hellip;","_links":{"self":[{"href":"https:\/\/arantv.az\/index.php?rest_route=\/wp\/v2\/posts\/50493"}],"collection":[{"href":"https:\/\/arantv.az\/index.php?rest_route=\/wp\/v2\/posts"}],"about":[{"href":"https:\/\/arantv.az\/index.php?rest_route=\/wp\/v2\/types\/post"}],"author":[{"embeddable":true,"href":"https:\/\/arantv.az\/index.php?rest_route=\/wp\/v2\/users\/2"}],"replies":[{"embeddable":true,"href":"https:\/\/arantv.az\/index.php?rest_route=%2Fwp%2Fv2%2Fcomments&post=50493"}],"version-history":[{"count":0,"href":"https:\/\/arantv.az\/index.php?rest_route=\/wp\/v2\/posts\/50493\/revisions"}],"wp:featuredmedia":[{"embeddable":true,"href":"https:\/\/arantv.az\/index.php?rest_route=\/wp\/v2\/media\/50494"}],"wp:attachment":[{"href":"https:\/\/arantv.az\/index.php?rest_route=%2Fwp%2Fv2%2Fmedia&parent=50493"}],"wp:term":[{"taxonomy":"category","embeddable":true,"href":"https:\/\/arantv.az\/index.php?rest_route=%2Fwp%2Fv2%2Fcategories&post=50493"},{"taxonomy":"post_tag","embeddable":true,"href":"https:\/\/arantv.az\/index.php?rest_route=%2Fwp%2Fv2%2Ftags&post=50493"}],"curies":[{"name":"wp","href":"https:\/\/api.w.org\/{rel}","templated":true}]}}