{"id":50496,"date":"2019-04-12T15:37:27","date_gmt":"2019-04-12T12:37:27","guid":{"rendered":"http:\/\/arantv.az\/?p=50496"},"modified":"2019-04-12T15:37:27","modified_gmt":"2019-04-12T12:37:27","slug":"sahibkarlar-mes%c9%99-fondunun-aciq-sah%c9%99l%c9%99rini-icar%c9%99y%c9%99-gotur%c9%99-bil%c9%99r","status":"publish","type":"post","link":"https:\/\/arantv.az\/?p=50496","title":{"rendered":"&#8220;Sahibkarlar me\u015f\u0259 fondunun a\u00e7\u0131q sah\u0259l\u0259rini icar\u0259y\u0259 g\u00f6t\u00fcr\u0259 bil\u0259r&#8221;"},"content":{"rendered":"<blockquote><p><em><strong>Me\u015f\u0259 fondu torpaqlar\u0131n\u0131n a\u00e7\u0131q sah\u0259l\u0259ri aqroba\u011flar\u0131n sal\u0131nmas\u0131 m\u0259qs\u0259dil\u0259 icar\u0259y\u0259 verilir.<\/strong><\/em><\/p><\/blockquote>\n<p><strong>ARANTV.AZ\u00a0<\/strong><span style=\"color: #000000;\">\u00a0<a style=\"color: #000000;\" href=\"https:\/\/az.trend.az\/\" target=\"_blank\" rel=\"noopener\">Trend<\/a><\/span>-\u0259 istinad\u0259n x\u0259b\u0259r verir ki, bunu bu g\u00fcn Ekologiya v\u0259 T\u0259bii S\u0259rv\u0259tl\u0259r Nazirliyind\u0259 ke\u00e7iril\u0259n m\u0259tbuat konfrans\u0131nda nazir m\u00fcavini Firdovsi \u018fliyev deyib.<\/p>\n<p>O bildirib ki, d\u00f6vl\u0259t ba\u015f\u00e7\u0131s\u0131n\u0131n 2017-ci il 9 mart tarixli 2718 n\u00f6mr\u0259li s\u0259r\u0259ncam\u0131 il\u0259 me\u015f\u0259 fondunun a\u00e7\u0131q sah\u0259l\u0259rinin potensial\u0131ndan s\u0259m\u0259r\u0259li istifad\u0259 etm\u0259k, h\u0259m\u00e7inin sahibkarlara \u0259lveri\u015fli \u015f\u0259rait yaratmaq m\u0259qs\u0259dil\u0259 Az\u0259rbaycan Respublikas\u0131n\u0131n Me\u015f\u0259 M\u0259c\u0259ll\u0259sinin 22-ci madd\u0259sind\u0259 d\u0259yi\u015fiklikl\u0259r edil\u0259r\u0259k me\u015f\u0259 fondu torpaqlar\u0131n\u0131n icar\u0259 m\u00fcdd\u0259ti 10 ild\u0259n 49 il\u0259d\u0259k art\u0131r\u0131l\u0131b: &#8220;Ekologiya v\u0259 T\u0259bii S\u0259rv\u0259tl\u0259r Nazirliyi t\u0259r\u0259find\u0259n qeyd olunan s\u0259r\u0259ncama uy\u011fun olaraq me\u015f\u0259 fondunun a\u00e7\u0131q sah\u0259l\u0259ri icar\u0259y\u0259 verilir. Bu da me\u015f\u0259 \u00f6rt\u00fcy\u00fcn\u00fcn artmas\u0131 il\u0259 yana\u015f\u0131 yeni i\u015f yerl\u0259rinin a\u00e7\u0131lmas\u0131na, \u0259halinin sosial v\u0259ziyy\u0259tinin yax\u015f\u0131la\u015fd\u0131r\u0131lmas\u0131na v\u0259 \u0259rzaq t\u0259hl\u00fck\u0259sizliyin\u0259 t\u00f6hf\u0259 ver\u0259c\u0259k&#8221;.<\/p>\n<div id=\"AdviadNativeVideo0\" class=\"AdviadNativeVideo\"><\/div>\n<p>Nazir m\u00fcavini \u0259lav\u0259 edib ki, sahibkarlar, fiziki v\u0259 h\u00fcquqi \u015f\u0259xsl\u0259r g\u00f6r\u00fcl\u0259c\u0259k i\u015fl\u0259rin plan-layih\u0259sini Nazirliy\u0259 t\u0259qdim etm\u0259kl\u0259 me\u015f\u0259 fondunun a\u00e7\u0131q sah\u0259l\u0259rini icar\u0259y\u0259 g\u00f6t\u00fcr\u0259 bil\u0259r:<\/p>\n<p>&#8220;Qeyd ed\u0259k ki, haz\u0131rda respublikada me\u015f\u0259l\u0259rin inventarizasiyas\u0131 i\u015fl\u0259ri apar\u0131l\u0131r ki, bunun da \u0259sas m\u0259qs\u0259di me\u015f\u0259 fondunda aqroba\u011flar\u0131n sal\u0131nmas\u0131 \u00fc\u00e7\u00fcn \u0259lveri\u015fli olan sah\u0259l\u0259rin m\u00fc\u0259yy\u0259nl\u0259\u015fdirilm\u0259sidir. Bu i\u015fl\u0259rin \u0259sas m\u0259qs\u0259di me\u015f\u0259 t\u0259s\u0259rr\u00fcfat\u0131 t\u0259dbirl\u0259rinin apar\u0131lmas\u0131 yerl\u0259rini, h\u0259m\u00e7inin su h\u00f6vz\u0259l\u0259rin\u0259 yax\u0131n texnikan\u0131n i\u015fl\u0259y\u0259 bil\u0259c\u0259yi da\u011f\u0259t\u0259yi v\u0259 d\u00fcz\u0259n sah\u0259l\u0259ri a\u015fkar etm\u0259k, bir s\u00f6zl\u0259 sahibkarlar \u00fc\u00e7\u00fcn \u0259lveri\u015fli \u015f\u0259rait yaratmaqd\u0131r. Me\u015f\u0259 fondunun a\u00e7\u0131q sah\u0259l\u0259rini icar\u0259y\u0259 g\u00f6t\u00fcrm\u0259k ist\u0259y\u0259nl\u0259r ETSN-d\u0259 yarad\u0131lm\u0131\u015f x\u00fcsusi komissiyaya m\u00fcraci\u0259t ed\u0259 bil\u0259rl\u0259r&#8221;.<\/p>\n","protected":false},"excerpt":{"rendered":"<p>Me\u015f\u0259 fondu torpaqlar\u0131n\u0131n a\u00e7\u0131q sah\u0259l\u0259ri aqroba\u011flar\u0131n sal\u0131nmas\u0131 m\u0259qs\u0259dil\u0259 icar\u0259y\u0259 verilir. ARANTV.AZ\u00a0\u00a0Trend-\u0259 istinad\u0259n x\u0259b\u0259r verir ki, bunu bu g\u00fcn Ekologiya v\u0259 T\u0259bii S\u0259rv\u0259tl\u0259r Nazirliyind\u0259 ke\u00e7iril\u0259n m\u0259tbuat konfrans\u0131nda nazir m\u00fcavini Firdovsi \u018fliyev deyib. O bildirib ki, d\u00f6vl\u0259t ba\u015f\u00e7\u0131s\u0131n\u0131n 2017-ci il 9 mart tarixli 2718 n\u00f6mr\u0259li s\u0259r\u0259ncam\u0131 il\u0259 me\u015f\u0259 fondunun a\u00e7\u0131q sah\u0259l\u0259rinin potensial\u0131ndan s\u0259m\u0259r\u0259li istifad\u0259 etm\u0259k, h\u0259m\u00e7inin sahibkarlara \u0259lveri\u015fli \u015f\u0259rait yaratmaq m\u0259qs\u0259dil\u0259 Az\u0259rbaycan Respublikas\u0131n\u0131n Me\u015f\u0259 M\u0259c\u0259ll\u0259sinin 22-ci madd\u0259sind\u0259 d\u0259yi\u015fiklikl\u0259r edil\u0259r\u0259k me\u015f\u0259 fondu torpaqlar\u0131n\u0131n icar\u0259 m\u00fcdd\u0259ti 10 ild\u0259n 49 il\u0259d\u0259k art\u0131r\u0131l\u0131b: &#8220;Ekologiya v\u0259 T\u0259bii S\u0259rv\u0259tl\u0259r Nazirliyi t\u0259r\u0259find\u0259n qeyd olunan s\u0259r\u0259ncama uy\u011fun olaraq me\u015f\u0259 fondunun&hellip;<\/p>\n","protected":false},"author":2,"featured_media":50497,"comment_status":"closed","ping_status":"closed","sticky":false,"template":"","format":"standard","meta":{"om_disable_all_campaigns":false,"_monsterinsights_skip_tracking":false,"_monsterinsights_sitenote_active":false,"_monsterinsights_sitenote_note":"","_monsterinsights_sitenote_category":0},"categories":[1],"tags":[],"aioseo_notices":[],"gutentor_comment":0,"rttpg_featured_image_url":{"full":["https:\/\/arantv.az\/wp-content\/uploads\/2019\/04\/mese_0254.jpg",800,600,false],"landscape":["https:\/\/arantv.az\/wp-content\/uploads\/2019\/04\/mese_0254.jpg",800,600,false],"portraits":["https:\/\/arantv.az\/wp-content\/uploads\/2019\/04\/mese_0254.jpg",800,600,false],"thumbnail":["https:\/\/arantv.az\/wp-content\/uploads\/2019\/04\/mese_0254-150x150.jpg",150,150,true],"medium":["https:\/\/arantv.az\/wp-content\/uploads\/2019\/04\/mese_0254-300x225.jpg",300,225,true],"large":["https:\/\/arantv.az\/wp-content\/uploads\/2019\/04\/mese_0254.jpg",640,480,false],"1536x1536":["https:\/\/arantv.az\/wp-content\/uploads\/2019\/04\/mese_0254.jpg",800,600,false],"2048x2048":["https:\/\/arantv.az\/wp-content\/uploads\/2019\/04\/mese_0254.jpg",800,600,false],"post-thumbnail":["https:\/\/arantv.az\/wp-content\/uploads\/2019\/04\/mese_0254-240x172.jpg",240,172,true],"advps-thumb-one":["https:\/\/arantv.az\/wp-content\/uploads\/2019\/04\/mese_0254.jpg",800,600,false]},"rttpg_author":{"display_name":"V\u00fcsal Rafiqo\u011flu","author_link":"https:\/\/arantv.az\/?author=2"},"rttpg_comment":0,"rttpg_category":"<a href=\"https:\/\/arantv.az\/?cat=1\" rel=\"category\">C\u0259miyy\u0259t<\/a>","rttpg_excerpt":"Me\u015f\u0259 fondu torpaqlar\u0131n\u0131n a\u00e7\u0131q sah\u0259l\u0259ri aqroba\u011flar\u0131n sal\u0131nmas\u0131 m\u0259qs\u0259dil\u0259 icar\u0259y\u0259 verilir. ARANTV.AZ\u00a0\u00a0Trend-\u0259 istinad\u0259n x\u0259b\u0259r verir ki, bunu bu g\u00fcn Ekologiya v\u0259 T\u0259bii S\u0259rv\u0259tl\u0259r Nazirliyind\u0259 ke\u00e7iril\u0259n m\u0259tbuat konfrans\u0131nda nazir m\u00fcavini Firdovsi \u018fliyev deyib. O bildirib ki, d\u00f6vl\u0259t ba\u015f\u00e7\u0131s\u0131n\u0131n 2017-ci il 9 mart tarixli 2718 n\u00f6mr\u0259li s\u0259r\u0259ncam\u0131 il\u0259 me\u015f\u0259 fondunun a\u00e7\u0131q sah\u0259l\u0259rinin potensial\u0131ndan s\u0259m\u0259r\u0259li istifad\u0259 etm\u0259k, h\u0259m\u00e7inin sahibkarlara&hellip;","_links":{"self":[{"href":"https:\/\/arantv.az\/index.php?rest_route=\/wp\/v2\/posts\/50496"}],"collection":[{"href":"https:\/\/arantv.az\/index.php?rest_route=\/wp\/v2\/posts"}],"about":[{"href":"https:\/\/arantv.az\/index.php?rest_route=\/wp\/v2\/types\/post"}],"author":[{"embeddable":true,"href":"https:\/\/arantv.az\/index.php?rest_route=\/wp\/v2\/users\/2"}],"replies":[{"embeddable":true,"href":"https:\/\/arantv.az\/index.php?rest_route=%2Fwp%2Fv2%2Fcomments&post=50496"}],"version-history":[{"count":0,"href":"https:\/\/arantv.az\/index.php?rest_route=\/wp\/v2\/posts\/50496\/revisions"}],"wp:featuredmedia":[{"embeddable":true,"href":"https:\/\/arantv.az\/index.php?rest_route=\/wp\/v2\/media\/50497"}],"wp:attachment":[{"href":"https:\/\/arantv.az\/index.php?rest_route=%2Fwp%2Fv2%2Fmedia&parent=50496"}],"wp:term":[{"taxonomy":"category","embeddable":true,"href":"https:\/\/arantv.az\/index.php?rest_route=%2Fwp%2Fv2%2Fcategories&post=50496"},{"taxonomy":"post_tag","embeddable":true,"href":"https:\/\/arantv.az\/index.php?rest_route=%2Fwp%2Fv2%2Ftags&post=50496"}],"curies":[{"name":"wp","href":"https:\/\/api.w.org\/{rel}","templated":true}]}}