{"id":50505,"date":"2019-04-12T15:44:30","date_gmt":"2019-04-12T12:44:30","guid":{"rendered":"http:\/\/arantv.az\/?p=50505"},"modified":"2019-04-12T15:44:30","modified_gmt":"2019-04-12T12:44:30","slug":"matviyenko-heyd%c9%99r-%c9%99liyevin-m%c9%99zarini-v%c9%99-s%c9%99hidl%c9%99r-xiyabanini-ziyar%c9%99t-etdi-yenil%c9%99nib","status":"publish","type":"post","link":"https:\/\/arantv.az\/?p=50505","title":{"rendered":"Matviyenko Heyd\u0259r \u018fliyevin m\u0259zar\u0131n\u0131 v\u0259 \u015e\u0259hidl\u0259r Xiyaban\u0131n\u0131 ziyar\u0259t etdi YEN\u0130L\u018fN\u0130B"},"content":{"rendered":"<div class=\"row m-0 p-0 mt-2\">\n<div class=\"col-12 col-sm-12 col-lg-12 icSehifeBody p-2 m-0\">\n<p><strong>Rusiya Federasiyas\u0131 Federal M\u0259clisi Federasiya \u015euras\u0131n\u0131n s\u0259dri Valentina Matviyenko aprelin 12-d\u0259 \u015e\u0259hidl\u0259r xiyaban\u0131n\u0131 ziyar\u0259t edib.<\/strong><\/p>\n<p><strong>ARANTV.AZ\u00a0\u00a0<\/strong>&#8220;Az\u0259rtac&#8221;a istinad\u0259n x\u0259b\u0259r verir ki, Valentina Matviyenko \u00f6lk\u0259mizin azadl\u0131\u011f\u0131 v\u0259 \u0259razi b\u00fct\u00f6vl\u00fcy\u00fc u\u011frunda m\u00fcbariz\u0259d\u0259 canlar\u0131ndan ke\u00e7mi\u015f q\u0259hr\u0259man V\u0259t\u0259n \u00f6vladlar\u0131n\u0131n xatir\u0259sini yad edib, \u201c\u018fb\u0259di m\u0259\u015f\u0259l\u201d abid\u0259sinin \u00f6n\u00fcn\u0259 \u0259klil qoyub. Bak\u0131n\u0131n \u0259n h\u00fcnd\u00fcr n\u00f6qt\u0259sind\u0259n Az\u0259rbaycan paytaxt\u0131n\u0131n m\u0259nz\u0259r\u0259sini seyr ed\u0259n qona\u011fa \u015e\u0259hidl\u0259r xiyaban\u0131n\u0131n tarixi v\u0259 paytaxtda apar\u0131lan abadl\u0131q-quruculuq i\u015fl\u0259ri bar\u0259d\u0259 m\u0259lumat verilib.<\/p>\n<p>13.56<\/p>\n<p><strong>Az\u0259rbaycanda r\u0259smi s\u0259f\u0259rd\u0259 olan Rusiya Federasiyas\u0131 Federal M\u0259clisi Federasiya \u015euras\u0131n\u0131n s\u0259dri Valentina Matviyenko F\u0259xri xiyaban\u0131 ziyar\u0259t edib.<\/strong><\/p>\n<p><strong>ARANTV.AZ\u00a0<\/strong>\u00a0\u201cAz\u0259rtac\u201da istinad\u0259n x\u0259b\u0259r verir ki, V. Matviyenko Heyd\u0259r \u018fliyevin xatir\u0259sini yad edib, m\u0259zar\u0131 \u00f6n\u00fcn\u0259 \u0259klil qoyub. O, g\u00f6rk\u0259mli oftalmoloq-alim, akademik Z\u0259rif\u0259 \u018fliyevan\u0131n da xatir\u0259sini an\u0131b, m\u0259zar\u0131 \u00fcz\u0259rin\u0259 g\u00fcl d\u0259st\u0259l\u0259ri d\u00fcz\u00fcb.<\/p>\n<\/div>\n<\/div>\n<div class=\"row m-0 pl-2 p-0\">\n<div class=\"col-12 col-sm-12 col-lg-12 m-0 p-0\">\n<div id=\"slide_prev_cyan\" class=\"slider_prev_cyan\"><\/div>\n<div id=\"slide_next_cyan\" class=\"slider_next_cyan\"><\/div>\n<div class=\"lSSlideOuter\">\n<div class=\"lSSlideWrapper usingCss\">\n<ul id=\"photoGallery1\" class=\"lightSlider lsGrab lSSlide\">\n<li class=\"lslide\" data-thumb=\"\/photos\/unikal\/1555064438_85cb06226293a8.jpg\"><img title=\"Matviyenko Heyd\u0259r \u018fliyevin m\u0259zar\u0131n\u0131 v\u0259 \u015e\u0259hidl\u0259r Xiyaban\u0131n\u0131 ziyar\u0259t etdiYEN\u0130L\u018fN\u0130B\" src=\"http:\/\/www.unikal.org\/photos\/unikal\/1555064438_85cb06226293a8.jpg\" alt=\"Matviyenko Heyd\u0259r \u018fliyevin m\u0259zar\u0131n\u0131 v\u0259 \u015e\u0259hidl\u0259r Xiyaban\u0131n\u0131 ziyar\u0259t etdiYEN\u0130L\u018fN\u0130B\" \/><\/li>\n<li class=\"lslide\" data-thumb=\"\/photos\/unikal\/1555064438_515cb062256dcfe.jpg\"><img title=\"Matviyenko Heyd\u0259r \u018fliyevin m\u0259zar\u0131n\u0131 v\u0259 \u015e\u0259hidl\u0259r Xiyaban\u0131n\u0131 ziyar\u0259t etdiYEN\u0130L\u018fN\u0130B\" src=\"http:\/\/www.unikal.org\/photos\/unikal\/1555064438_515cb062256dcfe.jpg\" alt=\"Matviyenko Heyd\u0259r \u018fliyevin m\u0259zar\u0131n\u0131 v\u0259 \u015e\u0259hidl\u0259r Xiyaban\u0131n\u0131 ziyar\u0259t etdiYEN\u0130L\u018fN\u0130B\" \/><\/li>\n<li class=\"lslide active\" data-thumb=\"\/photos\/unikal\/1555064438_985cb06225c45a9.jpg\"><img title=\"Matviyenko Heyd\u0259r \u018fliyevin m\u0259zar\u0131n\u0131 v\u0259 \u015e\u0259hidl\u0259r Xiyaban\u0131n\u0131 ziyar\u0259t etdiYEN\u0130L\u018fN\u0130B\" src=\"http:\/\/www.unikal.org\/photos\/unikal\/1555064438_985cb06225c45a9.jpg\" alt=\"Matviyenko Heyd\u0259r \u018fliyevin m\u0259zar\u0131n\u0131 v\u0259 \u015e\u0259hidl\u0259r Xiyaban\u0131n\u0131 ziyar\u0259t etdiYEN\u0130L\u018fN\u0130B\" \/><\/li>\n<\/ul>\n<\/div>\n<ul class=\"lSPager lSGallery\">\n<li class=\"\"><a href=\"http:\/\/www.unikal.org\/news\/208615\/matviyenko-heyder-eliyevin-mezarini-ve-sehidler-xiyabanini-ziyaret-etdi-yenilenib#\"><img src=\"http:\/\/www.unikal.org\/photos\/unikal\/1555064438_85cb06226293a8.jpg\" \/><\/a><\/li>\n<li class=\"\"><a href=\"http:\/\/www.unikal.org\/news\/208615\/matviyenko-heyder-eliyevin-mezarini-ve-sehidler-xiyabanini-ziyaret-etdi-yenilenib#\"><img src=\"http:\/\/www.unikal.org\/photos\/unikal\/1555064438_515cb062256dcfe.jpg\" \/><\/a><\/li>\n<li class=\"active\"><a href=\"http:\/\/www.unikal.org\/news\/208615\/matviyenko-heyder-eliyevin-mezarini-ve-sehidler-xiyabanini-ziyaret-etdi-yenilenib#\"><img src=\"http:\/\/www.unikal.org\/photos\/unikal\/1555064438_985cb06225c45a9.jpg\" \/><\/a><\/li>\n<\/ul>\n<\/div>\n<\/div>\n<\/div>\n<div class=\"row m-0 pl-2 p-0 mt-1\">\n<div class=\"\"><\/div>\n<\/div>\n","protected":false},"excerpt":{"rendered":"<p>Rusiya Federasiyas\u0131 Federal M\u0259clisi Federasiya \u015euras\u0131n\u0131n s\u0259dri Valentina Matviyenko aprelin 12-d\u0259 \u015e\u0259hidl\u0259r xiyaban\u0131n\u0131 ziyar\u0259t edib. ARANTV.AZ\u00a0\u00a0&#8220;Az\u0259rtac&#8221;a istinad\u0259n x\u0259b\u0259r verir ki, Valentina Matviyenko \u00f6lk\u0259mizin azadl\u0131\u011f\u0131 v\u0259 \u0259razi b\u00fct\u00f6vl\u00fcy\u00fc u\u011frunda m\u00fcbariz\u0259d\u0259 canlar\u0131ndan ke\u00e7mi\u015f q\u0259hr\u0259man V\u0259t\u0259n \u00f6vladlar\u0131n\u0131n xatir\u0259sini yad edib, \u201c\u018fb\u0259di m\u0259\u015f\u0259l\u201d abid\u0259sinin \u00f6n\u00fcn\u0259 \u0259klil qoyub. Bak\u0131n\u0131n \u0259n h\u00fcnd\u00fcr n\u00f6qt\u0259sind\u0259n Az\u0259rbaycan paytaxt\u0131n\u0131n m\u0259nz\u0259r\u0259sini seyr ed\u0259n qona\u011fa \u015e\u0259hidl\u0259r xiyaban\u0131n\u0131n tarixi v\u0259 paytaxtda apar\u0131lan abadl\u0131q-quruculuq i\u015fl\u0259ri bar\u0259d\u0259 m\u0259lumat verilib. 13.56 Az\u0259rbaycanda r\u0259smi s\u0259f\u0259rd\u0259 olan Rusiya Federasiyas\u0131 Federal M\u0259clisi Federasiya \u015euras\u0131n\u0131n s\u0259dri Valentina Matviyenko F\u0259xri xiyaban\u0131 ziyar\u0259t edib. ARANTV.AZ\u00a0\u00a0\u201cAz\u0259rtac\u201da istinad\u0259n x\u0259b\u0259r verir ki, V. Matviyenko Heyd\u0259r&hellip;<\/p>\n","protected":false},"author":2,"featured_media":50506,"comment_status":"closed","ping_status":"closed","sticky":false,"template":"","format":"standard","meta":{"om_disable_all_campaigns":false,"_monsterinsights_skip_tracking":false,"_monsterinsights_sitenote_active":false,"_monsterinsights_sitenote_note":"","_monsterinsights_sitenote_category":0},"categories":[4],"tags":[],"aioseo_notices":[],"gutentor_comment":0,"rttpg_featured_image_url":{"full":["https:\/\/arantv.az\/wp-content\/uploads\/2019\/04\/1555064438.75cb060beb65a5.jpg",600,400,false],"landscape":["https:\/\/arantv.az\/wp-content\/uploads\/2019\/04\/1555064438.75cb060beb65a5.jpg",600,400,false],"portraits":["https:\/\/arantv.az\/wp-content\/uploads\/2019\/04\/1555064438.75cb060beb65a5.jpg",600,400,false],"thumbnail":["https:\/\/arantv.az\/wp-content\/uploads\/2019\/04\/1555064438.75cb060beb65a5-150x150.jpg",150,150,true],"medium":["https:\/\/arantv.az\/wp-content\/uploads\/2019\/04\/1555064438.75cb060beb65a5-300x200.jpg",300,200,true],"large":["https:\/\/arantv.az\/wp-content\/uploads\/2019\/04\/1555064438.75cb060beb65a5.jpg",600,400,false],"1536x1536":["https:\/\/arantv.az\/wp-content\/uploads\/2019\/04\/1555064438.75cb060beb65a5.jpg",600,400,false],"2048x2048":["https:\/\/arantv.az\/wp-content\/uploads\/2019\/04\/1555064438.75cb060beb65a5.jpg",600,400,false],"post-thumbnail":["https:\/\/arantv.az\/wp-content\/uploads\/2019\/04\/1555064438.75cb060beb65a5-240x172.jpg",240,172,true],"advps-thumb-one":["https:\/\/arantv.az\/wp-content\/uploads\/2019\/04\/1555064438.75cb060beb65a5.jpg",600,400,false]},"rttpg_author":{"display_name":"V\u00fcsal Rafiqo\u011flu","author_link":"https:\/\/arantv.az\/?author=2"},"rttpg_comment":0,"rttpg_category":"<a href=\"https:\/\/arantv.az\/?cat=4\" rel=\"category\">Siyas\u0259t<\/a>","rttpg_excerpt":"Rusiya Federasiyas\u0131 Federal M\u0259clisi Federasiya \u015euras\u0131n\u0131n s\u0259dri Valentina Matviyenko aprelin 12-d\u0259 \u015e\u0259hidl\u0259r xiyaban\u0131n\u0131 ziyar\u0259t edib. ARANTV.AZ\u00a0\u00a0&#8220;Az\u0259rtac&#8221;a istinad\u0259n x\u0259b\u0259r verir ki, Valentina Matviyenko \u00f6lk\u0259mizin azadl\u0131\u011f\u0131 v\u0259 \u0259razi b\u00fct\u00f6vl\u00fcy\u00fc u\u011frunda m\u00fcbariz\u0259d\u0259 canlar\u0131ndan ke\u00e7mi\u015f q\u0259hr\u0259man V\u0259t\u0259n \u00f6vladlar\u0131n\u0131n xatir\u0259sini yad edib, \u201c\u018fb\u0259di m\u0259\u015f\u0259l\u201d abid\u0259sinin \u00f6n\u00fcn\u0259 \u0259klil qoyub. Bak\u0131n\u0131n \u0259n h\u00fcnd\u00fcr n\u00f6qt\u0259sind\u0259n Az\u0259rbaycan paytaxt\u0131n\u0131n m\u0259nz\u0259r\u0259sini seyr ed\u0259n qona\u011fa \u015e\u0259hidl\u0259r xiyaban\u0131n\u0131n&hellip;","_links":{"self":[{"href":"https:\/\/arantv.az\/index.php?rest_route=\/wp\/v2\/posts\/50505"}],"collection":[{"href":"https:\/\/arantv.az\/index.php?rest_route=\/wp\/v2\/posts"}],"about":[{"href":"https:\/\/arantv.az\/index.php?rest_route=\/wp\/v2\/types\/post"}],"author":[{"embeddable":true,"href":"https:\/\/arantv.az\/index.php?rest_route=\/wp\/v2\/users\/2"}],"replies":[{"embeddable":true,"href":"https:\/\/arantv.az\/index.php?rest_route=%2Fwp%2Fv2%2Fcomments&post=50505"}],"version-history":[{"count":0,"href":"https:\/\/arantv.az\/index.php?rest_route=\/wp\/v2\/posts\/50505\/revisions"}],"wp:featuredmedia":[{"embeddable":true,"href":"https:\/\/arantv.az\/index.php?rest_route=\/wp\/v2\/media\/50506"}],"wp:attachment":[{"href":"https:\/\/arantv.az\/index.php?rest_route=%2Fwp%2Fv2%2Fmedia&parent=50505"}],"wp:term":[{"taxonomy":"category","embeddable":true,"href":"https:\/\/arantv.az\/index.php?rest_route=%2Fwp%2Fv2%2Fcategories&post=50505"},{"taxonomy":"post_tag","embeddable":true,"href":"https:\/\/arantv.az\/index.php?rest_route=%2Fwp%2Fv2%2Ftags&post=50505"}],"curies":[{"name":"wp","href":"https:\/\/api.w.org\/{rel}","templated":true}]}}