{"id":50511,"date":"2019-04-12T15:54:38","date_gmt":"2019-04-12T12:54:38","guid":{"rendered":"http:\/\/arantv.az\/?p=50511"},"modified":"2019-04-12T15:54:38","modified_gmt":"2019-04-12T12:54:38","slug":"birinci-vitse-prezident-mehriban-%c9%99liyeva-rusiya-federasiya-surasinin-s%c9%99dri-valentina-matviyenko-il%c9%99-gorusub-foto","status":"publish","type":"post","link":"https:\/\/arantv.az\/?p=50511","title":{"rendered":"Birinci vitse-prezident Mehriban \u018fliyeva Rusiya Federasiya \u015euras\u0131n\u0131n s\u0259dri Valentina Matviyenko il\u0259 g\u00f6r\u00fc\u015f\u00fcb &#8211; FOTO"},"content":{"rendered":"<p>Aprelin 12-d\u0259 Az\u0259rbaycan Respublikas\u0131n\u0131n Birinci vitse-prezidenti Mehriban \u018fliyeva \u00f6lk\u0259mizd\u0259 r\u0259smi s\u0259f\u0259rd\u0259 olan Rusiya Federasiyas\u0131 Federal M\u0259clisi Federasiya \u015euras\u0131n\u0131n s\u0259dri Valentina Matviyenko il\u0259 g\u00f6r\u00fc\u015f\u00fcb.<\/p>\n<p><strong>ARANTV.AZ<\/strong> az\u0259rtac-a istinad\u0259n x\u0259b\u0259r verir ki, Az\u0259rbaycan\u0131n Birinci vitse-prezidenti Mehriban \u018fliyeva Rusiya Federasiyas\u0131 Federal M\u0259clisi Federasiya \u015euras\u0131n\u0131n s\u0259dri Valentina Matviyenkonu Az\u0259rbaycanda s\u0259mimi q\u0259lbd\u0259n salamlayaraq, onun \u00f6lk\u0259mizd\u0259 h\u0259r zaman arzuedil\u0259n qonaq oldu\u011funu dedi. Mehriban \u018fliyeva rusiyal\u0131 qona\u011f\u0131 yubileyi v\u0259 t\u0259ltif edildiyi m\u00fckafatlar m\u00fcnasib\u0259til\u0259 t\u0259brik etdi, Valentina Matviyenkoya m\u00f6hk\u0259m cansa\u011fl\u0131\u011f\u0131, g\u0259l\u0259c\u0259k f\u0259aliyy\u0259tind\u0259 yeni nailiyy\u0259tl\u0259r arzulad\u0131. Birinci vitse-prezident Rusiya Federal M\u0259clisi Federasiya \u015euras\u0131 s\u0259drinin g\u00f6rd\u00fcy\u00fc i\u015fl\u0259rin \u0259h\u0259miyy\u0259tini x\u00fcsusi vur\u011fulad\u0131, bu f\u0259aliyy\u0259tin Az\u0259rbaycan il\u0259 Rusiya aras\u0131nda dostluq \u0259laq\u0259l\u0259rinin daha da m\u00f6hk\u0259ml\u0259nm\u0259sin\u0259 m\u00fch\u00fcm t\u00f6hf\u0259 oldu\u011funu dedi.<\/p>\n<p>Az\u0259rbaycanda yenid\u0259n olmaqdan m\u0259mnunlu\u011funu ifad\u0259 ed\u0259n Valentina Matviyenko, \u00f6lk\u0259miz\u0259 h\u0259mi\u015f\u0259 xo\u015f niyy\u0259tl\u0259 g\u0259ldiyini s\u00f6yl\u0259di. Qonaq Az\u0259rbaycanda g\u00f6st\u0259ril\u0259n qonaqp\u0259rv\u0259rliy\u0259 v\u0259 diqq\u0259t\u0259 g\u00f6r\u0259 minn\u0259tdarl\u0131\u011f\u0131n\u0131 bildirdi. Rusiya Federasiyas\u0131 Federal M\u0259clisi Federasiya \u015euras\u0131n\u0131n s\u0259dri Az\u0259rbaycan Respublikas\u0131n\u0131n Prezidenti \u0130lham \u018fliyevl\u0259 g\u00f6r\u00fc\u015fd\u00fcy\u00fcn\u00fc, bu g\u00f6r\u00fc\u015f\u00fcn onun \u00fc\u00e7\u00fcn b\u00f6y\u00fck \u015f\u0259r\u0259f oldu\u011funu bildirdi. Qonaq Prezident \u0130lham \u018fliyev il\u0259 Az\u0259rbaycan-Rusiya \u0259laq\u0259l\u0259rinin g\u0259l\u0259c\u0259k inki\u015faf\u0131na dair fikir m\u00fcbadil\u0259sinin apar\u0131ld\u0131\u011f\u0131n\u0131 qeyd etdi.<\/p>\n<p><img loading=\"lazy\" class=\"alignnone size-medium wp-image-50512\" src=\"https:\/\/arantv.az\/wp-content\/uploads\/2019\/04\/746530-300x225.jpg\" alt=\"\" width=\"300\" height=\"225\" \/><img loading=\"lazy\" class=\"alignnone size-full wp-image-50513\" src=\"https:\/\/arantv.az\/wp-content\/uploads\/2019\/04\/746530_01.jpg\" alt=\"\" width=\"250\" height=\"197\" \/><img loading=\"lazy\" class=\"alignnone size-full wp-image-50514\" src=\"https:\/\/arantv.az\/wp-content\/uploads\/2019\/04\/746530_03.jpg\" alt=\"\" width=\"250\" height=\"191\" \/><\/p>\n","protected":false},"excerpt":{"rendered":"<p>Aprelin 12-d\u0259 Az\u0259rbaycan Respublikas\u0131n\u0131n Birinci vitse-prezidenti Mehriban \u018fliyeva \u00f6lk\u0259mizd\u0259 r\u0259smi s\u0259f\u0259rd\u0259 olan Rusiya Federasiyas\u0131 Federal M\u0259clisi Federasiya \u015euras\u0131n\u0131n s\u0259dri Valentina Matviyenko il\u0259 g\u00f6r\u00fc\u015f\u00fcb. ARANTV.AZ az\u0259rtac-a istinad\u0259n x\u0259b\u0259r verir ki, Az\u0259rbaycan\u0131n Birinci vitse-prezidenti Mehriban \u018fliyeva Rusiya Federasiyas\u0131 Federal M\u0259clisi Federasiya \u015euras\u0131n\u0131n s\u0259dri Valentina Matviyenkonu Az\u0259rbaycanda s\u0259mimi q\u0259lbd\u0259n salamlayaraq, onun \u00f6lk\u0259mizd\u0259 h\u0259r zaman arzuedil\u0259n qonaq oldu\u011funu dedi. Mehriban \u018fliyeva rusiyal\u0131 qona\u011f\u0131 yubileyi v\u0259 t\u0259ltif edildiyi m\u00fckafatlar m\u00fcnasib\u0259til\u0259 t\u0259brik etdi, Valentina Matviyenkoya m\u00f6hk\u0259m cansa\u011fl\u0131\u011f\u0131, g\u0259l\u0259c\u0259k f\u0259aliyy\u0259tind\u0259 yeni nailiyy\u0259tl\u0259r arzulad\u0131. Birinci vitse-prezident Rusiya Federal M\u0259clisi Federasiya \u015euras\u0131 s\u0259drinin g\u00f6rd\u00fcy\u00fc i\u015fl\u0259rin \u0259h\u0259miyy\u0259tini x\u00fcsusi vur\u011fulad\u0131, bu&hellip;<\/p>\n","protected":false},"author":2,"featured_media":50512,"comment_status":"closed","ping_status":"closed","sticky":false,"template":"","format":"standard","meta":{"om_disable_all_campaigns":false,"_monsterinsights_skip_tracking":false,"_monsterinsights_sitenote_active":false,"_monsterinsights_sitenote_note":"","_monsterinsights_sitenote_category":0},"categories":[4],"tags":[],"aioseo_notices":[],"gutentor_comment":0,"rttpg_featured_image_url":{"full":["https:\/\/arantv.az\/wp-content\/uploads\/2019\/04\/746530.jpg",800,600,false],"landscape":["https:\/\/arantv.az\/wp-content\/uploads\/2019\/04\/746530.jpg",800,600,false],"portraits":["https:\/\/arantv.az\/wp-content\/uploads\/2019\/04\/746530.jpg",800,600,false],"thumbnail":["https:\/\/arantv.az\/wp-content\/uploads\/2019\/04\/746530-150x150.jpg",150,150,true],"medium":["https:\/\/arantv.az\/wp-content\/uploads\/2019\/04\/746530-300x225.jpg",300,225,true],"large":["https:\/\/arantv.az\/wp-content\/uploads\/2019\/04\/746530.jpg",640,480,false],"1536x1536":["https:\/\/arantv.az\/wp-content\/uploads\/2019\/04\/746530.jpg",800,600,false],"2048x2048":["https:\/\/arantv.az\/wp-content\/uploads\/2019\/04\/746530.jpg",800,600,false],"post-thumbnail":["https:\/\/arantv.az\/wp-content\/uploads\/2019\/04\/746530-240x172.jpg",240,172,true],"advps-thumb-one":["https:\/\/arantv.az\/wp-content\/uploads\/2019\/04\/746530.jpg",800,600,false]},"rttpg_author":{"display_name":"V\u00fcsal Rafiqo\u011flu","author_link":"https:\/\/arantv.az\/?author=2"},"rttpg_comment":0,"rttpg_category":"<a href=\"https:\/\/arantv.az\/?cat=4\" rel=\"category\">Siyas\u0259t<\/a>","rttpg_excerpt":"Aprelin 12-d\u0259 Az\u0259rbaycan Respublikas\u0131n\u0131n Birinci vitse-prezidenti Mehriban \u018fliyeva \u00f6lk\u0259mizd\u0259 r\u0259smi s\u0259f\u0259rd\u0259 olan Rusiya Federasiyas\u0131 Federal M\u0259clisi Federasiya \u015euras\u0131n\u0131n s\u0259dri Valentina Matviyenko il\u0259 g\u00f6r\u00fc\u015f\u00fcb. ARANTV.AZ az\u0259rtac-a istinad\u0259n x\u0259b\u0259r verir ki, Az\u0259rbaycan\u0131n Birinci vitse-prezidenti Mehriban \u018fliyeva Rusiya Federasiyas\u0131 Federal M\u0259clisi Federasiya \u015euras\u0131n\u0131n s\u0259dri Valentina Matviyenkonu Az\u0259rbaycanda s\u0259mimi q\u0259lbd\u0259n salamlayaraq, onun \u00f6lk\u0259mizd\u0259 h\u0259r zaman arzuedil\u0259n qonaq oldu\u011funu dedi.&hellip;","_links":{"self":[{"href":"https:\/\/arantv.az\/index.php?rest_route=\/wp\/v2\/posts\/50511"}],"collection":[{"href":"https:\/\/arantv.az\/index.php?rest_route=\/wp\/v2\/posts"}],"about":[{"href":"https:\/\/arantv.az\/index.php?rest_route=\/wp\/v2\/types\/post"}],"author":[{"embeddable":true,"href":"https:\/\/arantv.az\/index.php?rest_route=\/wp\/v2\/users\/2"}],"replies":[{"embeddable":true,"href":"https:\/\/arantv.az\/index.php?rest_route=%2Fwp%2Fv2%2Fcomments&post=50511"}],"version-history":[{"count":0,"href":"https:\/\/arantv.az\/index.php?rest_route=\/wp\/v2\/posts\/50511\/revisions"}],"wp:featuredmedia":[{"embeddable":true,"href":"https:\/\/arantv.az\/index.php?rest_route=\/wp\/v2\/media\/50512"}],"wp:attachment":[{"href":"https:\/\/arantv.az\/index.php?rest_route=%2Fwp%2Fv2%2Fmedia&parent=50511"}],"wp:term":[{"taxonomy":"category","embeddable":true,"href":"https:\/\/arantv.az\/index.php?rest_route=%2Fwp%2Fv2%2Fcategories&post=50511"},{"taxonomy":"post_tag","embeddable":true,"href":"https:\/\/arantv.az\/index.php?rest_route=%2Fwp%2Fv2%2Ftags&post=50511"}],"curies":[{"name":"wp","href":"https:\/\/api.w.org\/{rel}","templated":true}]}}