{"id":50516,"date":"2019-04-12T15:55:56","date_gmt":"2019-04-12T12:55:56","guid":{"rendered":"http:\/\/arantv.az\/?p=50516"},"modified":"2019-04-12T15:55:56","modified_gmt":"2019-04-12T12:55:56","slug":"un-kis%c9%99sind%c9%99n-heyvan-sumuyu-cixdi-arasdirma-basladi-foto","status":"publish","type":"post","link":"https:\/\/arantv.az\/?p=50516","title":{"rendered":"Un kis\u0259sind\u0259n heyvan s\u00fcm\u00fcy\u00fc \u00e7\u0131xd\u0131 &#8211; Ara\u015fd\u0131rma ba\u015flad\u0131 &#8211; FOTO"},"content":{"rendered":"<p><strong>C\u0259lilabad rayonu \u015eat\u0131rl\u0131 k\u0259ndind\u0259 un kis\u0259sind\u0259n heyvan s\u00fcm\u00fcy\u00fc \u00e7\u0131xd\u0131\u011f\u0131na dair m\u0259lumat yay\u0131l\u0131b.<\/strong><\/p>\n<p><strong>ARANTV.AZ<\/strong> x\u0259b\u0259r verir ki, Az\u0259rbaycan Qida T\u0259hl\u00fck\u0259sizliyi Agentliyind\u0259n (AQTA) oxu.az-\u0131n sor\u011fusuna cavab olaraq bildirilib ki, sosial \u015f\u0259b\u0259k\u0259l\u0259rd\u0259 yay\u0131lan foto v\u0259 video il\u0259 ba\u011fl\u0131 aidiyy\u0259ti \u015f\u00f6b\u0259l\u0259rd\u0259 ara\u015fd\u0131rma ba\u015flad\u0131l\u0131b.<\/p>\n<div id=\"AdviadNativeVideo0\" class=\"AdviadNativeVideo\"><\/div>\n<p>Ara\u015fd\u0131rma ba\u015fa \u00e7atd\u0131qdan sonra yekun n\u0259tic\u0259l\u0259rl\u0259 ba\u011fl\u0131 mediaya m\u0259lumat veril\u0259c\u0259k.<\/p>\n<p><img loading=\"lazy\" class=\"alignnone size-full wp-image-50517\" src=\"https:\/\/arantv.az\/wp-content\/uploads\/2019\/04\/746489_000.jpg\" alt=\"\" width=\"250\" height=\"125\" \/><\/p>\n","protected":false},"excerpt":{"rendered":"<p>C\u0259lilabad rayonu \u015eat\u0131rl\u0131 k\u0259ndind\u0259 un kis\u0259sind\u0259n heyvan s\u00fcm\u00fcy\u00fc \u00e7\u0131xd\u0131\u011f\u0131na dair m\u0259lumat yay\u0131l\u0131b. ARANTV.AZ x\u0259b\u0259r verir ki, Az\u0259rbaycan Qida T\u0259hl\u00fck\u0259sizliyi Agentliyind\u0259n (AQTA) oxu.az-\u0131n sor\u011fusuna cavab olaraq bildirilib ki, sosial \u015f\u0259b\u0259k\u0259l\u0259rd\u0259 yay\u0131lan foto v\u0259 video il\u0259 ba\u011fl\u0131 aidiyy\u0259ti \u015f\u00f6b\u0259l\u0259rd\u0259 ara\u015fd\u0131rma ba\u015flad\u0131l\u0131b. Ara\u015fd\u0131rma ba\u015fa \u00e7atd\u0131qdan sonra yekun n\u0259tic\u0259l\u0259rl\u0259 ba\u011fl\u0131 mediaya m\u0259lumat veril\u0259c\u0259k.<\/p>\n","protected":false},"author":2,"featured_media":50518,"comment_status":"closed","ping_status":"closed","sticky":false,"template":"","format":"standard","meta":{"om_disable_all_campaigns":false,"_monsterinsights_skip_tracking":false,"_monsterinsights_sitenote_active":false,"_monsterinsights_sitenote_note":"","_monsterinsights_sitenote_category":0},"categories":[1],"tags":[],"aioseo_notices":[],"gutentor_comment":0,"rttpg_featured_image_url":{"full":["https:\/\/arantv.az\/wp-content\/uploads\/2019\/04\/746489.jpg",800,600,false],"landscape":["https:\/\/arantv.az\/wp-content\/uploads\/2019\/04\/746489.jpg",800,600,false],"portraits":["https:\/\/arantv.az\/wp-content\/uploads\/2019\/04\/746489.jpg",800,600,false],"thumbnail":["https:\/\/arantv.az\/wp-content\/uploads\/2019\/04\/746489-150x150.jpg",150,150,true],"medium":["https:\/\/arantv.az\/wp-content\/uploads\/2019\/04\/746489-300x225.jpg",300,225,true],"large":["https:\/\/arantv.az\/wp-content\/uploads\/2019\/04\/746489.jpg",640,480,false],"1536x1536":["https:\/\/arantv.az\/wp-content\/uploads\/2019\/04\/746489.jpg",800,600,false],"2048x2048":["https:\/\/arantv.az\/wp-content\/uploads\/2019\/04\/746489.jpg",800,600,false],"post-thumbnail":["https:\/\/arantv.az\/wp-content\/uploads\/2019\/04\/746489-240x172.jpg",240,172,true],"advps-thumb-one":["https:\/\/arantv.az\/wp-content\/uploads\/2019\/04\/746489.jpg",800,600,false]},"rttpg_author":{"display_name":"V\u00fcsal Rafiqo\u011flu","author_link":"https:\/\/arantv.az\/?author=2"},"rttpg_comment":0,"rttpg_category":"<a href=\"https:\/\/arantv.az\/?cat=1\" rel=\"category\">C\u0259miyy\u0259t<\/a>","rttpg_excerpt":"C\u0259lilabad rayonu \u015eat\u0131rl\u0131 k\u0259ndind\u0259 un kis\u0259sind\u0259n heyvan s\u00fcm\u00fcy\u00fc \u00e7\u0131xd\u0131\u011f\u0131na dair m\u0259lumat yay\u0131l\u0131b. ARANTV.AZ x\u0259b\u0259r verir ki, Az\u0259rbaycan Qida T\u0259hl\u00fck\u0259sizliyi Agentliyind\u0259n (AQTA) oxu.az-\u0131n sor\u011fusuna cavab olaraq bildirilib ki, sosial \u015f\u0259b\u0259k\u0259l\u0259rd\u0259 yay\u0131lan foto v\u0259 video il\u0259 ba\u011fl\u0131 aidiyy\u0259ti \u015f\u00f6b\u0259l\u0259rd\u0259 ara\u015fd\u0131rma ba\u015flad\u0131l\u0131b. Ara\u015fd\u0131rma ba\u015fa \u00e7atd\u0131qdan sonra yekun n\u0259tic\u0259l\u0259rl\u0259 ba\u011fl\u0131 mediaya m\u0259lumat veril\u0259c\u0259k.","_links":{"self":[{"href":"https:\/\/arantv.az\/index.php?rest_route=\/wp\/v2\/posts\/50516"}],"collection":[{"href":"https:\/\/arantv.az\/index.php?rest_route=\/wp\/v2\/posts"}],"about":[{"href":"https:\/\/arantv.az\/index.php?rest_route=\/wp\/v2\/types\/post"}],"author":[{"embeddable":true,"href":"https:\/\/arantv.az\/index.php?rest_route=\/wp\/v2\/users\/2"}],"replies":[{"embeddable":true,"href":"https:\/\/arantv.az\/index.php?rest_route=%2Fwp%2Fv2%2Fcomments&post=50516"}],"version-history":[{"count":0,"href":"https:\/\/arantv.az\/index.php?rest_route=\/wp\/v2\/posts\/50516\/revisions"}],"wp:featuredmedia":[{"embeddable":true,"href":"https:\/\/arantv.az\/index.php?rest_route=\/wp\/v2\/media\/50518"}],"wp:attachment":[{"href":"https:\/\/arantv.az\/index.php?rest_route=%2Fwp%2Fv2%2Fmedia&parent=50516"}],"wp:term":[{"taxonomy":"category","embeddable":true,"href":"https:\/\/arantv.az\/index.php?rest_route=%2Fwp%2Fv2%2Fcategories&post=50516"},{"taxonomy":"post_tag","embeddable":true,"href":"https:\/\/arantv.az\/index.php?rest_route=%2Fwp%2Fv2%2Ftags&post=50516"}],"curies":[{"name":"wp","href":"https:\/\/api.w.org\/{rel}","templated":true}]}}