{"id":50532,"date":"2019-04-12T16:20:16","date_gmt":"2019-04-12T13:20:16","guid":{"rendered":"http:\/\/arantv.az\/?p=50532"},"modified":"2019-04-12T16:20:16","modified_gmt":"2019-04-12T13:20:16","slug":"matviyenko-rusiya-az%c9%99rbaycan-%c9%99laq%c9%99l%c9%99ri-qarsiliqli-horm%c9%99t-v%c9%99-dostluq-%c9%99sasinda-qurulub","status":"publish","type":"post","link":"https:\/\/arantv.az\/?p=50532","title":{"rendered":"Matviyenko: &#8220;Rusiya-Az\u0259rbaycan \u0259laq\u0259l\u0259ri qar\u015f\u0131l\u0131ql\u0131 h\u00f6rm\u0259t v\u0259 dostluq \u0259sas\u0131nda qurulub&#8221;"},"content":{"rendered":"<blockquote><p><em><strong>Rusiya-Az\u0259rbaycan \u0259laq\u0259l\u0259ri qar\u015f\u0131l\u0131ql\u0131 s\u0259m\u0259r\u0259lidir, qar\u015f\u0131l\u0131ql\u0131 h\u00f6rm\u0259t, dostluq v\u0259 maraqlar \u0259sas\u0131nda qurulub.<\/strong><\/em><\/p><\/blockquote>\n<p><strong>ARANTV.AZ\u00a0<\/strong><span style=\"color: #000000;\">\u00a0<a style=\"color: #000000;\" href=\"https:\/\/az.trend.az\/\" target=\"_blank\" rel=\"noopener\">Trend<\/a><\/span>-\u0259 istinad\u0259n x\u0259b\u0259r verir ki, bunu Rusiya Federasiyas\u0131 Federal M\u0259clisi Federasiya \u015euras\u0131n\u0131n s\u0259dri Valentina Matviyenko deyib.<\/p>\n<p>O xat\u0131rlad\u0131b ki, \u00f6t\u0259n ilin sentyabr\u0131nda Az\u0259rbaycan Prezidenti \u0130lham \u018fliyev Rusiyaya r\u0259smi s\u0259f\u0259r edib:<\/p>\n<p>&#8220;Bu, ikit\u0259r\u0259fli m\u00fcnasib\u0259tl\u0259rimizd\u0259 vacib hadis\u0259dir. Bu s\u0259f\u0259r zaman\u0131 \u0259m\u0259kda\u015fl\u0131q perspektivl\u0259rimiz 2024-c\u00fc il\u0259d\u0259k art\u0131rmaq imkan\u0131 yaratm\u0131\u015f 15 vacib s\u0259n\u0259d imzalan\u0131b. Rusiya-Az\u0259rbaycan \u0259laq\u0259l\u0259ri qar\u015f\u0131l\u0131ql\u0131 s\u0259m\u0259r\u0259lidir, qar\u015f\u0131l\u0131ql\u0131 h\u00f6rm\u0259t, dostluq v\u0259 maraqlar \u0259sas\u0131nda qurulub&#8221;.<\/p>\n<p>Az\u0259rbaycanla Rusiya aras\u0131nda humanitar \u0259m\u0259kda\u015fl\u0131\u011f\u0131n inki\u015faf\u0131 bar\u0259d\u0259 dan\u0131\u015fan V.Matviyenko bildirib ki, bu sah\u0259d\u0259 m\u00fcnasib\u0259tl\u0259rin inki\u015faf\u0131na b\u00f6y\u00fck t\u00f6hf\u0259ni Az\u0259rbaycan\u0131n Birinci vitse-prezidenti Mehriban \u018fliyeva v\u0259 onun r\u0259hb\u0259rlik etdiyi Heyd\u0259r \u018fliyev Fondu verir.<\/p>\n","protected":false},"excerpt":{"rendered":"<p>Rusiya-Az\u0259rbaycan \u0259laq\u0259l\u0259ri qar\u015f\u0131l\u0131ql\u0131 s\u0259m\u0259r\u0259lidir, qar\u015f\u0131l\u0131ql\u0131 h\u00f6rm\u0259t, dostluq v\u0259 maraqlar \u0259sas\u0131nda qurulub. ARANTV.AZ\u00a0\u00a0Trend-\u0259 istinad\u0259n x\u0259b\u0259r verir ki, bunu Rusiya Federasiyas\u0131 Federal M\u0259clisi Federasiya \u015euras\u0131n\u0131n s\u0259dri Valentina Matviyenko deyib. O xat\u0131rlad\u0131b ki, \u00f6t\u0259n ilin sentyabr\u0131nda Az\u0259rbaycan Prezidenti \u0130lham \u018fliyev Rusiyaya r\u0259smi s\u0259f\u0259r edib: &#8220;Bu, ikit\u0259r\u0259fli m\u00fcnasib\u0259tl\u0259rimizd\u0259 vacib hadis\u0259dir. Bu s\u0259f\u0259r zaman\u0131 \u0259m\u0259kda\u015fl\u0131q perspektivl\u0259rimiz 2024-c\u00fc il\u0259d\u0259k art\u0131rmaq imkan\u0131 yaratm\u0131\u015f 15 vacib s\u0259n\u0259d imzalan\u0131b. Rusiya-Az\u0259rbaycan \u0259laq\u0259l\u0259ri qar\u015f\u0131l\u0131ql\u0131 s\u0259m\u0259r\u0259lidir, qar\u015f\u0131l\u0131ql\u0131 h\u00f6rm\u0259t, dostluq v\u0259 maraqlar \u0259sas\u0131nda qurulub&#8221;. Az\u0259rbaycanla Rusiya aras\u0131nda humanitar \u0259m\u0259kda\u015fl\u0131\u011f\u0131n inki\u015faf\u0131 bar\u0259d\u0259 dan\u0131\u015fan V.Matviyenko bildirib ki, bu sah\u0259d\u0259 m\u00fcnasib\u0259tl\u0259rin inki\u015faf\u0131na b\u00f6y\u00fck t\u00f6hf\u0259ni Az\u0259rbaycan\u0131n Birinci&hellip;<\/p>\n","protected":false},"author":2,"featured_media":50533,"comment_status":"closed","ping_status":"closed","sticky":false,"template":"","format":"standard","meta":{"om_disable_all_campaigns":false,"_monsterinsights_skip_tracking":false,"_monsterinsights_sitenote_active":false,"_monsterinsights_sitenote_note":"","_monsterinsights_sitenote_category":0},"categories":[4],"tags":[],"aioseo_notices":[],"gutentor_comment":0,"rttpg_featured_image_url":{"full":["https:\/\/arantv.az\/wp-content\/uploads\/2019\/04\/746525.jpg",800,600,false],"landscape":["https:\/\/arantv.az\/wp-content\/uploads\/2019\/04\/746525.jpg",800,600,false],"portraits":["https:\/\/arantv.az\/wp-content\/uploads\/2019\/04\/746525.jpg",800,600,false],"thumbnail":["https:\/\/arantv.az\/wp-content\/uploads\/2019\/04\/746525-150x150.jpg",150,150,true],"medium":["https:\/\/arantv.az\/wp-content\/uploads\/2019\/04\/746525-300x225.jpg",300,225,true],"large":["https:\/\/arantv.az\/wp-content\/uploads\/2019\/04\/746525.jpg",640,480,false],"1536x1536":["https:\/\/arantv.az\/wp-content\/uploads\/2019\/04\/746525.jpg",800,600,false],"2048x2048":["https:\/\/arantv.az\/wp-content\/uploads\/2019\/04\/746525.jpg",800,600,false],"post-thumbnail":["https:\/\/arantv.az\/wp-content\/uploads\/2019\/04\/746525-240x172.jpg",240,172,true],"advps-thumb-one":["https:\/\/arantv.az\/wp-content\/uploads\/2019\/04\/746525.jpg",800,600,false]},"rttpg_author":{"display_name":"V\u00fcsal Rafiqo\u011flu","author_link":"https:\/\/arantv.az\/?author=2"},"rttpg_comment":0,"rttpg_category":"<a href=\"https:\/\/arantv.az\/?cat=4\" rel=\"category\">Siyas\u0259t<\/a>","rttpg_excerpt":"Rusiya-Az\u0259rbaycan \u0259laq\u0259l\u0259ri qar\u015f\u0131l\u0131ql\u0131 s\u0259m\u0259r\u0259lidir, qar\u015f\u0131l\u0131ql\u0131 h\u00f6rm\u0259t, dostluq v\u0259 maraqlar \u0259sas\u0131nda qurulub. ARANTV.AZ\u00a0\u00a0Trend-\u0259 istinad\u0259n x\u0259b\u0259r verir ki, bunu Rusiya Federasiyas\u0131 Federal M\u0259clisi Federasiya \u015euras\u0131n\u0131n s\u0259dri Valentina Matviyenko deyib. O xat\u0131rlad\u0131b ki, \u00f6t\u0259n ilin sentyabr\u0131nda Az\u0259rbaycan Prezidenti \u0130lham \u018fliyev Rusiyaya r\u0259smi s\u0259f\u0259r edib: &#8220;Bu, ikit\u0259r\u0259fli m\u00fcnasib\u0259tl\u0259rimizd\u0259 vacib hadis\u0259dir. Bu s\u0259f\u0259r zaman\u0131 \u0259m\u0259kda\u015fl\u0131q perspektivl\u0259rimiz 2024-c\u00fc il\u0259d\u0259k art\u0131rmaq imkan\u0131&hellip;","_links":{"self":[{"href":"https:\/\/arantv.az\/index.php?rest_route=\/wp\/v2\/posts\/50532"}],"collection":[{"href":"https:\/\/arantv.az\/index.php?rest_route=\/wp\/v2\/posts"}],"about":[{"href":"https:\/\/arantv.az\/index.php?rest_route=\/wp\/v2\/types\/post"}],"author":[{"embeddable":true,"href":"https:\/\/arantv.az\/index.php?rest_route=\/wp\/v2\/users\/2"}],"replies":[{"embeddable":true,"href":"https:\/\/arantv.az\/index.php?rest_route=%2Fwp%2Fv2%2Fcomments&post=50532"}],"version-history":[{"count":0,"href":"https:\/\/arantv.az\/index.php?rest_route=\/wp\/v2\/posts\/50532\/revisions"}],"wp:featuredmedia":[{"embeddable":true,"href":"https:\/\/arantv.az\/index.php?rest_route=\/wp\/v2\/media\/50533"}],"wp:attachment":[{"href":"https:\/\/arantv.az\/index.php?rest_route=%2Fwp%2Fv2%2Fmedia&parent=50532"}],"wp:term":[{"taxonomy":"category","embeddable":true,"href":"https:\/\/arantv.az\/index.php?rest_route=%2Fwp%2Fv2%2Fcategories&post=50532"},{"taxonomy":"post_tag","embeddable":true,"href":"https:\/\/arantv.az\/index.php?rest_route=%2Fwp%2Fv2%2Ftags&post=50532"}],"curies":[{"name":"wp","href":"https:\/\/api.w.org\/{rel}","templated":true}]}}