{"id":50535,"date":"2019-04-12T16:22:09","date_gmt":"2019-04-12T13:22:09","guid":{"rendered":"http:\/\/arantv.az\/?p=50535"},"modified":"2019-04-12T16:22:09","modified_gmt":"2019-04-12T13:22:09","slug":"nazir-elina-intihar-ed%c9%99n-gun-m%c9%99kt%c9%99bd%c9%99-bas-ver%c9%99nl%c9%99ri-bir-bir-aciqladi","status":"publish","type":"post","link":"https:\/\/arantv.az\/?p=50535","title":{"rendered":"Nazir Elina intihar ed\u0259n g\u00fcn m\u0259kt\u0259bd\u0259 ba\u015f ver\u0259nl\u0259ri bir-bir a\u00e7\u0131qlad\u0131"},"content":{"rendered":"<p>T\u0259hsil naziri Ceyhun Bayramov Bak\u0131 \u015f\u0259h\u0259rinin 162 n\u00f6mr\u0259li tam orta m\u0259kt\u0259binin \u015fagirdi Elina Hac\u0131yevan\u0131n intihar etm\u0259si il\u0259 ba\u011fl\u0131 m\u0259tbuat konfrans\u0131 ke\u00e7irir.<\/p>\n<p><strong>ARANTV.AZ<\/strong>-\u0131n m\u0259lumat\u0131na g\u00f6r\u0259, konfransda m\u0259kt\u0259bd\u0259 ba\u015f ver\u0259n hadis\u0259 bar\u0259d\u0259 xidm\u0259ti ara\u015fd\u0131rman\u0131n n\u0259tic\u0259l\u0259ri a\u00e7\u0131qlan\u0131b.<\/p>\n<p>Nazir bildirib ki, ba\u015f vermi\u015f hadis\u0259nin t\u0259f\u0259rr\u00fcat\u0131n\u0131n d\u0259rhal ara\u015fd\u0131r\u0131lmas\u0131 m\u0259qs\u0259dil\u0259 Bak\u0131 \u015e\u0259h\u0259ri \u00fczr\u0259 T\u0259hsil \u0130dar\u0259sind\u0259 komissiya yarad\u0131l\u0131b, Bak\u0131 \u015f\u0259h\u0259r Prokurorlu\u011funun m\u0259lumat\u0131na \u0259sas\u0259n faktla ba\u011fl\u0131 Cinay\u0259t M\u0259c\u0259ll\u0259sinin 125-ci (\u00f6z\u00fcn\u00fc \u00f6ld\u00fcrm\u0259 h\u0259ddin\u0259 \u00e7atd\u0131rma) madd\u0259si il\u0259 cinay\u0259t i\u015fi ba\u015flan\u0131l\u0131b:<\/p>\n<p>\u201cXidm\u0259ti ara\u015fd\u0131rman\u0131n ilkin n\u0259tic\u0259l\u0259rin\u0259 \u0259sas\u0259n, m\u0259kt\u0259bin direktoru Abbasova Sevinc Kamil q\u0131z\u0131 xidm\u0259ti ara\u015fd\u0131rma m\u00fcdd\u0259tind\u0259 \u00f6z v\u0259zif\u0259sind\u0259n k\u0259narla\u015fd\u0131r\u0131l\u0131b.<\/p>\n<p>Eyni zamanda hadis\u0259nin ba\u015f verm\u0259 \u015f\u0259raitinin, s\u0259b\u0259bl\u0259rinin v\u0259 dig\u0259r t\u0259f\u0259rr\u00fcat\u0131n\u0131n k\u00fctl\u0259vi informasiya vasit\u0259l\u0259rind\u0259 v\u0259 sosial \u015f\u0259b\u0259k\u0259l\u0259rd\u0259 geni\u015f m\u00fczakir\u0259 edildiyini, b\u0259zi hallarda bir-birin\u0259 zidd olan v\u0259 yoxlan\u0131lmam\u0131\u015f m\u0259lumatlar \u0259sas\u0131nda f\u0259rziyy\u0259 v\u0259 ehtimallar\u0131n ir\u0259li s\u00fcr\u00fcld\u00fcy\u00fcn\u00fc, ba\u015f vermi\u015f hadis\u0259nin h\u0259ssasl\u0131\u011f\u0131n\u0131 v\u0259 faktla ba\u011fl\u0131 cinay\u0259t i\u015fi \u00fczr\u0259 istintaq t\u0259dbirl\u0259rinin apar\u0131ld\u0131\u011f\u0131n\u0131 n\u0259z\u0259r\u0259 alaraq, m\u00fcvafiq komissiya t\u0259r\u0259find\u0259n apar\u0131lan xidm\u0259ti ara\u015fd\u0131rma ba\u015fa \u00e7atanad\u0259k n\u0259tic\u0259l\u0259rin ictimaiyy\u0259t\u0259 a\u00e7\u0131qlanmamas\u0131 z\u0259rur\u0259ti yaran\u0131b.<\/p>\n<p>Bel\u0259 ki, m\u0259kt\u0259bin VIII sinif \u015fagirdi Hac\u0131yeva Elina \u018fdal\u0259t q\u0131z\u0131 v\u0259 onun valideynl\u0259ri il\u0259 m\u00fcvafiq izahat i\u015fl\u0259rinin apar\u0131lmas\u0131 laz\u0131mi s\u0259viyy\u0259d\u0259 t\u0259\u015fkil edilm\u0259yib, psixoloqun r\u0259yin\u0259 \u0259sas\u0259n vaxta\u015f\u0131r\u0131 olaraq \u00f6z\u00fcn\u0259 qapanan \u015fagird\u0259 qar\u015f\u0131 x\u00fcsusi h\u0259ssasl\u0131qla yana\u015f\u0131lmay\u0131b, \u015fagirdl\u0259 \u0259vv\u0259ll\u0259r olan \u00fcnsiyy\u0259tl\u0259rd\u0259n, onun davran\u0131\u015f x\u00fcsusiyy\u0259tl\u0259ri, ruhi-emosional v\u0259ziyy\u0259tinin s\u0259b\u0259bl\u0259ri il\u0259 d\u0259rind\u0259n maraqlan\u0131lmay\u0131b, ail\u0259 \u00fczvl\u0259ri il\u0259 yax\u0131ndan \u0259m\u0259kda\u015fl\u0131q ed\u0259r\u0259k ona psixoloji-m\u0259n\u0259vi d\u0259st\u0259k g\u00f6st\u0259rilm\u0259sin\u0259 laqeyd yana\u015f\u0131l\u0131b.<\/p>\n<p>\u015eagirdin sinf\u0259 v\u0259 ya m\u0259kt\u0259b\u0259 bu v\u0259 ya dig\u0259r s\u0259b\u0259bd\u0259n uy\u011funla\u015fmamas\u0131, bunun n\u0259tic\u0259sind\u0259 onun dig\u0259r \u015fagirdl\u0259rl\u0259, sinif r\u0259hb\u0259ri v\u0259 m\u00fc\u0259llim hey\u0259ti il\u0259 s\u0259mimi \u00fcnsiyy\u0259tinin qurulmamas\u0131, ba\u015f ver\u0259nl\u0259rin \u015fagirdin yeniyetm\u0259 d\u00f6vr\u00fcn\u0259 t\u0259sad\u00fcf etdiyind\u0259n davran\u0131\u015f\u0131na t\u0259sir etm\u0259si t\u0259lim-t\u0259rbiy\u0259 prosesind\u0259 n\u0259z\u0259r\u0259 al\u0131nmay\u0131b.<\/p>\n<p>Hadis\u0259nin ba\u015f verdiyi g\u00fcn m\u0259kt\u0259b r\u0259hb\u0259rliyinin m\u0259suliyy\u0259tsizliyi s\u0259b\u0259bind\u0259n m\u0259kt\u0259bd\u0259 n\u00f6vb\u0259t\u00e7ilik t\u0259min olunmay\u0131b, bununla yana\u015f\u0131, m\u0259kt\u0259b r\u0259hb\u0259rliyi hadis\u0259d\u0259n d\u0259rhal sonra adekvat v\u0259 z\u0259ruri t\u0259dbirl\u0259rin g\u00f6r\u00fclm\u0259sini d\u0259 t\u0259min etm\u0259yib, &#8211; dey\u0259 Ceyhun Bayramov qeyd edib.<\/p>\n<p>Nazir bildirib ki, hadis\u0259 ba\u015f ver\u0259n m\u0259kt\u0259bin direktoru i\u015fd\u0259n \u00e7\u0131xar\u0131l\u0131b:<\/p>\n<p>\u201cXidm\u0259ti ara\u015fd\u0131rman\u0131n m\u0259lumatlar\u0131n\u0131 n\u0259z\u0259r\u0259 alaraq Bak\u0131 \u015f\u0259h\u0259ri 162 n\u00f6mr\u0259li tam orta m\u0259kt\u0259bin direktoru v\u0259 t\u0259rbiy\u0259 i\u015fl\u0259ri \u00fczr\u0259 direktorun m\u00fcavini il\u0259 \u0259m\u0259k m\u00fcqavil\u0259l\u0259rin\u0259 xitam verilm\u0259si, \u015fagirdin t\u0259hsil ald\u0131\u011f\u0131 sinfin r\u0259hb\u0259rin\u0259 qar\u015f\u0131 m\u00fcvafiq intizam t\u0259dbirl\u0259rinin g\u00f6r\u00fclm\u0259si, m\u0259kt\u0259bin psixoloqunun i\u015fd\u0259n k\u0259narla\u015fd\u0131r\u0131lmas\u0131, m\u0259kt\u0259b\u0259 t\u0259cr\u00fcb\u0259li psixoloqun t\u0259yin edilm\u0259si q\u0259rara al\u0131n\u0131b\u201d.oxu.az<\/p>\n","protected":false},"excerpt":{"rendered":"<p>T\u0259hsil naziri Ceyhun Bayramov Bak\u0131 \u015f\u0259h\u0259rinin 162 n\u00f6mr\u0259li tam orta m\u0259kt\u0259binin \u015fagirdi Elina Hac\u0131yevan\u0131n intihar etm\u0259si il\u0259 ba\u011fl\u0131 m\u0259tbuat konfrans\u0131 ke\u00e7irir. ARANTV.AZ-\u0131n m\u0259lumat\u0131na g\u00f6r\u0259, konfransda m\u0259kt\u0259bd\u0259 ba\u015f ver\u0259n hadis\u0259 bar\u0259d\u0259 xidm\u0259ti ara\u015fd\u0131rman\u0131n n\u0259tic\u0259l\u0259ri a\u00e7\u0131qlan\u0131b. Nazir bildirib ki, ba\u015f vermi\u015f hadis\u0259nin t\u0259f\u0259rr\u00fcat\u0131n\u0131n d\u0259rhal ara\u015fd\u0131r\u0131lmas\u0131 m\u0259qs\u0259dil\u0259 Bak\u0131 \u015e\u0259h\u0259ri \u00fczr\u0259 T\u0259hsil \u0130dar\u0259sind\u0259 komissiya yarad\u0131l\u0131b, Bak\u0131 \u015f\u0259h\u0259r Prokurorlu\u011funun m\u0259lumat\u0131na \u0259sas\u0259n faktla ba\u011fl\u0131 Cinay\u0259t M\u0259c\u0259ll\u0259sinin 125-ci (\u00f6z\u00fcn\u00fc \u00f6ld\u00fcrm\u0259 h\u0259ddin\u0259 \u00e7atd\u0131rma) madd\u0259si il\u0259 cinay\u0259t i\u015fi ba\u015flan\u0131l\u0131b: \u201cXidm\u0259ti ara\u015fd\u0131rman\u0131n ilkin n\u0259tic\u0259l\u0259rin\u0259 \u0259sas\u0259n, m\u0259kt\u0259bin direktoru Abbasova Sevinc Kamil q\u0131z\u0131 xidm\u0259ti ara\u015fd\u0131rma m\u00fcdd\u0259tind\u0259 \u00f6z v\u0259zif\u0259sind\u0259n k\u0259narla\u015fd\u0131r\u0131l\u0131b. Eyni zamanda hadis\u0259nin&hellip;<\/p>\n","protected":false},"author":2,"featured_media":50536,"comment_status":"closed","ping_status":"closed","sticky":false,"template":"","format":"standard","meta":{"om_disable_all_campaigns":false,"_monsterinsights_skip_tracking":false,"_monsterinsights_sitenote_active":false,"_monsterinsights_sitenote_note":"","_monsterinsights_sitenote_category":0},"categories":[1],"tags":[],"aioseo_notices":[],"gutentor_comment":0,"rttpg_featured_image_url":{"full":["https:\/\/arantv.az\/wp-content\/uploads\/2019\/04\/57213695_313239809341854_7130628958223073280_n.jpg",620,413,false],"landscape":["https:\/\/arantv.az\/wp-content\/uploads\/2019\/04\/57213695_313239809341854_7130628958223073280_n.jpg",620,413,false],"portraits":["https:\/\/arantv.az\/wp-content\/uploads\/2019\/04\/57213695_313239809341854_7130628958223073280_n.jpg",620,413,false],"thumbnail":["https:\/\/arantv.az\/wp-content\/uploads\/2019\/04\/57213695_313239809341854_7130628958223073280_n-150x150.jpg",150,150,true],"medium":["https:\/\/arantv.az\/wp-content\/uploads\/2019\/04\/57213695_313239809341854_7130628958223073280_n-300x200.jpg",300,200,true],"large":["https:\/\/arantv.az\/wp-content\/uploads\/2019\/04\/57213695_313239809341854_7130628958223073280_n.jpg",620,413,false],"1536x1536":["https:\/\/arantv.az\/wp-content\/uploads\/2019\/04\/57213695_313239809341854_7130628958223073280_n.jpg",620,413,false],"2048x2048":["https:\/\/arantv.az\/wp-content\/uploads\/2019\/04\/57213695_313239809341854_7130628958223073280_n.jpg",620,413,false],"post-thumbnail":["https:\/\/arantv.az\/wp-content\/uploads\/2019\/04\/57213695_313239809341854_7130628958223073280_n-240x172.jpg",240,172,true],"advps-thumb-one":["https:\/\/arantv.az\/wp-content\/uploads\/2019\/04\/57213695_313239809341854_7130628958223073280_n.jpg",620,413,false]},"rttpg_author":{"display_name":"V\u00fcsal Rafiqo\u011flu","author_link":"https:\/\/arantv.az\/?author=2"},"rttpg_comment":0,"rttpg_category":"<a href=\"https:\/\/arantv.az\/?cat=1\" rel=\"category\">C\u0259miyy\u0259t<\/a>","rttpg_excerpt":"T\u0259hsil naziri Ceyhun Bayramov Bak\u0131 \u015f\u0259h\u0259rinin 162 n\u00f6mr\u0259li tam orta m\u0259kt\u0259binin \u015fagirdi Elina Hac\u0131yevan\u0131n intihar etm\u0259si il\u0259 ba\u011fl\u0131 m\u0259tbuat konfrans\u0131 ke\u00e7irir. ARANTV.AZ-\u0131n m\u0259lumat\u0131na g\u00f6r\u0259, konfransda m\u0259kt\u0259bd\u0259 ba\u015f ver\u0259n hadis\u0259 bar\u0259d\u0259 xidm\u0259ti ara\u015fd\u0131rman\u0131n n\u0259tic\u0259l\u0259ri a\u00e7\u0131qlan\u0131b. Nazir bildirib ki, ba\u015f vermi\u015f hadis\u0259nin t\u0259f\u0259rr\u00fcat\u0131n\u0131n d\u0259rhal ara\u015fd\u0131r\u0131lmas\u0131 m\u0259qs\u0259dil\u0259 Bak\u0131 \u015e\u0259h\u0259ri \u00fczr\u0259 T\u0259hsil \u0130dar\u0259sind\u0259 komissiya yarad\u0131l\u0131b, Bak\u0131 \u015f\u0259h\u0259r Prokurorlu\u011funun m\u0259lumat\u0131na&hellip;","_links":{"self":[{"href":"https:\/\/arantv.az\/index.php?rest_route=\/wp\/v2\/posts\/50535"}],"collection":[{"href":"https:\/\/arantv.az\/index.php?rest_route=\/wp\/v2\/posts"}],"about":[{"href":"https:\/\/arantv.az\/index.php?rest_route=\/wp\/v2\/types\/post"}],"author":[{"embeddable":true,"href":"https:\/\/arantv.az\/index.php?rest_route=\/wp\/v2\/users\/2"}],"replies":[{"embeddable":true,"href":"https:\/\/arantv.az\/index.php?rest_route=%2Fwp%2Fv2%2Fcomments&post=50535"}],"version-history":[{"count":0,"href":"https:\/\/arantv.az\/index.php?rest_route=\/wp\/v2\/posts\/50535\/revisions"}],"wp:featuredmedia":[{"embeddable":true,"href":"https:\/\/arantv.az\/index.php?rest_route=\/wp\/v2\/media\/50536"}],"wp:attachment":[{"href":"https:\/\/arantv.az\/index.php?rest_route=%2Fwp%2Fv2%2Fmedia&parent=50535"}],"wp:term":[{"taxonomy":"category","embeddable":true,"href":"https:\/\/arantv.az\/index.php?rest_route=%2Fwp%2Fv2%2Fcategories&post=50535"},{"taxonomy":"post_tag","embeddable":true,"href":"https:\/\/arantv.az\/index.php?rest_route=%2Fwp%2Fv2%2Ftags&post=50535"}],"curies":[{"name":"wp","href":"https:\/\/api.w.org\/{rel}","templated":true}]}}