{"id":50541,"date":"2019-04-12T16:25:32","date_gmt":"2019-04-12T13:25:32","guid":{"rendered":"http:\/\/arantv.az\/?p=50541"},"modified":"2019-04-12T16:25:32","modified_gmt":"2019-04-12T13:25:32","slug":"cavusoglu-az%c9%99rbaycan-turkiy%c9%99-%c9%99m%c9%99kdasligi-regionda-sabitliyin-mohk%c9%99ml%c9%99nm%c9%99sin%c9%99-xidm%c9%99t-edir","status":"publish","type":"post","link":"https:\/\/arantv.az\/?p=50541","title":{"rendered":"\u00c7avu\u015fo\u011flu: &#8220;Az\u0259rbaycan-T\u00fcrkiy\u0259 \u0259m\u0259kda\u015fl\u0131\u011f\u0131 regionda sabitliyin m\u00f6hk\u0259ml\u0259nm\u0259sin\u0259 xidm\u0259t edir&#8221;"},"content":{"rendered":"<blockquote><p><em><strong>T\u00fcrkiy\u0259-Az\u0259rbaycan-G\u00fcrc\u00fcstan, T\u00fcrkiy\u0259-Az\u0259rbaycan-\u0130ran, el\u0259c\u0259 d\u0259 T\u00fcrkiy\u0259-Az\u0259rbaycan-T\u00fcrkm\u0259nistan \u0259m\u0259kda\u015fl\u0131q formatlar\u0131 regionda sabitliyin m\u00f6hk\u0259ml\u0259nm\u0259sin\u0259 xidm\u0259t edir.<\/strong><\/em><\/p><\/blockquote>\n<p><strong>ARANTV.AZ<\/strong>\u00a0<a href=\"https:\/\/az.trend.az\/\" target=\"_blank\" rel=\"noopener\"><span style=\"color: #000000;\">Trend<\/span><\/a>-\u0259 istinad\u0259n x\u0259b\u0259r verir ki, bunu T\u00fcrkiy\u0259nin xarici i\u015fl\u0259r naziri M\u00f6vlud \u00c7avu\u015fo\u011flu deyib.<\/p>\n<p>Onun s\u00f6zl\u0259rin\u0259 g\u00f6r\u0259, bu c\u00fcr \u0259m\u0259kda\u015fl\u0131q formatlar\u0131 T\u00fcrkiy\u0259 \u00fc\u00e7\u00fcn \u00e7ox vacibdir.<\/p>\n<p>M.\u00c7avu\u015fo\u011flu qeyd edib ki, bu c\u00fcr formatlar regionun iqtisadi v\u0259 siyasi inki\u015faf\u0131na k\u00f6m\u0259k g\u00f6st\u0259rir.<\/p>\n","protected":false},"excerpt":{"rendered":"<p>T\u00fcrkiy\u0259-Az\u0259rbaycan-G\u00fcrc\u00fcstan, T\u00fcrkiy\u0259-Az\u0259rbaycan-\u0130ran, el\u0259c\u0259 d\u0259 T\u00fcrkiy\u0259-Az\u0259rbaycan-T\u00fcrkm\u0259nistan \u0259m\u0259kda\u015fl\u0131q formatlar\u0131 regionda sabitliyin m\u00f6hk\u0259ml\u0259nm\u0259sin\u0259 xidm\u0259t edir. ARANTV.AZ\u00a0Trend-\u0259 istinad\u0259n x\u0259b\u0259r verir ki, bunu T\u00fcrkiy\u0259nin xarici i\u015fl\u0259r naziri M\u00f6vlud \u00c7avu\u015fo\u011flu deyib. Onun s\u00f6zl\u0259rin\u0259 g\u00f6r\u0259, bu c\u00fcr \u0259m\u0259kda\u015fl\u0131q formatlar\u0131 T\u00fcrkiy\u0259 \u00fc\u00e7\u00fcn \u00e7ox vacibdir. M.\u00c7avu\u015fo\u011flu qeyd edib ki, bu c\u00fcr formatlar regionun iqtisadi v\u0259 siyasi inki\u015faf\u0131na k\u00f6m\u0259k g\u00f6st\u0259rir.<\/p>\n","protected":false},"author":2,"featured_media":50542,"comment_status":"closed","ping_status":"closed","sticky":false,"template":"","format":"standard","meta":{"om_disable_all_campaigns":false,"_monsterinsights_skip_tracking":false,"_monsterinsights_sitenote_active":false,"_monsterinsights_sitenote_note":"","_monsterinsights_sitenote_category":0},"categories":[19],"tags":[],"aioseo_notices":[],"gutentor_comment":0,"rttpg_featured_image_url":{"full":["https:\/\/arantv.az\/wp-content\/uploads\/2019\/04\/746549.jpg",800,600,false],"landscape":["https:\/\/arantv.az\/wp-content\/uploads\/2019\/04\/746549.jpg",800,600,false],"portraits":["https:\/\/arantv.az\/wp-content\/uploads\/2019\/04\/746549.jpg",800,600,false],"thumbnail":["https:\/\/arantv.az\/wp-content\/uploads\/2019\/04\/746549-150x150.jpg",150,150,true],"medium":["https:\/\/arantv.az\/wp-content\/uploads\/2019\/04\/746549-300x225.jpg",300,225,true],"large":["https:\/\/arantv.az\/wp-content\/uploads\/2019\/04\/746549.jpg",640,480,false],"1536x1536":["https:\/\/arantv.az\/wp-content\/uploads\/2019\/04\/746549.jpg",800,600,false],"2048x2048":["https:\/\/arantv.az\/wp-content\/uploads\/2019\/04\/746549.jpg",800,600,false],"post-thumbnail":["https:\/\/arantv.az\/wp-content\/uploads\/2019\/04\/746549-240x172.jpg",240,172,true],"advps-thumb-one":["https:\/\/arantv.az\/wp-content\/uploads\/2019\/04\/746549.jpg",800,600,false]},"rttpg_author":{"display_name":"V\u00fcsal Rafiqo\u011flu","author_link":"https:\/\/arantv.az\/?author=2"},"rttpg_comment":0,"rttpg_category":"<a href=\"https:\/\/arantv.az\/?cat=19\" rel=\"category\">G\u00fcnd\u0259m<\/a>","rttpg_excerpt":"T\u00fcrkiy\u0259-Az\u0259rbaycan-G\u00fcrc\u00fcstan, T\u00fcrkiy\u0259-Az\u0259rbaycan-\u0130ran, el\u0259c\u0259 d\u0259 T\u00fcrkiy\u0259-Az\u0259rbaycan-T\u00fcrkm\u0259nistan \u0259m\u0259kda\u015fl\u0131q formatlar\u0131 regionda sabitliyin m\u00f6hk\u0259ml\u0259nm\u0259sin\u0259 xidm\u0259t edir. ARANTV.AZ\u00a0Trend-\u0259 istinad\u0259n x\u0259b\u0259r verir ki, bunu T\u00fcrkiy\u0259nin xarici i\u015fl\u0259r naziri M\u00f6vlud \u00c7avu\u015fo\u011flu deyib. Onun s\u00f6zl\u0259rin\u0259 g\u00f6r\u0259, bu c\u00fcr \u0259m\u0259kda\u015fl\u0131q formatlar\u0131 T\u00fcrkiy\u0259 \u00fc\u00e7\u00fcn \u00e7ox vacibdir. M.\u00c7avu\u015fo\u011flu qeyd edib ki, bu c\u00fcr formatlar regionun iqtisadi v\u0259 siyasi inki\u015faf\u0131na k\u00f6m\u0259k g\u00f6st\u0259rir.","_links":{"self":[{"href":"https:\/\/arantv.az\/index.php?rest_route=\/wp\/v2\/posts\/50541"}],"collection":[{"href":"https:\/\/arantv.az\/index.php?rest_route=\/wp\/v2\/posts"}],"about":[{"href":"https:\/\/arantv.az\/index.php?rest_route=\/wp\/v2\/types\/post"}],"author":[{"embeddable":true,"href":"https:\/\/arantv.az\/index.php?rest_route=\/wp\/v2\/users\/2"}],"replies":[{"embeddable":true,"href":"https:\/\/arantv.az\/index.php?rest_route=%2Fwp%2Fv2%2Fcomments&post=50541"}],"version-history":[{"count":0,"href":"https:\/\/arantv.az\/index.php?rest_route=\/wp\/v2\/posts\/50541\/revisions"}],"wp:featuredmedia":[{"embeddable":true,"href":"https:\/\/arantv.az\/index.php?rest_route=\/wp\/v2\/media\/50542"}],"wp:attachment":[{"href":"https:\/\/arantv.az\/index.php?rest_route=%2Fwp%2Fv2%2Fmedia&parent=50541"}],"wp:term":[{"taxonomy":"category","embeddable":true,"href":"https:\/\/arantv.az\/index.php?rest_route=%2Fwp%2Fv2%2Fcategories&post=50541"},{"taxonomy":"post_tag","embeddable":true,"href":"https:\/\/arantv.az\/index.php?rest_route=%2Fwp%2Fv2%2Ftags&post=50541"}],"curies":[{"name":"wp","href":"https:\/\/api.w.org\/{rel}","templated":true}]}}