{"id":50551,"date":"2019-04-13T07:58:29","date_gmt":"2019-04-13T04:58:29","guid":{"rendered":"http:\/\/arantv.az\/?p=50551"},"modified":"2019-04-13T07:58:29","modified_gmt":"2019-04-13T04:58:29","slug":"s%c9%99h%c9%99rsalma-komit%c9%99si-ag-s%c9%99h%c9%99r-layih%c9%99sinin-reallasdirilmasi-bar%c9%99d%c9%99","status":"publish","type":"post","link":"https:\/\/arantv.az\/?p=50551","title":{"rendered":"\u015e\u0259h\u0259rsalma Komit\u0259si &#8220;A\u011f \u015f\u0259h\u0259r&#8221; layih\u0259sinin realla\u015fd\u0131r\u0131lmas\u0131 bar\u0259d\u0259"},"content":{"rendered":"<p>Bak\u0131n\u0131n \u0259n iri layih\u0259si &#8220;A\u011f \u015f\u0259h\u0259r&#8221;in realla\u015fd\u0131r\u0131lmas\u0131 tam s\u00fcr\u0259tl\u0259 davam edir.<\/p>\n<p><strong>ARANTV.AZ<\/strong> bildirir ki, bunu\u00a0<span style=\"color: #000000;\"><a style=\"color: #000000;\" href=\"http:\/\/az.trend.az\/\" target=\"_blank\" rel=\"noopener\">Trend<\/a><\/span>-\u0259 D\u00f6vl\u0259t \u015e\u0259h\u0259rsalma v\u0259 Arxitektura Komit\u0259sinin s\u0259dr m\u00fcavini D\u00f6vl\u0259txan D\u00f6vl\u0259txanov deyib.<\/p>\n<p>Onun s\u00f6zl\u0259rin\u0259 g\u00f6r\u0259, 221 hektar \u0259razini \u0259hat\u0259 ed\u0259n &#8220;A\u011f \u015f\u0259h\u0259r&#8221;in h\u00fcdudlar\u0131 Nobel prospekti v\u0259 Yusif S\u0259f\u0259rov k\u00fc\u00e7\u0259si istiqam\u0259tind\u0259n ayd\u0131n g\u00f6r\u00fcn\u00fcr:<\/p>\n<p>&#8220;\u018fvv\u0259ll\u0259r s\u0259naye zonas\u0131 hesab olunan bu \u0259razid\u0259 t\u0259mizl\u0259m\u0259, t\u0259krar planla\u015fd\u0131rma, kommunikasiya x\u0259tl\u0259rinin \u00e7\u0259kilm\u0259si, yol \u015f\u0259b\u0259k\u0259sinin qurulmas\u0131 i\u015fl\u0259ri apar\u0131l\u0131b. Bu, Az\u0259rbaycan Prezidenti \u0130lham \u018fliyevin &#8220;Az\u0259rbaycan Respubikas\u0131nda ekoloji v\u0259ziyy\u0259tin yax\u015f\u0131la\u015fd\u0131r\u0131lmas\u0131na dair 2006-2010-cu ill\u0259r \u00fc\u00e7\u00fcn kompleks t\u0259dbirl\u0259r Plan\u0131&#8221;n\u0131n t\u0259sdiq olunmas\u0131 bar\u0259d\u0259 s\u0259r\u0259ncam\u0131 \u00e7\u0259r\u00e7iv\u0259sind\u0259 realla\u015fd\u0131r\u0131lan irimiqyasl\u0131 \u015f\u0259h\u0259rsalma layih\u0259l\u0259rind\u0259n biridir&#8221;.<\/p>\n<p>O qeyd edib ki, tikinti i\u015fl\u0259rind\u0259 n\u00fcfuzlu xarici \u015firk\u0259tl\u0259r i\u015ftirak edir:<\/p>\n<div id=\"AdviadNativeVideo0\" class=\"AdviadNativeVideo\"><\/div>\n<p>&#8220;D\u00f6vl\u0259t Komit\u0259si \u00f6z n\u00f6vb\u0259sind\u0259 tikinti zaman\u0131 normativ t\u0259l\u0259bl\u0259r\u0259 \u0259m\u0259l olunmas\u0131na n\u0259zar\u0259t edir&#8221;.<\/p>\n<p>D.D\u00f6vl\u0259txanov bildirib ki, haz\u0131rda bu \u0259razid\u0259 yerl\u0259\u015f\u0259n k\u00f6hn\u0259 tikilil\u0259rin b\u00f6y\u00fck \u0259ks\u0259riyy\u0259ti s\u00f6k\u00fcl\u00fcb:<\/p>\n<p>&#8220;\u015e\u0259h\u0259rin bu hiss\u0259sind\u0259ki bulvar \u0259razisi qabaqc\u0131l xarici t\u0259cr\u00fcb\u0259d\u0259n istifad\u0259 olunmaqla faktiki abadla\u015fd\u0131r\u0131l\u0131b. \u0130stisna deyil ki, g\u0259l\u0259c\u0259kd\u0259, bulvar\u0131n \u0259razisinin geni\u015fl\u0259n\u0259c\u0259yi t\u0259qdird\u0259 k\u00f6hn\u0259 tikilil\u0259rin s\u00f6k\u00fcnt\u00fcs\u00fc davam etsin&#8221;.<\/p>\n<p>Komit\u0259 s\u0259drinin m\u00fcavini \u0259lav\u0259 edib ki, layih\u0259y\u0259 \u0259sas\u0259n bu \u0259razid\u0259 &#8220;A\u011f \u015f\u0259h\u0259r&#8221; metro stansiyas\u0131 da tikil\u0259c\u0259k.<\/p>\n","protected":false},"excerpt":{"rendered":"<p>Bak\u0131n\u0131n \u0259n iri layih\u0259si &#8220;A\u011f \u015f\u0259h\u0259r&#8221;in realla\u015fd\u0131r\u0131lmas\u0131 tam s\u00fcr\u0259tl\u0259 davam edir. ARANTV.AZ bildirir ki, bunu\u00a0Trend-\u0259 D\u00f6vl\u0259t \u015e\u0259h\u0259rsalma v\u0259 Arxitektura Komit\u0259sinin s\u0259dr m\u00fcavini D\u00f6vl\u0259txan D\u00f6vl\u0259txanov deyib. Onun s\u00f6zl\u0259rin\u0259 g\u00f6r\u0259, 221 hektar \u0259razini \u0259hat\u0259 ed\u0259n &#8220;A\u011f \u015f\u0259h\u0259r&#8221;in h\u00fcdudlar\u0131 Nobel prospekti v\u0259 Yusif S\u0259f\u0259rov k\u00fc\u00e7\u0259si istiqam\u0259tind\u0259n ayd\u0131n g\u00f6r\u00fcn\u00fcr: &#8220;\u018fvv\u0259ll\u0259r s\u0259naye zonas\u0131 hesab olunan bu \u0259razid\u0259 t\u0259mizl\u0259m\u0259, t\u0259krar planla\u015fd\u0131rma, kommunikasiya x\u0259tl\u0259rinin \u00e7\u0259kilm\u0259si, yol \u015f\u0259b\u0259k\u0259sinin qurulmas\u0131 i\u015fl\u0259ri apar\u0131l\u0131b. Bu, Az\u0259rbaycan Prezidenti \u0130lham \u018fliyevin &#8220;Az\u0259rbaycan Respubikas\u0131nda ekoloji v\u0259ziyy\u0259tin yax\u015f\u0131la\u015fd\u0131r\u0131lmas\u0131na dair 2006-2010-cu ill\u0259r \u00fc\u00e7\u00fcn kompleks t\u0259dbirl\u0259r Plan\u0131&#8221;n\u0131n t\u0259sdiq olunmas\u0131 bar\u0259d\u0259 s\u0259r\u0259ncam\u0131 \u00e7\u0259r\u00e7iv\u0259sind\u0259 realla\u015fd\u0131r\u0131lan irimiqyasl\u0131 \u015f\u0259h\u0259rsalma layih\u0259l\u0259rind\u0259n biridir&#8221;.&hellip;<\/p>\n","protected":false},"author":2,"featured_media":50552,"comment_status":"closed","ping_status":"closed","sticky":false,"template":"","format":"standard","meta":{"om_disable_all_campaigns":false,"_monsterinsights_skip_tracking":false,"_monsterinsights_sitenote_active":false,"_monsterinsights_sitenote_note":"","_monsterinsights_sitenote_category":0},"categories":[1],"tags":[],"aioseo_notices":[],"gutentor_comment":0,"rttpg_featured_image_url":{"full":["https:\/\/arantv.az\/wp-content\/uploads\/2019\/04\/746536_11.jpg",1000,562,false],"landscape":["https:\/\/arantv.az\/wp-content\/uploads\/2019\/04\/746536_11.jpg",1000,562,false],"portraits":["https:\/\/arantv.az\/wp-content\/uploads\/2019\/04\/746536_11.jpg",1000,562,false],"thumbnail":["https:\/\/arantv.az\/wp-content\/uploads\/2019\/04\/746536_11-150x150.jpg",150,150,true],"medium":["https:\/\/arantv.az\/wp-content\/uploads\/2019\/04\/746536_11-300x169.jpg",300,169,true],"large":["https:\/\/arantv.az\/wp-content\/uploads\/2019\/04\/746536_11.jpg",640,360,false],"1536x1536":["https:\/\/arantv.az\/wp-content\/uploads\/2019\/04\/746536_11.jpg",1000,562,false],"2048x2048":["https:\/\/arantv.az\/wp-content\/uploads\/2019\/04\/746536_11.jpg",1000,562,false],"post-thumbnail":["https:\/\/arantv.az\/wp-content\/uploads\/2019\/04\/746536_11-240x172.jpg",240,172,true],"advps-thumb-one":["https:\/\/arantv.az\/wp-content\/uploads\/2019\/04\/746536_11.jpg",1000,562,false]},"rttpg_author":{"display_name":"V\u00fcsal Rafiqo\u011flu","author_link":"https:\/\/arantv.az\/?author=2"},"rttpg_comment":0,"rttpg_category":"<a href=\"https:\/\/arantv.az\/?cat=1\" rel=\"category\">C\u0259miyy\u0259t<\/a>","rttpg_excerpt":"Bak\u0131n\u0131n \u0259n iri layih\u0259si &#8220;A\u011f \u015f\u0259h\u0259r&#8221;in realla\u015fd\u0131r\u0131lmas\u0131 tam s\u00fcr\u0259tl\u0259 davam edir. ARANTV.AZ bildirir ki, bunu\u00a0Trend-\u0259 D\u00f6vl\u0259t \u015e\u0259h\u0259rsalma v\u0259 Arxitektura Komit\u0259sinin s\u0259dr m\u00fcavini D\u00f6vl\u0259txan D\u00f6vl\u0259txanov deyib. Onun s\u00f6zl\u0259rin\u0259 g\u00f6r\u0259, 221 hektar \u0259razini \u0259hat\u0259 ed\u0259n &#8220;A\u011f \u015f\u0259h\u0259r&#8221;in h\u00fcdudlar\u0131 Nobel prospekti v\u0259 Yusif S\u0259f\u0259rov k\u00fc\u00e7\u0259si istiqam\u0259tind\u0259n ayd\u0131n g\u00f6r\u00fcn\u00fcr: &#8220;\u018fvv\u0259ll\u0259r s\u0259naye zonas\u0131 hesab olunan bu \u0259razid\u0259 t\u0259mizl\u0259m\u0259, t\u0259krar planla\u015fd\u0131rma,&hellip;","_links":{"self":[{"href":"https:\/\/arantv.az\/index.php?rest_route=\/wp\/v2\/posts\/50551"}],"collection":[{"href":"https:\/\/arantv.az\/index.php?rest_route=\/wp\/v2\/posts"}],"about":[{"href":"https:\/\/arantv.az\/index.php?rest_route=\/wp\/v2\/types\/post"}],"author":[{"embeddable":true,"href":"https:\/\/arantv.az\/index.php?rest_route=\/wp\/v2\/users\/2"}],"replies":[{"embeddable":true,"href":"https:\/\/arantv.az\/index.php?rest_route=%2Fwp%2Fv2%2Fcomments&post=50551"}],"version-history":[{"count":0,"href":"https:\/\/arantv.az\/index.php?rest_route=\/wp\/v2\/posts\/50551\/revisions"}],"wp:featuredmedia":[{"embeddable":true,"href":"https:\/\/arantv.az\/index.php?rest_route=\/wp\/v2\/media\/50552"}],"wp:attachment":[{"href":"https:\/\/arantv.az\/index.php?rest_route=%2Fwp%2Fv2%2Fmedia&parent=50551"}],"wp:term":[{"taxonomy":"category","embeddable":true,"href":"https:\/\/arantv.az\/index.php?rest_route=%2Fwp%2Fv2%2Fcategories&post=50551"},{"taxonomy":"post_tag","embeddable":true,"href":"https:\/\/arantv.az\/index.php?rest_route=%2Fwp%2Fv2%2Ftags&post=50551"}],"curies":[{"name":"wp","href":"https:\/\/api.w.org\/{rel}","templated":true}]}}