{"id":50590,"date":"2019-04-13T08:31:24","date_gmt":"2019-04-13T05:31:24","guid":{"rendered":"http:\/\/arantv.az\/?p=50590"},"modified":"2019-04-13T08:31:24","modified_gmt":"2019-04-13T05:31:24","slug":"mill%c9%99t-v%c9%99kili-avropa-surasini-erm%c9%99nistana-t%c9%99zyiq-gost%c9%99rm%c9%99m%c9%99kd%c9%99-ittiham-etdi","status":"publish","type":"post","link":"https:\/\/arantv.az\/?p=50590","title":{"rendered":"Mill\u0259t v\u0259kili Avropa \u015euras\u0131n\u0131 Erm\u0259nistana t\u0259zyiq g\u00f6st\u0259rm\u0259m\u0259kd\u0259 ittiham etdi"},"content":{"rendered":"<p>Az\u0259rbaycan\u0131n mill\u0259t v\u0259kili Q\u0259nir\u0259 Pa\u015fayeva A\u015e PA-da &#8220;Azad m\u00fczakir\u0259l\u0259r&#8221;d\u0259 Erm\u0259nistan\u0131 Avropa M\u0259hk\u0259m\u0259sinin &#8220;\u00c7\u0131raqov v\u0259 ba\u015fqalar\u0131 Erm\u0259nistana qar\u015f\u0131&#8221; adl\u0131 q\u0259rar\u0131n\u0131, A\u015e PA-n\u0131n 1416 sayl\u0131 q\u0259tnam\u0259sini v\u0259 S\u0259rs\u0259ng su anbar\u0131 il\u0259 ba\u011fl\u0131 q\u0259tnam\u0259sini yerin\u0259 yetirm\u0259m\u0259kd\u0259 v\u0259 Avropa \u015euras\u0131n\u0131 (A\u015e) Erm\u0259nistana t\u0259zyiq g\u00f6st\u0259rm\u0259m\u0259kd\u0259 ittiham edib.<\/p>\n<p><strong>ARANTV.AZ\u00a0<\/strong><span style=\"color: #000000;\">\u00a0<\/span><a href=\"https:\/\/az.trend.az\/\" target=\"_blank\" rel=\"noopener\"><span style=\"color: #000000;\">Trend<\/span><\/a>-\u0259 istinad\u0259n x\u0259b\u0259r verir ki, Azad Demokratlar Qrupunun vitse-prezidenti Q.Pa\u015fayeva \u00e7\u0131x\u0131\u015f\u0131nda deyib ki, Avropa M\u0259hk\u0259m\u0259sinin q\u0259rarlar\u0131 \u00fczv \u00f6lk\u0259l\u0259rd\u0259 icra olunmal\u0131d\u0131r. Amma Erm\u0259nistan\u0131n ke\u00e7mi\u015f r\u0259hb\u0259rliyi Avropa \u0130nsan Haqlar\u0131 M\u0259hk\u0259m\u0259sinin &#8220;\u00c7\u0131raqov v\u0259 ba\u015fqalar\u0131 Erm\u0259nistana qar\u015f\u0131&#8221; adl\u0131 q\u0259rar\u0131n\u0131 yerin\u0259 yetirm\u0259kd\u0259n imtina etdi. \u00d6z evin\u0259 d\u00f6n\u0259 bilm\u0259y\u0259n m\u0259cburi k\u00f6\u00e7k\u00fcnl\u0259rin Avropa M\u0259hk\u0259m\u0259sin\u0259 m\u00fcraci\u0259ti \u0259sas\u0131nda q\u0259bul edilmi\u015f bu q\u0259rar\u0131n yerin\u0259 yetirilm\u0259si \u00fc\u00e7\u00fcn t\u0259\u0259ss\u00fcf ki A\u015e qurumlar\u0131 da ciddi add\u0131mlar atmad\u0131 v\u0259 q\u0259rar\u0131n yerin\u0259 yetirilm\u0259si \u00fc\u00e7\u00fcn Erm\u0259nistan\u0131n sabiq r\u0259hb\u0259rliyin\u0259 he\u00e7 bir ciddi t\u0259zyiq g\u00f6st\u0259rm\u0259dil\u0259r:<\/p>\n<p>&#8220;\u00c7ox t\u0259\u0259ss\u00fcf ki, Erm\u0259nistan\u0131n yeni r\u0259hb\u0259rliyi d\u0259 bu q\u0259rar\u0131 yerin\u0259 yetirm\u0259k \u00fc\u00e7\u00fcn he\u00e7 bir ciddi add\u0131m atm\u0131r. Bu m\u0259s\u0259l\u0259 Avropa \u015euras\u0131 Parlament Assambleyas\u0131n\u0131 ciddi narahat etm\u0259lidir. &#8220;\u00c7\u0131raqov v\u0259 ba\u015fqalar\u0131 Erm\u0259nistana qar\u015f\u0131&#8221; adl\u0131 q\u0259rar\u0131n q\u0259bulundan uzun zaman ke\u00e7ir v\u0259 onun yerin\u0259 yetirilm\u0259si \u00fc\u00e7\u00fcn A\u015e PA, A\u015e qurumlar\u0131 Erm\u0259nistana ciddi t\u0259sir v\u0259 t\u0259zyiql\u0259r g\u00f6st\u0259rm\u0259lidir. Bu m\u0259s\u0259l\u0259l\u0259r\u0259 yana\u015fmada ikili standartlar olmamal\u0131d\u0131r. \u00d6z evin\u0259 d\u00f6n\u0259 bilm\u0259y\u0259n m\u0259cburi k\u00f6\u00e7k\u00fcnl\u0259r A\u015e PA-n\u0131 bu m\u0259s\u0259l\u0259l\u0259rd\u0259 daha h\u0259ssas olma\u011fa \u00e7a\u011f\u0131r\u0131r. Onlar sizi eyni zamanda A\u015e PA-n\u0131n q\u0259bul etdiyi 1416 sayl\u0131 q\u0259tnam\u0259nin yerin\u0259 yetirilm\u0259si istiqam\u0259tind\u0259 d\u0259 Erm\u0259nistana t\u0259zyiq g\u00f6st\u0259rm\u0259y\u0259 \u00e7a\u011f\u0131r\u0131r&#8221;.<\/p>\n<p>Mill\u0259t v\u0259kili vur\u011fulay\u0131b ki, bu q\u0259tnam\u0259nin q\u0259bulundan 10 ild\u0259n \u00e7ox zaman ke\u00e7ir, amma Erm\u0259nistan h\u0259l\u0259 d\u0259 bu q\u0259tnam\u0259ni yerin\u0259 yetirm\u0259kd\u0259n imtina edir v\u0259 az\u0259rbaycanl\u0131 m\u0259cburi k\u00f6\u00e7k\u00fcnl\u0259rin \u00f6z evl\u0259rin\u0259 d\u00f6nm\u0259sin\u0259 imkan vermir:<\/p>\n<p>&#8220;M\u0259n eyni zamanda ba\u015fqa bir vacib m\u0259s\u0259l\u0259ni s\u0259sl\u0259ndirm\u0259k v\u0259 Assambleyam\u0131z\u0131 bu istiqam\u0259td\u0259 d\u0259 ciddi add\u0131mlar atma\u011fa \u00e7a\u011f\u0131r\u0131ram. Bir m\u00fcdd\u0259n \u0259vv\u0259l Assambleyam\u0131z S\u0259rs\u0259ng su anbar\u0131 il\u0259 ba\u011fl\u0131 2085 sayl\u0131 q\u0259tnam\u0259 q\u0259bul etmi\u015fdi. H\u0259min q\u0259tnam\u0259d\u0259 A\u015e PA Erm\u0259nistandan t\u0259l\u0259b edirdi ki, su ehtiyatlar\u0131ndan siyasi t\u0259sir v\u0259 t\u0259zyiq kimi istifad\u0259 etm\u0259y\u0259 son qoysun. Amma Erm\u0259nistan bu g\u00fcn\u0259 q\u0259d\u0259r bu q\u0259tnam\u0259nin d\u0259 h\u0259yata ke\u00e7irilm\u0259si \u00fc\u00e7\u00fcn he\u00e7 bir add\u0131m atm\u0131r v\u0259 on minl\u0259rl\u0259 az\u0259rbaycanl\u0131, \u0259halinin s\u0131x ya\u015fad\u0131\u011f\u0131 bir ne\u00e7\u0259 region bundan ciddi \u0259ziyy\u0259t \u00e7\u0259km\u0259kd\u0259 davam edir. Biz Assambleyan\u0131 \u00e7a\u011f\u0131r\u0131r\u0131q ki, bu m\u0259s\u0259l\u0259y\u0259 d\u0259 daha b\u00f6y\u00fck diqq\u0259t yetirsin, q\u0259bul etdiyi q\u0259tnam\u0259nin yerin\u0259 yetirilm\u0259si istiqam\u0259tind\u0259 daha s\u0259rt mexanizml\u0259r\u0259 \u0259l ats\u0131n v\u0259 onun yerin\u0259 yetirilm\u0259si \u00fc\u00e7\u00fcn Erm\u0259nistana t\u0259zyiq etsin.<\/p>\n<p>Az\u0259rbaycan\u0131n A\u015e PA-dak\u0131 n\u00fcmay\u0259nd\u0259 hey\u0259ti v\u0259 Az\u0259rbaycan\u0131n A\u015e yan\u0131nda Daimi n\u00fcmay\u0259nd\u0259liyi yaz sessiyas\u0131 \u00e7\u0259r\u00e7iv\u0259sind\u0259 i\u015f\u011fal alt\u0131nda olan Az\u0259rbaycan torpaqlar\u0131nda v\u0259ziyy\u0259tl\u0259 ba\u011fl\u0131 t\u0259dbir ke\u00e7irdi v\u0259 d\u0259h\u015f\u0259tli faktlar\u0131 fotolarla t\u0259qdim etdi. Az\u0259rbaycan\u0131n Erm\u0259nistan t\u0259r\u0259find\u0259n i\u015f\u011fal olunmu\u015f \u0259razil\u0259rind\u0259 tarixi-m\u0259d\u0259ni, dini abid\u0259l\u0259rin, q\u0259biristanl\u0131qlar\u0131n da\u011f\u0131d\u0131lmas\u0131na A\u015e PA bigan\u0259 qalmamal\u0131d\u0131r, \u00f6z etiraz s\u0259sini ucaltmal\u0131 v\u0259 bu d\u0259h\u015f\u0259tli v\u0259ziyy\u0259t\u0259 son qoymaq \u00fc\u00e7\u00fcn Erm\u0259nistana t\u0259zyiq etm\u0259lidir. Biz sizi Az\u0259rbaycanla b\u0259rab\u0259r, d\u00fcnya m\u0259d\u0259niyy\u0259tinin d\u0259 bir par\u00e7as\u0131 olan abid\u0259l\u0259rin m\u0259hv edilm\u0259sin\u0259 ciddi etiraz s\u0259sl\u0259rinizi ucaltma\u011fa \u00e7a\u011f\u0131r\u0131r\u0131q. Evl\u0259rin\u0259 d\u00f6n\u0259 bilm\u0259y\u0259n b\u00fct\u00fcn az\u0259rbaycanl\u0131 k\u00f6\u00e7k\u00fcnl\u0259r onlar\u0131n pozulan haqlar\u0131n\u0131n m\u00fcdafi\u0259si istiqam\u0259tind\u0259 sizd\u0259n daha f\u0259al m\u00f6vqe, bu istiqam\u0259td\u0259 s\u0259yl\u0259rinizi daha da art\u0131rma\u011f\u0131n\u0131z\u0131 g\u00f6zl\u0259yirl\u0259r. \u0130nsan haqlar\u0131n\u0131n m\u00fcdafi\u0259si d\u0259y\u0259rl\u0259rinin qorunmas\u0131 prinsipl\u0259ri \u00fcz\u0259rind\u0259 qurulan A\u015e PA o insanlar\u0131n s\u0259sini dinl\u0259m\u0259li v\u0259 onlar\u0131n \u00f6z evl\u0259rin\u0259 d\u00f6n\u0259 bilm\u0259sin\u0259 d\u0259st\u0259k olmal\u0131d\u0131r&#8221;.<\/p>\n","protected":false},"excerpt":{"rendered":"<p>Az\u0259rbaycan\u0131n mill\u0259t v\u0259kili Q\u0259nir\u0259 Pa\u015fayeva A\u015e PA-da &#8220;Azad m\u00fczakir\u0259l\u0259r&#8221;d\u0259 Erm\u0259nistan\u0131 Avropa M\u0259hk\u0259m\u0259sinin &#8220;\u00c7\u0131raqov v\u0259 ba\u015fqalar\u0131 Erm\u0259nistana qar\u015f\u0131&#8221; adl\u0131 q\u0259rar\u0131n\u0131, A\u015e PA-n\u0131n 1416 sayl\u0131 q\u0259tnam\u0259sini v\u0259 S\u0259rs\u0259ng su anbar\u0131 il\u0259 ba\u011fl\u0131 q\u0259tnam\u0259sini yerin\u0259 yetirm\u0259m\u0259kd\u0259 v\u0259 Avropa \u015euras\u0131n\u0131 (A\u015e) Erm\u0259nistana t\u0259zyiq g\u00f6st\u0259rm\u0259m\u0259kd\u0259 ittiham edib. ARANTV.AZ\u00a0\u00a0Trend-\u0259 istinad\u0259n x\u0259b\u0259r verir ki, Azad Demokratlar Qrupunun vitse-prezidenti Q.Pa\u015fayeva \u00e7\u0131x\u0131\u015f\u0131nda deyib ki, Avropa M\u0259hk\u0259m\u0259sinin q\u0259rarlar\u0131 \u00fczv \u00f6lk\u0259l\u0259rd\u0259 icra olunmal\u0131d\u0131r. Amma Erm\u0259nistan\u0131n ke\u00e7mi\u015f r\u0259hb\u0259rliyi Avropa \u0130nsan Haqlar\u0131 M\u0259hk\u0259m\u0259sinin &#8220;\u00c7\u0131raqov v\u0259 ba\u015fqalar\u0131 Erm\u0259nistana qar\u015f\u0131&#8221; adl\u0131 q\u0259rar\u0131n\u0131 yerin\u0259 yetirm\u0259kd\u0259n imtina etdi. \u00d6z evin\u0259 d\u00f6n\u0259 bilm\u0259y\u0259n m\u0259cburi k\u00f6\u00e7k\u00fcnl\u0259rin Avropa M\u0259hk\u0259m\u0259sin\u0259 m\u00fcraci\u0259ti&hellip;<\/p>\n","protected":false},"author":2,"featured_media":50591,"comment_status":"closed","ping_status":"closed","sticky":false,"template":"","format":"standard","meta":{"om_disable_all_campaigns":false,"_monsterinsights_skip_tracking":false,"_monsterinsights_sitenote_active":false,"_monsterinsights_sitenote_note":"","_monsterinsights_sitenote_category":0},"categories":[4],"tags":[],"aioseo_notices":[],"gutentor_comment":0,"rttpg_featured_image_url":{"full":["https:\/\/arantv.az\/wp-content\/uploads\/2019\/04\/746627.jpg",800,600,false],"landscape":["https:\/\/arantv.az\/wp-content\/uploads\/2019\/04\/746627.jpg",800,600,false],"portraits":["https:\/\/arantv.az\/wp-content\/uploads\/2019\/04\/746627.jpg",800,600,false],"thumbnail":["https:\/\/arantv.az\/wp-content\/uploads\/2019\/04\/746627-150x150.jpg",150,150,true],"medium":["https:\/\/arantv.az\/wp-content\/uploads\/2019\/04\/746627-300x225.jpg",300,225,true],"large":["https:\/\/arantv.az\/wp-content\/uploads\/2019\/04\/746627.jpg",640,480,false],"1536x1536":["https:\/\/arantv.az\/wp-content\/uploads\/2019\/04\/746627.jpg",800,600,false],"2048x2048":["https:\/\/arantv.az\/wp-content\/uploads\/2019\/04\/746627.jpg",800,600,false],"post-thumbnail":["https:\/\/arantv.az\/wp-content\/uploads\/2019\/04\/746627-240x172.jpg",240,172,true],"advps-thumb-one":["https:\/\/arantv.az\/wp-content\/uploads\/2019\/04\/746627.jpg",800,600,false]},"rttpg_author":{"display_name":"V\u00fcsal Rafiqo\u011flu","author_link":"https:\/\/arantv.az\/?author=2"},"rttpg_comment":0,"rttpg_category":"<a href=\"https:\/\/arantv.az\/?cat=4\" rel=\"category\">Siyas\u0259t<\/a>","rttpg_excerpt":"Az\u0259rbaycan\u0131n mill\u0259t v\u0259kili Q\u0259nir\u0259 Pa\u015fayeva A\u015e PA-da &#8220;Azad m\u00fczakir\u0259l\u0259r&#8221;d\u0259 Erm\u0259nistan\u0131 Avropa M\u0259hk\u0259m\u0259sinin &#8220;\u00c7\u0131raqov v\u0259 ba\u015fqalar\u0131 Erm\u0259nistana qar\u015f\u0131&#8221; adl\u0131 q\u0259rar\u0131n\u0131, A\u015e PA-n\u0131n 1416 sayl\u0131 q\u0259tnam\u0259sini v\u0259 S\u0259rs\u0259ng su anbar\u0131 il\u0259 ba\u011fl\u0131 q\u0259tnam\u0259sini yerin\u0259 yetirm\u0259m\u0259kd\u0259 v\u0259 Avropa \u015euras\u0131n\u0131 (A\u015e) Erm\u0259nistana t\u0259zyiq g\u00f6st\u0259rm\u0259m\u0259kd\u0259 ittiham edib. ARANTV.AZ\u00a0\u00a0Trend-\u0259 istinad\u0259n x\u0259b\u0259r verir ki, Azad Demokratlar Qrupunun vitse-prezidenti Q.Pa\u015fayeva \u00e7\u0131x\u0131\u015f\u0131nda deyib ki,&hellip;","_links":{"self":[{"href":"https:\/\/arantv.az\/index.php?rest_route=\/wp\/v2\/posts\/50590"}],"collection":[{"href":"https:\/\/arantv.az\/index.php?rest_route=\/wp\/v2\/posts"}],"about":[{"href":"https:\/\/arantv.az\/index.php?rest_route=\/wp\/v2\/types\/post"}],"author":[{"embeddable":true,"href":"https:\/\/arantv.az\/index.php?rest_route=\/wp\/v2\/users\/2"}],"replies":[{"embeddable":true,"href":"https:\/\/arantv.az\/index.php?rest_route=%2Fwp%2Fv2%2Fcomments&post=50590"}],"version-history":[{"count":0,"href":"https:\/\/arantv.az\/index.php?rest_route=\/wp\/v2\/posts\/50590\/revisions"}],"wp:featuredmedia":[{"embeddable":true,"href":"https:\/\/arantv.az\/index.php?rest_route=\/wp\/v2\/media\/50591"}],"wp:attachment":[{"href":"https:\/\/arantv.az\/index.php?rest_route=%2Fwp%2Fv2%2Fmedia&parent=50590"}],"wp:term":[{"taxonomy":"category","embeddable":true,"href":"https:\/\/arantv.az\/index.php?rest_route=%2Fwp%2Fv2%2Fcategories&post=50590"},{"taxonomy":"post_tag","embeddable":true,"href":"https:\/\/arantv.az\/index.php?rest_route=%2Fwp%2Fv2%2Ftags&post=50590"}],"curies":[{"name":"wp","href":"https:\/\/api.w.org\/{rel}","templated":true}]}}