{"id":50593,"date":"2019-04-13T08:35:37","date_gmt":"2019-04-13T05:35:37","guid":{"rendered":"http:\/\/arantv.az\/?p=50593"},"modified":"2019-04-13T08:35:37","modified_gmt":"2019-04-13T05:35:37","slug":"ramil-usubovdan-yeni-t%c9%99yinat-5","status":"publish","type":"post","link":"https:\/\/arantv.az\/?p=50593","title":{"rendered":"Ramil Usubovdan YEN\u0130 T\u018fY\u0130NAT"},"content":{"rendered":"<p>\u015e\u0259mkir rayon Polis \u015f\u00f6b\u0259sind\u0259 yeni t\u0259yinat olub.<\/p>\n<p><b>ARANTV.AZ<\/b>\u00a0 x\u0259b\u0259r verir ki, bu bar\u0259d\u0259 daxili i\u015fl\u0259r naziri, general-polkovnik Ramil Usubov m\u00fcvafiq \u0259mr imzalay\u0131b.<\/p>\n<p>\u018fmr\u0259 \u0259sas\u0259n, polis mayoru \u0130ld\u0131r\u0131m Al\u0131yev \u015e\u0259mkir rayon Polis \u015f\u00f6b\u0259sinin \u015f\u0259xsi hey\u0259t \u00fczr\u0259 r\u0259is m\u00fcavini t\u0259yin edilib.<\/p>\n<p>Qeyd ed\u0259k ki, \u0130.Al\u0131yev bundan \u0259vv\u0259l A\u011fcab\u0259di rayon Polis \u015f\u00f6b\u0259sinin D\u00f6vl\u0259t yol polisi b\u00f6lm\u0259sinin r\u0259isi olub v\u0259 bir m\u00fcdd\u0259t \u0259vv\u0259l v\u0259zif\u0259sind\u0259n azad edilib.Sonxeber.az<\/p>\n","protected":false},"excerpt":{"rendered":"<p>\u015e\u0259mkir rayon Polis \u015f\u00f6b\u0259sind\u0259 yeni t\u0259yinat olub. ARANTV.AZ\u00a0 x\u0259b\u0259r verir ki, bu bar\u0259d\u0259 daxili i\u015fl\u0259r naziri, general-polkovnik Ramil Usubov m\u00fcvafiq \u0259mr imzalay\u0131b. \u018fmr\u0259 \u0259sas\u0259n, polis mayoru \u0130ld\u0131r\u0131m Al\u0131yev \u015e\u0259mkir rayon Polis \u015f\u00f6b\u0259sinin \u015f\u0259xsi hey\u0259t \u00fczr\u0259 r\u0259is m\u00fcavini t\u0259yin edilib. Qeyd ed\u0259k ki, \u0130.Al\u0131yev bundan \u0259vv\u0259l A\u011fcab\u0259di rayon Polis \u015f\u00f6b\u0259sinin D\u00f6vl\u0259t yol polisi b\u00f6lm\u0259sinin r\u0259isi olub v\u0259 bir m\u00fcdd\u0259t \u0259vv\u0259l v\u0259zif\u0259sind\u0259n azad edilib.Sonxeber.az<\/p>\n","protected":false},"author":2,"featured_media":50594,"comment_status":"closed","ping_status":"closed","sticky":false,"template":"","format":"standard","meta":{"om_disable_all_campaigns":false,"_monsterinsights_skip_tracking":false,"_monsterinsights_sitenote_active":false,"_monsterinsights_sitenote_note":"","_monsterinsights_sitenote_category":0},"categories":[1],"tags":[],"aioseo_notices":[],"gutentor_comment":0,"rttpg_featured_image_url":{"full":["https:\/\/arantv.az\/wp-content\/uploads\/2019\/04\/15550758881550931234.ramil_.jpg",549,366,false],"landscape":["https:\/\/arantv.az\/wp-content\/uploads\/2019\/04\/15550758881550931234.ramil_.jpg",549,366,false],"portraits":["https:\/\/arantv.az\/wp-content\/uploads\/2019\/04\/15550758881550931234.ramil_.jpg",549,366,false],"thumbnail":["https:\/\/arantv.az\/wp-content\/uploads\/2019\/04\/15550758881550931234.ramil_-150x150.jpg",150,150,true],"medium":["https:\/\/arantv.az\/wp-content\/uploads\/2019\/04\/15550758881550931234.ramil_-300x200.jpg",300,200,true],"large":["https:\/\/arantv.az\/wp-content\/uploads\/2019\/04\/15550758881550931234.ramil_.jpg",549,366,false],"1536x1536":["https:\/\/arantv.az\/wp-content\/uploads\/2019\/04\/15550758881550931234.ramil_.jpg",549,366,false],"2048x2048":["https:\/\/arantv.az\/wp-content\/uploads\/2019\/04\/15550758881550931234.ramil_.jpg",549,366,false],"post-thumbnail":["https:\/\/arantv.az\/wp-content\/uploads\/2019\/04\/15550758881550931234.ramil_-240x172.jpg",240,172,true],"advps-thumb-one":["https:\/\/arantv.az\/wp-content\/uploads\/2019\/04\/15550758881550931234.ramil_.jpg",549,366,false]},"rttpg_author":{"display_name":"V\u00fcsal Rafiqo\u011flu","author_link":"https:\/\/arantv.az\/?author=2"},"rttpg_comment":0,"rttpg_category":"<a href=\"https:\/\/arantv.az\/?cat=1\" rel=\"category\">C\u0259miyy\u0259t<\/a>","rttpg_excerpt":"\u015e\u0259mkir rayon Polis \u015f\u00f6b\u0259sind\u0259 yeni t\u0259yinat olub. ARANTV.AZ\u00a0 x\u0259b\u0259r verir ki, bu bar\u0259d\u0259 daxili i\u015fl\u0259r naziri, general-polkovnik Ramil Usubov m\u00fcvafiq \u0259mr imzalay\u0131b. \u018fmr\u0259 \u0259sas\u0259n, polis mayoru \u0130ld\u0131r\u0131m Al\u0131yev \u015e\u0259mkir rayon Polis \u015f\u00f6b\u0259sinin \u015f\u0259xsi hey\u0259t \u00fczr\u0259 r\u0259is m\u00fcavini t\u0259yin edilib. Qeyd ed\u0259k ki, \u0130.Al\u0131yev bundan \u0259vv\u0259l A\u011fcab\u0259di rayon Polis \u015f\u00f6b\u0259sinin D\u00f6vl\u0259t yol polisi b\u00f6lm\u0259sinin r\u0259isi olub&hellip;","_links":{"self":[{"href":"https:\/\/arantv.az\/index.php?rest_route=\/wp\/v2\/posts\/50593"}],"collection":[{"href":"https:\/\/arantv.az\/index.php?rest_route=\/wp\/v2\/posts"}],"about":[{"href":"https:\/\/arantv.az\/index.php?rest_route=\/wp\/v2\/types\/post"}],"author":[{"embeddable":true,"href":"https:\/\/arantv.az\/index.php?rest_route=\/wp\/v2\/users\/2"}],"replies":[{"embeddable":true,"href":"https:\/\/arantv.az\/index.php?rest_route=%2Fwp%2Fv2%2Fcomments&post=50593"}],"version-history":[{"count":0,"href":"https:\/\/arantv.az\/index.php?rest_route=\/wp\/v2\/posts\/50593\/revisions"}],"wp:featuredmedia":[{"embeddable":true,"href":"https:\/\/arantv.az\/index.php?rest_route=\/wp\/v2\/media\/50594"}],"wp:attachment":[{"href":"https:\/\/arantv.az\/index.php?rest_route=%2Fwp%2Fv2%2Fmedia&parent=50593"}],"wp:term":[{"taxonomy":"category","embeddable":true,"href":"https:\/\/arantv.az\/index.php?rest_route=%2Fwp%2Fv2%2Fcategories&post=50593"},{"taxonomy":"post_tag","embeddable":true,"href":"https:\/\/arantv.az\/index.php?rest_route=%2Fwp%2Fv2%2Ftags&post=50593"}],"curies":[{"name":"wp","href":"https:\/\/api.w.org\/{rel}","templated":true}]}}