{"id":50618,"date":"2019-04-13T11:02:48","date_gmt":"2019-04-13T08:02:48","guid":{"rendered":"http:\/\/arantv.az\/?p=50618"},"modified":"2019-04-13T11:02:48","modified_gmt":"2019-04-13T08:02:48","slug":"baki-metrosunda-qatarlar-arasinda-intervallar-azalacaq-qatarlarin-h%c9%99r%c9%99k%c9%99t-sur%c9%99ti-artacaq","status":"publish","type":"post","link":"https:\/\/arantv.az\/?p=50618","title":{"rendered":"Bak\u0131 metrosunda qatarlar aras\u0131nda intervallar azalacaq, qatarlar\u0131n h\u0259r\u0259k\u0259t s\u00fcr\u0259ti artacaq"},"content":{"rendered":"<p><strong>Bu g\u00fcn Fransan\u0131n &#8220;Thales&#8221; \u015firk\u0259tinin Bak\u0131 Metropoliteninin B\u0259n\u00f6v\u015f\u0259yi x\u0259tti \u00fc\u00e7\u00fcn n\u0259z\u0259rd\u0259 tutulmu\u015f m\u00fcasir sisteml\u0259rinin t\u0259qdim etm\u0259 m\u0259rasimi ke\u00e7irilib.<\/strong><\/p>\n<p><a href=\"https:\/\/az.trend.az\/\" target=\"_blank\" rel=\"noopener\"><span style=\"color: #000000;\"><strong>ARANTV.AZ<\/strong> Trend<\/span><\/a>-\u0259 istinad\u0259n x\u0259b\u0259r verir ki, Bak\u0131 Metropolitenind\u0259 t\u0259tbiq edil\u0259n yeni siteml\u0259rl\u0259 ba\u011fl\u0131 t\u0259qdimat\u0131 &#8220;Thales&#8221; \u015firk\u0259tinin Az\u0259rbaycan n\u00fcmay\u0259nd\u0259liyinin r\u0259hb\u0259ri Mehmet \u015eahan, texniki direktoru Mixail Malinovski apar\u0131blar.<\/p>\n<p>T\u0259qdimat \u0259snas\u0131nda &#8220;Bak\u0131 Metropoliteni&#8221; QSC-nin i\u015far\u0259verm\u0259 v\u0259 rabit\u0259 xidm\u0259tinin r\u0259isi El\u00e7in M\u0259mm\u0259dov v\u0259 ba\u015f m\u00fch\u0259ndis F\u0259xr\u0259ddin \u018fmirov da yeni v\u0259 m\u00f6vcud sisteml\u0259rin m\u00fcqayis\u0259li t\u0259hlilini veribl\u0259r. H\u0259m\u00e7inin &#8220;Thales&#8221;in Toronto v\u0259 \u0130stanbul m\u0259rk\u0259zl\u0259rind\u0259 t\u0259lim ke\u00e7mi\u015f m\u00fct\u0259x\u0259ssisl\u0259r &#8211; R\u00fcf\u0259t S\u0259m\u0259dov, \u015eahin V\u0259liyev, R\u00fcst\u0259m M\u0259h\u0259rr\u0259mov, Taleh M\u0259mm\u0259dov v\u0259 Nadir Osmanov \u0259ld\u0259 etdikl\u0259ri t\u0259cr\u00fcb\u0259, apard\u0131qlar\u0131 m\u00fc\u015fahid\u0259l\u0259r \u0259sas\u0131nda yeni sisteml\u0259rin \u00fcst\u00fcnl\u00fckl\u0259rind\u0259n b\u0259hs edibl\u0259r.<\/p>\n<p>T\u0259qdimatda bildirilib ki, haz\u0131rda x\u0259tl\u0259rinin say\u0131 3, stansiyalar\u0131n\u0131n say\u0131 25, x\u0259tl\u0259rinin uzunlu\u011fu 36,6 km olan Bak\u0131 Metropoliteni uzunlu\u011fu 119,1 km-\u0259 \u00e7atan v\u0259 76 stansiyan\u0131 \u0259hat\u0259 ed\u0259n 5 x\u0259td\u0259n ibar\u0259t \u015f\u0259b\u0259k\u0259y\u0259 \u00e7evril\u0259c\u0259k. M\u00fcst\u0259qillik d\u00f6vr\u00fcnd\u0259 istifad\u0259y\u0259 veril\u0259n ilk x\u0259td\u0259 v\u0259 onun f\u0259aliyy\u0259td\u0259 olan 2 stansiyas\u0131nda \u0259n m\u00fcasir sisteml\u0259r t\u0259tbiq olunur v\u0259 bu proses davaml\u0131 olaraq inki\u015faf etdirilir.<\/p>\n<p>M.Malinovski qeyd edib ki, &#8220;Thales&#8221; metropolitenl\u0259rd\u0259 t\u0259tbiq edil\u0259n m\u00fcasir avtomatla\u015fd\u0131rma sisteml\u0259rinin inki\u015faf etdirilm\u0259si v\u0259 t\u0259tbiqi sah\u0259sind\u0259 d\u00fcnya liderl\u0259rind\u0259ndir. H\u0259l\u0259 2014-c\u00fc il may\u0131n 12-d\u0259 Fransa Prezidenti Fransua Olland\u0131n Bak\u0131ya r\u0259smi s\u0259f\u0259ri \u00e7\u0259r\u00e7iv\u0259sind\u0259 ke\u00e7irilmi\u015f Az\u0259rbaycan-Fransa iqtisadi forumunda &#8220;Bak\u0131 Metropoliteni&#8221; QSC il\u0259 &#8220;Thales&#8221; \u015firk\u0259ti aras\u0131nda ilkin ara\u015fd\u0131rmalar\u0131n apar\u0131lmas\u0131na dair anla\u015fma memorandumuna \u0259sas\u0259n i\u015fl\u0259r\u0259 ba\u015flan\u0131b, u\u011furlu n\u0259tic\u0259l\u0259r \u0259ld\u0259 olunub.<\/p>\n<p>M.\u015eahan is\u0259 Bak\u0131 Metropolitenind\u0259 t\u0259tbiq edil\u0259c\u0259k yenilikl\u0259rd\u0259n b\u0259hs ed\u0259rk\u0259n bildirib ki, sistemin m\u0259rh\u0259l\u0259l\u0259rl\u0259 qura\u015fd\u0131r\u0131lmas\u0131 B\u0259n\u00f6v\u015f\u0259yi x\u0259ttin istismara verildiyi d\u00f6vrd\u0259 ba\u015flan\u0131l\u0131b. G\u0259l\u0259c\u0259kd\u0259 is\u0259 metropolitenin b\u00fct\u00fcn infrastrukturunun SCADA sisteml\u0259rin\u0259 ke\u00e7ilm\u0259si t\u0259min edil\u0259c\u0259k:<\/p>\n<div id=\"AdviadNativeVideo0\" class=\"AdviadNativeVideo\">\n<div class=\"adviad-inboard\">\n<div>\n<div class=\"adviad-ui-components-credits\">\n<div id=\"NMCallButton-box\">\n<div class=\"NMCall-left\"><\/div>\n<div><\/div>\n<\/div>\n<div><\/div>\n<\/div>\n<\/div>\n<\/div>\n<\/div>\n<p>&#8220;Haz\u0131rda B\u0259n\u00f6v\u015f\u0259yi x\u0259td\u0259 &#8220;Thales&#8221; \u015firk\u0259tinin 4 sistemi qura\u015fd\u0131r\u0131l\u0131r. Bunlar qatarlar\u0131n h\u0259r\u0259k\u0259tin\u0259 n\u0259zar\u0259ti t\u0259min ed\u0259n mikroprosessor sistemi, B\u0259n\u00f6v\u015f\u0259yi x\u0259td\u0259 ba\u015flayan, lakin g\u0259l\u0259c\u0259kd\u0259 b\u00fct\u00fcn metropoliteni \u0259hat\u0259 ed\u0259c\u0259k dispet\u00e7er idar\u0259etm\u0259si, qatar dispet\u00e7eri il\u0259 ma\u015finist rabit\u0259sini t\u0259min ed\u0259n &#8220;Tetra&#8221; radiorabit\u0259 sistemi, m\u00fch\u0259ndis-texniki qur\u011fular\u0131 v\u0259 eskalatorlar\u0131n idar\u0259 edilm\u0259sini t\u0259min ed\u0259n sistem v\u0259 avadanl\u0131qlard\u0131r. Art\u0131q mikroprosessor idar\u0259etm\u0259si v\u0259 &#8220;Tetra&#8221; rabit\u0259 sistemi x\u0259td\u0259 f\u0259aliyy\u0259t g\u00f6st\u0259rir. Bak\u0131 Metropoliteninin m\u00f6vcud Ya\u015f\u0131l v\u0259 Q\u0131rm\u0131z\u0131 x\u0259tl\u0259rind\u0259 qatarlar\u0131n h\u0259r\u0259k\u0259tini SAT-AL\u0130 (s\u00fcr\u0259ti avtomatik t\u0259nziml\u0259nm\u0259, avtomatik lokomotiv idar\u0259etm\u0259) sisteml\u0259ri \u0259sas\u0131nda h\u0259yata ke\u00e7irilir. Lakin texnoloji inki\u015faf\u0131n son m\u0259hsulu say\u0131lan CBTC v\u0259 yaxud qatarlar\u0131n radiodal\u011falarla idar\u0259 edilm\u0259si sisteml\u0259ri B\u0259n\u00f6v\u015f\u0259yi x\u0259td\u0259n ba\u015flamaqla Bak\u0131 Metropolitenind\u0259 tam f\u0259rqli eran\u0131n \u0259vv\u0259li olacaq. Bununla qatarlar\u0131n h\u0259r\u0259k\u0259t t\u0259hl\u00fck\u0259sizliyi \u0259n y\u00fcks\u0259k h\u0259dd\u0259 \u00e7atd\u0131r\u0131lacaq, avadanl\u0131q v\u0259 qur\u011fular\u0131n, el\u0259c\u0259 d\u0259 qatarlar aras\u0131nda intervallar\u0131n azalmas\u0131na, elektrik enerjisin\u0259 q\u0259na\u0259t olunmas\u0131na, qatarlar\u0131n h\u0259r\u0259k\u0259t s\u00fcr\u0259tinin artmas\u0131na, onlar\u0131n daha r\u0259van s\u00fcr\u0259t y\u0131\u011f\u0131b dayanmas\u0131na v\u0259 dig\u0259r \u0259sasl\u0131 t\u0259sirl\u0259ri d\u0259 n\u0259z\u0259r\u0259 almaqla s\u0259rni\u015finl\u0259rin rahatl\u0131\u011f\u0131n\u0131n art\u0131r\u0131lmas\u0131na nail olunacaq&#8221;.<\/p>\n<p>O \u0259lav\u0259 edib ki, 2019-cu il mart\u0131n 11-d\u0259 Az\u0259rbaycan\u0131n Birinci vitse-prezidenti Mehriban \u018fliyevan\u0131n Fransaya s\u0259f\u0259ri \u00e7\u0259r\u00e7iv\u0259sind\u0259 imzalanm\u0131\u015f Az\u0259rbaycan-Fransa s\u0259n\u0259dl\u0259rind\u0259n ikisi Bak\u0131 Metropoliteninin yax\u0131n ill\u0259rd\u0259ki inki\u015faf\u0131n\u0131 \u0259hat\u0259 edir. \u018fm\u0259liyyat N\u0259zar\u0259ti M\u0259rk\u0259zinin yarad\u0131lmas\u0131 il\u0259 ba\u011fl\u0131 m\u00fcqavil\u0259 dispet\u00e7er idar\u0259etm\u0259sinin qurulmas\u0131n\u0131 t\u0259min ed\u0259c\u0259k. Eyni zamanda, &#8220;Xocas\u0259n&#8221; deposunun i\u015far\u0259verm\u0259 v\u0259 telekommunikasiya sisteminin realla\u015fd\u0131r\u0131lmas\u0131 istiqam\u0259tind\u0259 i\u015fl\u0259r apar\u0131lacaq. Bununla yana\u015f\u0131, haz\u0131rda Bak\u0131 Metropoliteninin Q\u0131rm\u0131z\u0131 v\u0259 Ya\u015f\u0131l x\u0259tl\u0259rinin avtomatla\u015fd\u0131rma sisteml\u0259rinin yenil\u0259nm\u0259si istiqam\u0259tind\u0259 d\u0259 ilk \u0259h\u0259miyy\u0259tli add\u0131mlar at\u0131l\u0131r.<\/p>\n<p>T\u0259qdimat i\u015ftirak\u00e7\u0131lar\u0131 daha sonra yeni sisteml\u0259rin qura\u015fd\u0131rma i\u015fl\u0259rinin apar\u0131ld\u0131\u011f\u0131 &#8220;N\u0259rimanov&#8221; elektrik deposu il\u0259 tan\u0131\u015f olub. Media n\u00fcmay\u0259nd\u0259l\u0259rin\u0259 &#8220;ox say\u011fac\u0131&#8221; bazas\u0131nda yeni sistemin qura\u015fd\u0131r\u0131lmas\u0131 istqam\u0259tind\u0259 \u0259h\u0259miyy\u0259tli i\u015fl\u0259r bar\u0259d\u0259 m\u0259lumat verilib. Qeyd olunub ki, orijinal m\u00fch\u0259ndis layih\u0259 h\u0259lli il\u0259 se\u00e7il\u0259n yeni m\u0259rk\u0259zl\u0259\u015fm\u0259 m\u0259nt\u0259q\u0259si in\u015fa olunur v\u0259 \u0259n m\u00fcasir avadanl\u0131qlarla t\u0259chiz edilir.<\/p>\n<p>Sonda M.Malinovski onu da x\u00fcsusi vur\u011fulay\u0131b ki, yeni sisteml\u0259rin idar\u0259 edilm\u0259si il\u0259 ba\u011fl\u0131 kadr potensial\u0131n\u0131n art\u0131r\u0131lmas\u0131 istiqam\u0259tind\u0259 d\u0259 m\u00fch\u00fcm add\u0131mlar at\u0131l\u0131r. 2018-ci ild\u0259 &#8220;Bak\u0131 Metropoliteni&#8221; QSC v\u0259 &#8220;Thales&#8221; \u015firk\u0259tinin i\u015ftirak\u0131 il\u0259 Fransa-Az\u0259rbaycan Universitetinin (UFAZ) komp\u00fcter f\u0259nn fakult\u0259si \u0259sas\u0131nda n\u0259qliyyatda avtomatla\u015fd\u0131rma v\u0259 kompyuter texnologiyas\u0131 t\u0259tbiqi \u00fczr\u0259 t\u0259lim kursu a\u00e7\u0131l\u0131b. T\u0259dris prosesinin praktiki hiss\u0259si Bak\u0131 Metropoliteninin istehsalat sah\u0259l\u0259rind\u0259 apar\u0131l\u0131r.<\/p>\n","protected":false},"excerpt":{"rendered":"<p>Bu g\u00fcn Fransan\u0131n &#8220;Thales&#8221; \u015firk\u0259tinin Bak\u0131 Metropoliteninin B\u0259n\u00f6v\u015f\u0259yi x\u0259tti \u00fc\u00e7\u00fcn n\u0259z\u0259rd\u0259 tutulmu\u015f m\u00fcasir sisteml\u0259rinin t\u0259qdim etm\u0259 m\u0259rasimi ke\u00e7irilib. ARANTV.AZ Trend-\u0259 istinad\u0259n x\u0259b\u0259r verir ki, Bak\u0131 Metropolitenind\u0259 t\u0259tbiq edil\u0259n yeni siteml\u0259rl\u0259 ba\u011fl\u0131 t\u0259qdimat\u0131 &#8220;Thales&#8221; \u015firk\u0259tinin Az\u0259rbaycan n\u00fcmay\u0259nd\u0259liyinin r\u0259hb\u0259ri Mehmet \u015eahan, texniki direktoru Mixail Malinovski apar\u0131blar. T\u0259qdimat \u0259snas\u0131nda &#8220;Bak\u0131 Metropoliteni&#8221; QSC-nin i\u015far\u0259verm\u0259 v\u0259 rabit\u0259 xidm\u0259tinin r\u0259isi El\u00e7in M\u0259mm\u0259dov v\u0259 ba\u015f m\u00fch\u0259ndis F\u0259xr\u0259ddin \u018fmirov da yeni v\u0259 m\u00f6vcud sisteml\u0259rin m\u00fcqayis\u0259li t\u0259hlilini veribl\u0259r. H\u0259m\u00e7inin &#8220;Thales&#8221;in Toronto v\u0259 \u0130stanbul m\u0259rk\u0259zl\u0259rind\u0259 t\u0259lim ke\u00e7mi\u015f m\u00fct\u0259x\u0259ssisl\u0259r &#8211; R\u00fcf\u0259t S\u0259m\u0259dov, \u015eahin V\u0259liyev, R\u00fcst\u0259m M\u0259h\u0259rr\u0259mov, Taleh M\u0259mm\u0259dov v\u0259 Nadir Osmanov&hellip;<\/p>\n","protected":false},"author":2,"featured_media":50619,"comment_status":"closed","ping_status":"closed","sticky":false,"template":"","format":"standard","meta":{"om_disable_all_campaigns":false,"_monsterinsights_skip_tracking":false,"_monsterinsights_sitenote_active":false,"_monsterinsights_sitenote_note":"","_monsterinsights_sitenote_category":0},"categories":[1],"tags":[],"aioseo_notices":[],"gutentor_comment":0,"rttpg_featured_image_url":{"full":["https:\/\/arantv.az\/wp-content\/uploads\/2019\/04\/746669.jpg",600,450,false],"landscape":["https:\/\/arantv.az\/wp-content\/uploads\/2019\/04\/746669.jpg",600,450,false],"portraits":["https:\/\/arantv.az\/wp-content\/uploads\/2019\/04\/746669.jpg",600,450,false],"thumbnail":["https:\/\/arantv.az\/wp-content\/uploads\/2019\/04\/746669-150x150.jpg",150,150,true],"medium":["https:\/\/arantv.az\/wp-content\/uploads\/2019\/04\/746669-300x225.jpg",300,225,true],"large":["https:\/\/arantv.az\/wp-content\/uploads\/2019\/04\/746669.jpg",600,450,false],"1536x1536":["https:\/\/arantv.az\/wp-content\/uploads\/2019\/04\/746669.jpg",600,450,false],"2048x2048":["https:\/\/arantv.az\/wp-content\/uploads\/2019\/04\/746669.jpg",600,450,false],"post-thumbnail":["https:\/\/arantv.az\/wp-content\/uploads\/2019\/04\/746669-240x172.jpg",240,172,true],"advps-thumb-one":["https:\/\/arantv.az\/wp-content\/uploads\/2019\/04\/746669.jpg",600,450,false]},"rttpg_author":{"display_name":"V\u00fcsal Rafiqo\u011flu","author_link":"https:\/\/arantv.az\/?author=2"},"rttpg_comment":0,"rttpg_category":"<a href=\"https:\/\/arantv.az\/?cat=1\" rel=\"category\">C\u0259miyy\u0259t<\/a>","rttpg_excerpt":"Bu g\u00fcn Fransan\u0131n &#8220;Thales&#8221; \u015firk\u0259tinin Bak\u0131 Metropoliteninin B\u0259n\u00f6v\u015f\u0259yi x\u0259tti \u00fc\u00e7\u00fcn n\u0259z\u0259rd\u0259 tutulmu\u015f m\u00fcasir sisteml\u0259rinin t\u0259qdim etm\u0259 m\u0259rasimi ke\u00e7irilib. ARANTV.AZ Trend-\u0259 istinad\u0259n x\u0259b\u0259r verir ki, Bak\u0131 Metropolitenind\u0259 t\u0259tbiq edil\u0259n yeni siteml\u0259rl\u0259 ba\u011fl\u0131 t\u0259qdimat\u0131 &#8220;Thales&#8221; \u015firk\u0259tinin Az\u0259rbaycan n\u00fcmay\u0259nd\u0259liyinin r\u0259hb\u0259ri Mehmet \u015eahan, texniki direktoru Mixail Malinovski apar\u0131blar. T\u0259qdimat \u0259snas\u0131nda &#8220;Bak\u0131 Metropoliteni&#8221; QSC-nin i\u015far\u0259verm\u0259 v\u0259 rabit\u0259 xidm\u0259tinin r\u0259isi El\u00e7in&hellip;","_links":{"self":[{"href":"https:\/\/arantv.az\/index.php?rest_route=\/wp\/v2\/posts\/50618"}],"collection":[{"href":"https:\/\/arantv.az\/index.php?rest_route=\/wp\/v2\/posts"}],"about":[{"href":"https:\/\/arantv.az\/index.php?rest_route=\/wp\/v2\/types\/post"}],"author":[{"embeddable":true,"href":"https:\/\/arantv.az\/index.php?rest_route=\/wp\/v2\/users\/2"}],"replies":[{"embeddable":true,"href":"https:\/\/arantv.az\/index.php?rest_route=%2Fwp%2Fv2%2Fcomments&post=50618"}],"version-history":[{"count":0,"href":"https:\/\/arantv.az\/index.php?rest_route=\/wp\/v2\/posts\/50618\/revisions"}],"wp:featuredmedia":[{"embeddable":true,"href":"https:\/\/arantv.az\/index.php?rest_route=\/wp\/v2\/media\/50619"}],"wp:attachment":[{"href":"https:\/\/arantv.az\/index.php?rest_route=%2Fwp%2Fv2%2Fmedia&parent=50618"}],"wp:term":[{"taxonomy":"category","embeddable":true,"href":"https:\/\/arantv.az\/index.php?rest_route=%2Fwp%2Fv2%2Fcategories&post=50618"},{"taxonomy":"post_tag","embeddable":true,"href":"https:\/\/arantv.az\/index.php?rest_route=%2Fwp%2Fv2%2Ftags&post=50618"}],"curies":[{"name":"wp","href":"https:\/\/api.w.org\/{rel}","templated":true}]}}