{"id":50621,"date":"2019-04-13T11:03:51","date_gmt":"2019-04-13T08:03:51","guid":{"rendered":"http:\/\/arantv.az\/?p=50621"},"modified":"2019-04-13T11:03:51","modified_gmt":"2019-04-13T08:03:51","slug":"nazir-umumdunya-irs-komit%c9%99sinin-bakida-keciril%c9%99c%c9%99k-iclasina-3-mind%c9%99n-cox-qonaq-qatilacaq","status":"publish","type":"post","link":"https:\/\/arantv.az\/?p=50621","title":{"rendered":"Nazir: &#8220;\u00dcmumd\u00fcnya \u0130rs Komit\u0259sinin Bak\u0131da ke\u00e7iril\u0259c\u0259k iclas\u0131na 3 mind\u0259n \u00e7ox qonaq qat\u0131lacaq&#8221;"},"content":{"rendered":"<blockquote><p><em><strong>2019-cu il iyunun 30-dan iyulun 10-d\u0259k Bak\u0131da ke\u00e7iril\u0259c\u0259k YUNESKO-nun \u00dcmumd\u00fcnya \u0130rs Komit\u0259sinin 43-c\u00fc sessiyas\u0131nda i\u015ftirak etm\u0259k \u00fc\u00e7\u00fcn Az\u0259rbaycana m\u00fcxt\u0259lif \u00f6lk\u0259l\u0259rin 3 mind\u0259n art\u0131q n\u00fcmay\u0259nd\u0259si g\u0259l\u0259c\u0259k.<\/strong><\/em><\/p><\/blockquote>\n<p><strong>ARANTV.AZ\u00a0\u00a0<\/strong><a href=\"https:\/\/az.trend.az\/\" target=\"_blank\" rel=\"noopener\"><span style=\"color: #000000;\">Trend<\/span><\/a>-\u0259 istinad\u0259n x\u0259b\u0259r verir ki, bunu Ekologiya v\u0259 T\u0259bii S\u0259rv\u0259tl\u0259r Nazirliyinin &#8220;Bu yaz \u00f6z\u00fcn bir t\u0259bi\u0259t yarat&#8221; devizi \u0259sas\u0131nda ba\u015flad\u0131lan yaz a\u011fac\u0259km\u0259 kampaniyas\u0131 \u00e7\u0259r\u00e7iv\u0259sind\u0259 Qobustan D\u00f6vl\u0259t Tarix-B\u0259dii Qoru\u011funda ke\u00e7iril\u0259n k\u00fctl\u0259vi a\u011fac\u0259km\u0259 aksiyas\u0131nda m\u0259d\u0259niyy\u0259t naziri \u018fb\u00fclf\u0259s Qarayev deyib.<\/p>\n<p>Nazir bildirib ki, Az\u0259rbaycan \u00dcmumd\u00fcnya \u0130rs Komit\u0259sinin 43-c\u00fc iclas\u0131na s\u0259drlik ed\u0259c\u0259k:<\/p>\n<p>&#8220;Qeyd edim ki, D\u00fcnya \u0130rsi Siyah\u0131s\u0131nda milli s\u0259rv\u0259timiz olan Qobustan qoru\u011funun da \u00f6z yeri var v\u0259 Az\u0259rbaycana s\u0259f\u0259r ed\u0259c\u0259k 3 min n\u0259f\u0259rd\u0259n ibar\u0259t n\u00fcmay\u0259nd\u0259 hey\u0259tl\u0259rinin d\u0259 Qobustan qoru\u011funa s\u0259f\u0259ri n\u0259z\u0259rd\u0259 tutulub&#8221;.<\/p>\n<p>\u018f.Qarayev qeyd edib ki, 10 g\u00fcn davam ed\u0259c\u0259k t\u0259dbir zaman\u0131 Az\u0259rbaycan d\u00fcnya ictimaiyy\u0259tinin diqq\u0259t m\u0259rk\u0259zind\u0259 olacaq.<\/p>\n","protected":false},"excerpt":{"rendered":"<p>2019-cu il iyunun 30-dan iyulun 10-d\u0259k Bak\u0131da ke\u00e7iril\u0259c\u0259k YUNESKO-nun \u00dcmumd\u00fcnya \u0130rs Komit\u0259sinin 43-c\u00fc sessiyas\u0131nda i\u015ftirak etm\u0259k \u00fc\u00e7\u00fcn Az\u0259rbaycana m\u00fcxt\u0259lif \u00f6lk\u0259l\u0259rin 3 mind\u0259n art\u0131q n\u00fcmay\u0259nd\u0259si g\u0259l\u0259c\u0259k. ARANTV.AZ\u00a0\u00a0Trend-\u0259 istinad\u0259n x\u0259b\u0259r verir ki, bunu Ekologiya v\u0259 T\u0259bii S\u0259rv\u0259tl\u0259r Nazirliyinin &#8220;Bu yaz \u00f6z\u00fcn bir t\u0259bi\u0259t yarat&#8221; devizi \u0259sas\u0131nda ba\u015flad\u0131lan yaz a\u011fac\u0259km\u0259 kampaniyas\u0131 \u00e7\u0259r\u00e7iv\u0259sind\u0259 Qobustan D\u00f6vl\u0259t Tarix-B\u0259dii Qoru\u011funda ke\u00e7iril\u0259n k\u00fctl\u0259vi a\u011fac\u0259km\u0259 aksiyas\u0131nda m\u0259d\u0259niyy\u0259t naziri \u018fb\u00fclf\u0259s Qarayev deyib. Nazir bildirib ki, Az\u0259rbaycan \u00dcmumd\u00fcnya \u0130rs Komit\u0259sinin 43-c\u00fc iclas\u0131na s\u0259drlik ed\u0259c\u0259k: &#8220;Qeyd edim ki, D\u00fcnya \u0130rsi Siyah\u0131s\u0131nda milli s\u0259rv\u0259timiz olan Qobustan qoru\u011funun da \u00f6z yeri var v\u0259 Az\u0259rbaycana&hellip;<\/p>\n","protected":false},"author":2,"featured_media":50622,"comment_status":"closed","ping_status":"closed","sticky":false,"template":"","format":"standard","meta":{"om_disable_all_campaigns":false,"_monsterinsights_skip_tracking":false,"_monsterinsights_sitenote_active":false,"_monsterinsights_sitenote_note":"","_monsterinsights_sitenote_category":0},"categories":[1],"tags":[],"aioseo_notices":[],"gutentor_comment":0,"rttpg_featured_image_url":{"full":["https:\/\/arantv.az\/wp-content\/uploads\/2019\/04\/746665.jpg",800,600,false],"landscape":["https:\/\/arantv.az\/wp-content\/uploads\/2019\/04\/746665.jpg",800,600,false],"portraits":["https:\/\/arantv.az\/wp-content\/uploads\/2019\/04\/746665.jpg",800,600,false],"thumbnail":["https:\/\/arantv.az\/wp-content\/uploads\/2019\/04\/746665-150x150.jpg",150,150,true],"medium":["https:\/\/arantv.az\/wp-content\/uploads\/2019\/04\/746665-300x225.jpg",300,225,true],"large":["https:\/\/arantv.az\/wp-content\/uploads\/2019\/04\/746665.jpg",640,480,false],"1536x1536":["https:\/\/arantv.az\/wp-content\/uploads\/2019\/04\/746665.jpg",800,600,false],"2048x2048":["https:\/\/arantv.az\/wp-content\/uploads\/2019\/04\/746665.jpg",800,600,false],"post-thumbnail":["https:\/\/arantv.az\/wp-content\/uploads\/2019\/04\/746665-240x172.jpg",240,172,true],"advps-thumb-one":["https:\/\/arantv.az\/wp-content\/uploads\/2019\/04\/746665.jpg",800,600,false]},"rttpg_author":{"display_name":"V\u00fcsal Rafiqo\u011flu","author_link":"https:\/\/arantv.az\/?author=2"},"rttpg_comment":0,"rttpg_category":"<a href=\"https:\/\/arantv.az\/?cat=1\" rel=\"category\">C\u0259miyy\u0259t<\/a>","rttpg_excerpt":"2019-cu il iyunun 30-dan iyulun 10-d\u0259k Bak\u0131da ke\u00e7iril\u0259c\u0259k YUNESKO-nun \u00dcmumd\u00fcnya \u0130rs Komit\u0259sinin 43-c\u00fc sessiyas\u0131nda i\u015ftirak etm\u0259k \u00fc\u00e7\u00fcn Az\u0259rbaycana m\u00fcxt\u0259lif \u00f6lk\u0259l\u0259rin 3 mind\u0259n art\u0131q n\u00fcmay\u0259nd\u0259si g\u0259l\u0259c\u0259k. ARANTV.AZ\u00a0\u00a0Trend-\u0259 istinad\u0259n x\u0259b\u0259r verir ki, bunu Ekologiya v\u0259 T\u0259bii S\u0259rv\u0259tl\u0259r Nazirliyinin &#8220;Bu yaz \u00f6z\u00fcn bir t\u0259bi\u0259t yarat&#8221; devizi \u0259sas\u0131nda ba\u015flad\u0131lan yaz a\u011fac\u0259km\u0259 kampaniyas\u0131 \u00e7\u0259r\u00e7iv\u0259sind\u0259 Qobustan D\u00f6vl\u0259t Tarix-B\u0259dii Qoru\u011funda ke\u00e7iril\u0259n k\u00fctl\u0259vi&hellip;","_links":{"self":[{"href":"https:\/\/arantv.az\/index.php?rest_route=\/wp\/v2\/posts\/50621"}],"collection":[{"href":"https:\/\/arantv.az\/index.php?rest_route=\/wp\/v2\/posts"}],"about":[{"href":"https:\/\/arantv.az\/index.php?rest_route=\/wp\/v2\/types\/post"}],"author":[{"embeddable":true,"href":"https:\/\/arantv.az\/index.php?rest_route=\/wp\/v2\/users\/2"}],"replies":[{"embeddable":true,"href":"https:\/\/arantv.az\/index.php?rest_route=%2Fwp%2Fv2%2Fcomments&post=50621"}],"version-history":[{"count":0,"href":"https:\/\/arantv.az\/index.php?rest_route=\/wp\/v2\/posts\/50621\/revisions"}],"wp:featuredmedia":[{"embeddable":true,"href":"https:\/\/arantv.az\/index.php?rest_route=\/wp\/v2\/media\/50622"}],"wp:attachment":[{"href":"https:\/\/arantv.az\/index.php?rest_route=%2Fwp%2Fv2%2Fmedia&parent=50621"}],"wp:term":[{"taxonomy":"category","embeddable":true,"href":"https:\/\/arantv.az\/index.php?rest_route=%2Fwp%2Fv2%2Fcategories&post=50621"},{"taxonomy":"post_tag","embeddable":true,"href":"https:\/\/arantv.az\/index.php?rest_route=%2Fwp%2Fv2%2Ftags&post=50621"}],"curies":[{"name":"wp","href":"https:\/\/api.w.org\/{rel}","templated":true}]}}