{"id":50640,"date":"2019-04-13T11:11:33","date_gmt":"2019-04-13T08:11:33","guid":{"rendered":"http:\/\/arantv.az\/?p=50640"},"modified":"2019-04-13T11:11:33","modified_gmt":"2019-04-13T08:11:33","slug":"kisi-arvadini-yataq-otagnda-x%c9%99yan%c9%99t-ed%c9%99rk%c9%99n-tutdu-v%c9%99-az%c9%99rbaycanda-d%c9%99hs%c9%99tli-olay","status":"publish","type":"post","link":"https:\/\/arantv.az\/?p=50640","title":{"rendered":"Ki\u015fi arvad\u0131n\u0131 yataq ota\u011fnda x\u0259yan\u0259t ed\u0259rk\u0259n tutdu v\u0259&#8230; &#8211; Az\u0259rbaycanda D\u018fH\u015e\u018fTL\u0130 OLAY"},"content":{"rendered":"<p><strong>Bak\u0131da q\u0131sqancl\u0131q z\u0259minind\u0259 arvad\u0131n\u0131 \u00f6ld\u00fcrm\u0259kd\u0259 t\u0259qsirli bilin\u0259n \u015eabran rayon sakini, 1978-ci il t\u0259v\u0259ll\u00fcdl\u00fc Vahid M\u0259mm\u0259dovun (cinay\u0259t i\u015find\u0259 ad\u0131 ke\u00e7\u0259n \u015f\u0259xsl\u0259rin ad v\u0259 soyadlar\u0131 \u015f\u0259rti verilib \u2013 red.) cinay\u0259t i\u015fi \u00fczr\u0259 m\u0259hk\u0259m\u0259 prosesi ba\u015fa \u00e7at\u0131b.<\/strong><\/p>\n<p><b>ARANTV.AZ\u00a0<\/b>x\u0259b\u0259r verir ki, Vahid M\u0259mm\u0259dov 2015-ci il aprelin 17-d\u0259, ax\u015fam saat 18 rad\u0259l\u0259rind\u0259 Suraxan\u0131 rayon 11 sayl\u0131 T\u0259cili tibbi yard\u0131m stansiyas\u0131na B\u00fclb\u00fcl\u0259 q\u0259s\u0259b\u0259si, Samir \u018fliyev k\u00fc\u00e7\u0259sind\u0259n \u00e7a\u011f\u0131r\u0131\u015f daxil olub.<\/p>\n<p><strong>T\u0259cili yard\u0131m\u0131 qar\u015f\u0131layan \u0259r niy\u0259 h\u0259y\u0259canland\u0131?<\/strong><\/p>\n<p>Briqada q\u0259s\u0259b\u0259y\u0259 \u00e7atanda, \u00f6z\u00fcn\u00fc a\u011f\u0131r x\u0259st\u0259nin \u0259ri kimi t\u0259qdim ed\u0259n \u015f\u0259xs onlar\u0131 qar\u015f\u0131lay\u0131b v\u0259 ev\u0259 apar\u0131b. \u00c7arpay\u0131n\u0131n \u00fcz\u0259rind\u0259, hu\u015fsuz v\u0259ziyy\u0259td\u0259 olan uzan\u0131ql\u0131 qad\u0131n\u0131n yuxu arteriyas\u0131 yoxlan\u0131ld\u0131qda, onun art\u0131q \u00f6ld\u00fcy\u00fc m\u00fc\u0259yy\u0259n edilib.<\/p>\n<p>Vahid M\u0259mm\u0259dov qeyri-r\u0259smi nikahda ya\u015fad\u0131\u011f\u0131 S\u0259bin\u0259 \u018fhm\u0259dova Tovuz rayon sakinidir. Onun durdu\u011fu yerd\u0259 oldu\u011funu bildirib.<\/p>\n<p>Bu zaman Vahid M\u0259mm\u0259dov h\u0259y\u0259canl\u0131 halda, meyitin t\u0259cili yard\u0131m ma\u015f\u0131n\u0131 il\u0259 Tovuz rayonuna aparmas\u0131n\u0131 xahi\u015f ets\u0259 d\u0259, h\u0259kim polisin icaz\u0259si olmadan m\u0259rhumu he\u00e7 yer\u0259 apara bilm\u0259y\u0259c\u0259yini deyib.<\/p>\n<p><strong>H\u0259kim \u00e7a\u011f\u0131rl\u0131d\u0131, polis v\u0259 prokurorluq i\u015f ba\u015flad\u0131<\/strong><\/p>\n<p>Daha sonra hadis\u0259 yerin\u0259 Suraxan\u0131 rayon Polis \u0130dar\u0259sinin 31-ci polis b\u00f6lm\u0259sinin \u0259m\u0259kda\u015flar\u0131 c\u0259lb olunublar. H\u0259min tarixd\u0259 rayon prokurorlu\u011funda cinay\u0259t i\u015fi ba\u015flan\u0131l\u0131b.<\/p>\n<p>M\u0259hk\u0259m\u0259-tibbi ekspertizas\u0131n\u0131n r\u0259yin\u0259 g\u00f6r\u0259, S\u0259bin\u0259 \u018fhm\u0259dovan\u0131n sif\u0259t v\u0259 b\u0259d\u0259n nahiyy\u0259l\u0259rind\u0259 \u00e7oxsayl\u0131 s\u0131yr\u0131q v\u0259 qan\u00e7\u0131rlar a\u015fkar edilib. \u00d6l\u00fcm\u00fcn\u0259 a\u011f\u0131z v\u0259 burun d\u0259likl\u0259rinin \u0259ll\u0259 qapanmas\u0131 n\u0259tic\u0259sind\u0259 t\u00f6r\u0259n\u0259n mexaniki asfiksiya s\u0259b\u0259b olub.<\/p>\n<p>Hadis\u0259d\u0259n 12 g\u00fcn sonra, ay\u0131n 29-da Vahid M\u0259mm\u0259dov \u015eabran rayon polis \u015f\u00f6b\u0259sinin \u0259m\u0259kda\u015flar\u0131 t\u0259r\u0259find\u0259n saxlan\u0131l\u0131b v\u0259 Suraxan\u0131 rayon Polis \u0130dar\u0259sinin \u0259m\u0259kda\u015flar\u0131na t\u0259hvil verilib.<\/p>\n<p><strong>Q\u0131sqancl\u0131q davas\u0131<\/strong><\/p>\n<p>M\u00fc\u0259yy\u0259n edilib ki, Vahid qeyri-r\u0259smi \u0259r-arvad m\u00fcnasib\u0259tind\u0259 oldu\u011fu S\u0259bin\u0259nin ona x\u0259yan\u0259t etm\u0259sind\u0259n \u015f\u00fcbh\u0259l\u0259nib, onunla d\u0259f\u0259l\u0259rl\u0259 m\u00fcbahis\u0259 edib.<\/p>\n<p>Aprelin 17-d\u0259 kiray\u0259 ya\u015fad\u0131qlar\u0131 ev\u0259 g\u0259l\u0259rk\u0259n o, qad\u0131n\u0131n yataq ota\u011f\u0131ndak\u0131 \u00e7arpay\u0131n\u0131n \u00fcst\u00fcnd\u0259 \u0259yl\u0259\u015fib, telefonla yaz\u0131\u015fd\u0131\u011f\u0131n\u0131 v\u0259 sonra telefonu gizl\u0259tdiyini g\u00f6r\u00fcb. Vahid S\u0259bin\u0259d\u0259n telefonu ist\u0259yib. Amma S\u0259bin\u0259 q\u0259ti \u015f\u0259kild\u0259 buna etiraz edib.<\/p>\n<p><strong>Q\u0259tl<\/strong><\/p>\n<p>Q\u0131sqancl\u0131q z\u0259minind\u0259 Vahid S\u0259bin\u0259ni \u00f6ld\u00fcrm\u0259k q\u0259rar\u0131na g\u0259lib. O, \u0259vv\u0259lc\u0259 S\u0259bin\u0259nin sif\u0259t v\u0259 ba\u015f nahiy\u0259l\u0259rin\u0259 yumruq v\u0259 t\u0259pikl\u0259 z\u0259rb\u0259l\u0259r vurub.<\/p>\n<p>Niyy\u0259tini ba\u015fa \u00e7atd\u0131rmaq ist\u0259y\u0259n Vahid qad\u0131n\u0131n d\u00f6\u015f\u0259m\u0259d\u0259 \u0259yilmi\u015f v\u0259 h\u0259r\u0259k\u0259tsiz v\u0259ziyy\u0259td\u0259 olmas\u0131ndan istifad\u0259 ed\u0259r\u0259k, onun burun v\u0259 a\u011f\u0131z d\u0259likl\u0259rini qapay\u0131b.<\/p>\n<p>Bununla da, S\u0259bin\u0259nin sa\u011flaml\u0131\u011f\u0131na a\u011f\u0131r z\u0259r\u0259r vuran x\u0259sar\u0259tl\u0259r yetir\u0259r\u0259k, onu q\u0259sd\u0259n \u00f6ld\u00fcr\u00fcb.<\/p>\n<p><strong>\u201cOnun yaz\u0131\u015fmalar\u0131n\u0131 g\u00f6rd\u00fcm\u201d<\/strong><\/p>\n<p>\u0130stintaq orqan\u0131 t\u0259r\u0259find\u0259n Vahid M\u0259mm\u0259dovun bar\u0259sind\u0259 Cinay\u0259t M\u0259c\u0259ll\u0259sinin 120.1-ci (q\u0259sd\u0259n adam \u00f6ld\u00fcrm\u0259) madd\u0259si il\u0259 ittiham elan edilib.<\/p>\n<p>Cinay\u0259t i\u015fi \u00fczr\u0259 t\u0259qsirl\u0259ndiril\u0259n \u015f\u0259xs qismind\u0259 ifad\u0259 ver\u0259n Vahid M\u0259mm\u0259dov bildirib ki, aprelin 12-d\u0259 S\u0259bin\u0259nin mobil telefonuna bax\u0131b: \u201cOnun sosial \u015f\u0259b\u0259k\u0259d\u0259 m\u00fcxt\u0259lif adlarla qeyd olunmu\u015f \u015f\u0259xsl\u0259rl\u0259 yaz\u0131\u015fmalar\u0131n\u0131 g\u00f6rd\u00fcm. Bu s\u0259b\u0259bd\u0259n aram\u0131zda m\u00fcbahis\u0259 ba\u015f verdi. Aprelin 17-d\u0259 ota\u011fa daxil olark\u0259n S\u0259bin\u0259nin telefonla yaz\u0131\u015fd\u0131\u011f\u0131n\u0131 v\u0259 m\u0259ni g\u00f6r\u0259n kimi telefonu d\u00f6\u015f\u0259yin alt\u0131na qoydu\u011funu g\u00f6rd\u00fcm\u201d.<\/p>\n<p><strong>\u201cBir o\u011flanla yaz\u0131\u015fd\u0131\u011f\u0131n\u0131 g\u00f6rd\u00fcm\u201d<\/strong><\/p>\n<p>Vahid M\u0259mm\u0259dovun s\u00f6zl\u0259rin\u0259 g\u00f6r\u0259, \u0259vv\u0259l S\u0259bin\u0259d\u0259n telefonu t\u0259l\u0259b edib, sonra sif\u0259tin\u0259 2 d\u0259f\u0259 \u015fill\u0259 vurub: \u201cD\u00f6\u015f\u0259yin alt\u0131ndan telefonu g\u00f6t\u00fcrm\u0259k ist\u0259dim. Bu zaman S\u0259bin\u0259 telefonu g\u00f6t\u00fcrm\u0259m\u0259yim \u00fc\u00e7\u00fcn \u0259limi di\u015fl\u0259m\u0259k ist\u0259di. Arvad\u0131m\u0131n k\u00fcr\u0259yind\u0259n aya\u011f\u0131m il\u0259 z\u0259rb\u0259 vurdum. Telefonu ondan ald\u0131m. Baxark\u0259n onun bir o\u011flanla yaz\u0131\u015fd\u0131\u011f\u0131n\u0131 g\u00f6rd\u00fcm\u201d.<\/p>\n<p><strong>\u201cBir ne\u00e7\u0259 d\u0259f\u0259 s\u00fcni n\u0259f\u0259s verdim\u201d<\/strong><\/p>\n<p>Vahid M\u0259mm\u0259dov qeyd edib ki, h\u0259min vaxt art\u0131q S\u0259bin\u0259nin s\u0259si \u00e7\u0131xmay\u0131b: \u201cO, \u0259yilmi\u015f v\u0259ziyy\u0259td\u0259 \u00e7arpay\u0131ya s\u00f6yk\u0259ndi v\u0259 r\u0259ngi a\u011fard\u0131. Onun v\u0259ziyy\u0259tinin bel\u0259 oldu\u011funu g\u00f6r\u0259n kimi t\u0259cili yard\u0131ma z\u0259ng etdim. Sonra S\u0259bin\u0259ni quca\u011f\u0131ma alaraq \u00e7arpay\u0131ya uzatd\u0131m. Bir ne\u00e7\u0259 d\u0259f\u0259 s\u00fcni n\u0259f\u0259s verdim. Lakin S\u0259bin\u0259 d\u0259 he\u00e7 bir t\u0259rp\u0259ni\u015f olmad\u0131\u201d.<\/p>\n<p>Vahid M\u0259mm\u0259dov bildirib ki, S\u0259bin\u0259ni \u00f6ld\u00fcrm\u0259k fikri olmay\u0131b v\u0259 onu bo\u011fmay\u0131b: \u201cS\u0259bin\u0259ni \u00f6ld\u00fcrm\u0259k \u00fc\u00e7\u00fcn he\u00e7 bir s\u0259b\u0259bi olmay\u0131b\u201d.<\/p>\n<p><strong>13 il 6 ay c\u0259za<\/strong><\/p>\n<p>Bak\u0131 A\u011f\u0131r Cinay\u0259tl\u0259r M\u0259hk\u0259m\u0259sinin h\u00f6km\u00fc il\u0259 Vahid M\u0259mm\u0259dov 13 il 6 ay m\u00fcdd\u0259tin\u0259 azadl\u0131qdan m\u0259hrum edilib.<\/p>\n<p>Bu h\u00f6kmd\u0259n naraz\u0131 qalan Vahid M\u0259mm\u0259dov apelyasiya \u015fikay\u0259ti verib. O, g\u00fcnahs\u0131z oldu\u011funu, bar\u0259sind\u0259 b\u0259ra\u0259t h\u00f6km\u00fcn\u00fcn \u00e7\u0131xar\u0131lmas\u0131n\u0131 ist\u0259yib.<\/p>\n<p>Bak\u0131 Apelyasiya M\u0259hk\u0259m\u0259si i\u015fin hallar\u0131n\u0131 ara\u015fd\u0131raraq onun \u015fikay\u0259tini t\u0259min etm\u0259yib v\u0259 birinci instansiya m\u0259hk\u0259m\u0259sinin h\u00f6km\u00fcn\u00fc q\u00fcvvd\u0259 saxlay\u0131b.<\/p>\n<p>Bu q\u0259rardan naraz\u0131 qalan Vahid M\u0259mm\u0259dov kasasiya \u015fikay\u0259ti verib. Onun kasasiya \u015fikay\u0259ti ara\u015fd\u0131r\u0131lmas\u0131 \u00fc\u00e7\u00fcn Ali M\u0259hk\u0259m\u0259y\u0259 g\u00f6nd\u0259rilib.<\/p>\n<p>Vahid M\u0259mm\u0259dovun \u015fikay\u0259ti hakim G\u00fclzar Rzayevan\u0131n s\u0259drlik etdiyi kollegiyada ara\u015fd\u0131r\u0131l\u0131b. Kasasiya \u015fikay\u0259tinin d\u0259lill\u0259rini ara\u015fd\u0131ran hakim hey\u0259ti sonda q\u0259rar elan edib.<\/p>\n<p>Q\u0259rara g\u00f6r\u0259, \u015fikay\u0259t t\u0259min olunmay\u0131b.publika.az<\/p>\n","protected":false},"excerpt":{"rendered":"<p>Bak\u0131da q\u0131sqancl\u0131q z\u0259minind\u0259 arvad\u0131n\u0131 \u00f6ld\u00fcrm\u0259kd\u0259 t\u0259qsirli bilin\u0259n \u015eabran rayon sakini, 1978-ci il t\u0259v\u0259ll\u00fcdl\u00fc Vahid M\u0259mm\u0259dovun (cinay\u0259t i\u015find\u0259 ad\u0131 ke\u00e7\u0259n \u015f\u0259xsl\u0259rin ad v\u0259 soyadlar\u0131 \u015f\u0259rti verilib \u2013 red.) cinay\u0259t i\u015fi \u00fczr\u0259 m\u0259hk\u0259m\u0259 prosesi ba\u015fa \u00e7at\u0131b. ARANTV.AZ\u00a0x\u0259b\u0259r verir ki, Vahid M\u0259mm\u0259dov 2015-ci il aprelin 17-d\u0259, ax\u015fam saat 18 rad\u0259l\u0259rind\u0259 Suraxan\u0131 rayon 11 sayl\u0131 T\u0259cili tibbi yard\u0131m stansiyas\u0131na B\u00fclb\u00fcl\u0259 q\u0259s\u0259b\u0259si, Samir \u018fliyev k\u00fc\u00e7\u0259sind\u0259n \u00e7a\u011f\u0131r\u0131\u015f daxil olub. T\u0259cili yard\u0131m\u0131 qar\u015f\u0131layan \u0259r niy\u0259 h\u0259y\u0259canland\u0131? Briqada q\u0259s\u0259b\u0259y\u0259 \u00e7atanda, \u00f6z\u00fcn\u00fc a\u011f\u0131r x\u0259st\u0259nin \u0259ri kimi t\u0259qdim ed\u0259n \u015f\u0259xs onlar\u0131 qar\u015f\u0131lay\u0131b v\u0259 ev\u0259 apar\u0131b. \u00c7arpay\u0131n\u0131n \u00fcz\u0259rind\u0259, hu\u015fsuz v\u0259ziyy\u0259td\u0259 olan&hellip;<\/p>\n","protected":false},"author":2,"featured_media":50641,"comment_status":"closed","ping_status":"closed","sticky":false,"template":"","format":"standard","meta":{"om_disable_all_campaigns":false,"_monsterinsights_skip_tracking":false,"_monsterinsights_sitenote_active":false,"_monsterinsights_sitenote_note":"","_monsterinsights_sitenote_category":0},"categories":[5],"tags":[],"aioseo_notices":[],"gutentor_comment":0,"rttpg_featured_image_url":{"full":["https:\/\/arantv.az\/wp-content\/uploads\/2019\/04\/hebsxana_2.jpg",800,450,false],"landscape":["https:\/\/arantv.az\/wp-content\/uploads\/2019\/04\/hebsxana_2.jpg",800,450,false],"portraits":["https:\/\/arantv.az\/wp-content\/uploads\/2019\/04\/hebsxana_2.jpg",800,450,false],"thumbnail":["https:\/\/arantv.az\/wp-content\/uploads\/2019\/04\/hebsxana_2-150x150.jpg",150,150,true],"medium":["https:\/\/arantv.az\/wp-content\/uploads\/2019\/04\/hebsxana_2-300x169.jpg",300,169,true],"large":["https:\/\/arantv.az\/wp-content\/uploads\/2019\/04\/hebsxana_2.jpg",640,360,false],"1536x1536":["https:\/\/arantv.az\/wp-content\/uploads\/2019\/04\/hebsxana_2.jpg",800,450,false],"2048x2048":["https:\/\/arantv.az\/wp-content\/uploads\/2019\/04\/hebsxana_2.jpg",800,450,false],"post-thumbnail":["https:\/\/arantv.az\/wp-content\/uploads\/2019\/04\/hebsxana_2-240x172.jpg",240,172,true],"advps-thumb-one":["https:\/\/arantv.az\/wp-content\/uploads\/2019\/04\/hebsxana_2.jpg",800,450,false]},"rttpg_author":{"display_name":"V\u00fcsal Rafiqo\u011flu","author_link":"https:\/\/arantv.az\/?author=2"},"rttpg_comment":0,"rttpg_category":"<a href=\"https:\/\/arantv.az\/?cat=5\" rel=\"category\">Hadis\u0259<\/a>","rttpg_excerpt":"Bak\u0131da q\u0131sqancl\u0131q z\u0259minind\u0259 arvad\u0131n\u0131 \u00f6ld\u00fcrm\u0259kd\u0259 t\u0259qsirli bilin\u0259n \u015eabran rayon sakini, 1978-ci il t\u0259v\u0259ll\u00fcdl\u00fc Vahid M\u0259mm\u0259dovun (cinay\u0259t i\u015find\u0259 ad\u0131 ke\u00e7\u0259n \u015f\u0259xsl\u0259rin ad v\u0259 soyadlar\u0131 \u015f\u0259rti verilib \u2013 red.) cinay\u0259t i\u015fi \u00fczr\u0259 m\u0259hk\u0259m\u0259 prosesi ba\u015fa \u00e7at\u0131b. ARANTV.AZ\u00a0x\u0259b\u0259r verir ki, Vahid M\u0259mm\u0259dov 2015-ci il aprelin 17-d\u0259, ax\u015fam saat 18 rad\u0259l\u0259rind\u0259 Suraxan\u0131 rayon 11 sayl\u0131 T\u0259cili tibbi yard\u0131m stansiyas\u0131na&hellip;","_links":{"self":[{"href":"https:\/\/arantv.az\/index.php?rest_route=\/wp\/v2\/posts\/50640"}],"collection":[{"href":"https:\/\/arantv.az\/index.php?rest_route=\/wp\/v2\/posts"}],"about":[{"href":"https:\/\/arantv.az\/index.php?rest_route=\/wp\/v2\/types\/post"}],"author":[{"embeddable":true,"href":"https:\/\/arantv.az\/index.php?rest_route=\/wp\/v2\/users\/2"}],"replies":[{"embeddable":true,"href":"https:\/\/arantv.az\/index.php?rest_route=%2Fwp%2Fv2%2Fcomments&post=50640"}],"version-history":[{"count":0,"href":"https:\/\/arantv.az\/index.php?rest_route=\/wp\/v2\/posts\/50640\/revisions"}],"wp:featuredmedia":[{"embeddable":true,"href":"https:\/\/arantv.az\/index.php?rest_route=\/wp\/v2\/media\/50641"}],"wp:attachment":[{"href":"https:\/\/arantv.az\/index.php?rest_route=%2Fwp%2Fv2%2Fmedia&parent=50640"}],"wp:term":[{"taxonomy":"category","embeddable":true,"href":"https:\/\/arantv.az\/index.php?rest_route=%2Fwp%2Fv2%2Fcategories&post=50640"},{"taxonomy":"post_tag","embeddable":true,"href":"https:\/\/arantv.az\/index.php?rest_route=%2Fwp%2Fv2%2Ftags&post=50640"}],"curies":[{"name":"wp","href":"https:\/\/api.w.org\/{rel}","templated":true}]}}