{"id":50785,"date":"2019-04-15T08:34:11","date_gmt":"2019-04-15T05:34:11","guid":{"rendered":"http:\/\/arantv.az\/?p=50785"},"modified":"2019-04-15T08:34:11","modified_gmt":"2019-04-15T05:34:11","slug":"%c9%99li-h%c9%99s%c9%99nov-dovl%c9%99t-artan-imkanlarini-v%c9%99t%c9%99ndaslarin-rifahina-yon%c9%99ld%c9%99c%c9%99k-video","status":"publish","type":"post","link":"https:\/\/arantv.az\/?p=50785","title":{"rendered":"\u018fli H\u0259s\u0259nov: D\u00f6vl\u0259t artan imkanlar\u0131n\u0131 v\u0259t\u0259nda\u015flar\u0131n rifah\u0131na y\u00f6n\u0259ld\u0259c\u0259k &#8211; V\u0130DEO"},"content":{"rendered":"<p><strong>Az\u0259rbaycan\u0131n yeni iqtisadi modeli haz\u0131rlan\u0131r.<\/strong><\/p>\n<p><strong>ARANTV.AZ\u00a0\u00a0<\/strong>x\u0259b\u0259r verir ki, bunu Az\u0259rbaycan Prezidentinin ictimai-siyasi m\u0259s\u0259l\u0259l\u0259r \u00fczr\u0259 k\u00f6m\u0259k\u00e7isi \u018fli H\u0259s\u0259nov deyib.<\/p>\n<p>\u018fli H\u0259s\u0259nov X\u0259z\u0259r TV-y\u0259 m\u00fcsahib\u0259sind\u0259 a\u00e7\u0131qlay\u0131b ki, yeni model bazar iqtisadiyyat\u0131 prinsipl\u0259ri \u0259sas\u0131nda haz\u0131rlan\u0131r v\u0259 sahibkarlara daha yax\u015f\u0131 \u015f\u0259raitin yarad\u0131lmas\u0131n\u0131 n\u0259z\u0259rd\u0259 tutur.<\/p>\n<p>Prezidentin k\u00f6m\u0259k\u00e7isi onu da bildirib ki, yeni iqtisadi model h\u0259yata ke\u00e7iril\u0259n islahatlar\u0131n davam\u0131d\u0131r.<\/p>\n<p>\u018fli H\u0259s\u0259novun s\u00f6zl\u0259rin\u0259 g\u00f6r\u0259, iqtisadi sah\u0259d\u0259 h\u0259yata ke\u00e7iril\u0259n islahatlar art\u0131q ba\u015flan\u011f\u0131c m\u0259rh\u0259l\u0259sind\u0259 \u00f6z effektini verib. Bunun \u0259n bariz n\u00fcmun\u0259si vergi v\u0259 g\u00f6mr\u00fck daxilolmalar\u0131ndak\u0131 art\u0131md\u0131r.<\/p>\n<p>Prezidentin k\u00f6m\u0259k\u00e7isi sosial islahatlardan da dan\u0131\u015f\u0131b v\u0259 bunun davaml\u0131 proses oldu\u011funu deyib. \u018fli H\u0259s\u0259nov \u0259lav\u0259 edib ki, yeni sosial-iqtisadi islahat paketi xalq t\u0259r\u0259find\u0259n d\u0259 d\u0259st\u0259kl\u0259nir. Bunu Fransan\u0131n &#8220;Opinion Way&#8221; \u015firk\u0259tinin ke\u00e7irdiyi sor\u011funun n\u0259tic\u0259l\u0259ri d\u0259 g\u00f6st\u0259rir.<\/p>\n<p>Prezidentin k\u00f6m\u0259k\u00e7isi anons edib ki, b\u00fct\u00fcn sah\u0259l\u0259rd\u0259 islahatlar davaml\u0131 olacaq. D\u00f6vl\u0259t artan imkanlar\u0131n\u0131 v\u0259t\u0259nda\u015flar\u0131n rifah\u0131na y\u00f6n\u0259ld\u0259c\u0259k.<\/p>\n<p><iframe loading=\"lazy\" src=\"https:\/\/www.youtube.com\/embed\/gOfEWTnCYB8\" width=\"560\" height=\"315\" frameborder=\"0\" allowfullscreen=\"allowfullscreen\" data-mce-fragment=\"1\"><\/iframe><\/p>\n","protected":false},"excerpt":{"rendered":"<p>Az\u0259rbaycan\u0131n yeni iqtisadi modeli haz\u0131rlan\u0131r. ARANTV.AZ\u00a0\u00a0x\u0259b\u0259r verir ki, bunu Az\u0259rbaycan Prezidentinin ictimai-siyasi m\u0259s\u0259l\u0259l\u0259r \u00fczr\u0259 k\u00f6m\u0259k\u00e7isi \u018fli H\u0259s\u0259nov deyib. \u018fli H\u0259s\u0259nov X\u0259z\u0259r TV-y\u0259 m\u00fcsahib\u0259sind\u0259 a\u00e7\u0131qlay\u0131b ki, yeni model bazar iqtisadiyyat\u0131 prinsipl\u0259ri \u0259sas\u0131nda haz\u0131rlan\u0131r v\u0259 sahibkarlara daha yax\u015f\u0131 \u015f\u0259raitin yarad\u0131lmas\u0131n\u0131 n\u0259z\u0259rd\u0259 tutur. Prezidentin k\u00f6m\u0259k\u00e7isi onu da bildirib ki, yeni iqtisadi model h\u0259yata ke\u00e7iril\u0259n islahatlar\u0131n davam\u0131d\u0131r. \u018fli H\u0259s\u0259novun s\u00f6zl\u0259rin\u0259 g\u00f6r\u0259, iqtisadi sah\u0259d\u0259 h\u0259yata ke\u00e7iril\u0259n islahatlar art\u0131q ba\u015flan\u011f\u0131c m\u0259rh\u0259l\u0259sind\u0259 \u00f6z effektini verib. Bunun \u0259n bariz n\u00fcmun\u0259si vergi v\u0259 g\u00f6mr\u00fck daxilolmalar\u0131ndak\u0131 art\u0131md\u0131r. Prezidentin k\u00f6m\u0259k\u00e7isi sosial islahatlardan da dan\u0131\u015f\u0131b v\u0259 bunun davaml\u0131 proses oldu\u011funu deyib. \u018fli&hellip;<\/p>\n","protected":false},"author":2,"featured_media":50786,"comment_status":"closed","ping_status":"closed","sticky":false,"template":"","format":"standard","meta":{"om_disable_all_campaigns":false,"_monsterinsights_skip_tracking":false,"_monsterinsights_sitenote_active":false,"_monsterinsights_sitenote_note":"","_monsterinsights_sitenote_category":0},"categories":[4],"tags":[],"aioseo_notices":[],"gutentor_comment":0,"rttpg_featured_image_url":{"full":["https:\/\/arantv.az\/wp-content\/uploads\/2019\/04\/eli-hesenov.jpg",800,450,false],"landscape":["https:\/\/arantv.az\/wp-content\/uploads\/2019\/04\/eli-hesenov.jpg",800,450,false],"portraits":["https:\/\/arantv.az\/wp-content\/uploads\/2019\/04\/eli-hesenov.jpg",800,450,false],"thumbnail":["https:\/\/arantv.az\/wp-content\/uploads\/2019\/04\/eli-hesenov-150x150.jpg",150,150,true],"medium":["https:\/\/arantv.az\/wp-content\/uploads\/2019\/04\/eli-hesenov-300x169.jpg",300,169,true],"large":["https:\/\/arantv.az\/wp-content\/uploads\/2019\/04\/eli-hesenov.jpg",640,360,false],"1536x1536":["https:\/\/arantv.az\/wp-content\/uploads\/2019\/04\/eli-hesenov.jpg",800,450,false],"2048x2048":["https:\/\/arantv.az\/wp-content\/uploads\/2019\/04\/eli-hesenov.jpg",800,450,false],"post-thumbnail":["https:\/\/arantv.az\/wp-content\/uploads\/2019\/04\/eli-hesenov-240x172.jpg",240,172,true],"advps-thumb-one":["https:\/\/arantv.az\/wp-content\/uploads\/2019\/04\/eli-hesenov.jpg",800,450,false]},"rttpg_author":{"display_name":"V\u00fcsal Rafiqo\u011flu","author_link":"https:\/\/arantv.az\/?author=2"},"rttpg_comment":0,"rttpg_category":"<a href=\"https:\/\/arantv.az\/?cat=4\" rel=\"category\">Siyas\u0259t<\/a>","rttpg_excerpt":"Az\u0259rbaycan\u0131n yeni iqtisadi modeli haz\u0131rlan\u0131r. ARANTV.AZ\u00a0\u00a0x\u0259b\u0259r verir ki, bunu Az\u0259rbaycan Prezidentinin ictimai-siyasi m\u0259s\u0259l\u0259l\u0259r \u00fczr\u0259 k\u00f6m\u0259k\u00e7isi \u018fli H\u0259s\u0259nov deyib. \u018fli H\u0259s\u0259nov X\u0259z\u0259r TV-y\u0259 m\u00fcsahib\u0259sind\u0259 a\u00e7\u0131qlay\u0131b ki, yeni model bazar iqtisadiyyat\u0131 prinsipl\u0259ri \u0259sas\u0131nda haz\u0131rlan\u0131r v\u0259 sahibkarlara daha yax\u015f\u0131 \u015f\u0259raitin yarad\u0131lmas\u0131n\u0131 n\u0259z\u0259rd\u0259 tutur. Prezidentin k\u00f6m\u0259k\u00e7isi onu da bildirib ki, yeni iqtisadi model h\u0259yata ke\u00e7iril\u0259n islahatlar\u0131n davam\u0131d\u0131r. \u018fli H\u0259s\u0259novun&hellip;","_links":{"self":[{"href":"https:\/\/arantv.az\/index.php?rest_route=\/wp\/v2\/posts\/50785"}],"collection":[{"href":"https:\/\/arantv.az\/index.php?rest_route=\/wp\/v2\/posts"}],"about":[{"href":"https:\/\/arantv.az\/index.php?rest_route=\/wp\/v2\/types\/post"}],"author":[{"embeddable":true,"href":"https:\/\/arantv.az\/index.php?rest_route=\/wp\/v2\/users\/2"}],"replies":[{"embeddable":true,"href":"https:\/\/arantv.az\/index.php?rest_route=%2Fwp%2Fv2%2Fcomments&post=50785"}],"version-history":[{"count":0,"href":"https:\/\/arantv.az\/index.php?rest_route=\/wp\/v2\/posts\/50785\/revisions"}],"wp:featuredmedia":[{"embeddable":true,"href":"https:\/\/arantv.az\/index.php?rest_route=\/wp\/v2\/media\/50786"}],"wp:attachment":[{"href":"https:\/\/arantv.az\/index.php?rest_route=%2Fwp%2Fv2%2Fmedia&parent=50785"}],"wp:term":[{"taxonomy":"category","embeddable":true,"href":"https:\/\/arantv.az\/index.php?rest_route=%2Fwp%2Fv2%2Fcategories&post=50785"},{"taxonomy":"post_tag","embeddable":true,"href":"https:\/\/arantv.az\/index.php?rest_route=%2Fwp%2Fv2%2Ftags&post=50785"}],"curies":[{"name":"wp","href":"https:\/\/api.w.org\/{rel}","templated":true}]}}