{"id":50806,"date":"2019-04-15T08:52:25","date_gmt":"2019-04-15T05:52:25","guid":{"rendered":"http:\/\/arantv.az\/?p=50806"},"modified":"2019-04-15T08:52:25","modified_gmt":"2019-04-15T05:52:25","slug":"bas-nazir-az%c9%99rbaycan-beyn%c9%99lxalq-sulh%c9%99-tohf%c9%99-verm%c9%99k-ucun-butun-qlobal-platformalarda-f%c9%99al-istirak-edir","status":"publish","type":"post","link":"https:\/\/arantv.az\/?p=50806","title":{"rendered":"Ba\u015f nazir: &#8220;Az\u0259rbaycan beyn\u0259lxalq s\u00fclh\u0259 t\u00f6hf\u0259 verm\u0259k \u00fc\u00e7\u00fcn b\u00fct\u00fcn qlobal platformalarda f\u0259al i\u015ftirak edir&#8221;"},"content":{"rendered":"<p><strong>&#8220;Az\u0259rbaycan\u0131n xarici siyas\u0259ti b\u00fct\u00fcn \u00f6lk\u0259l\u0259rl\u0259 qar\u015f\u0131l\u0131ql\u0131 s\u0259m\u0259r\u0259li v\u0259 faydal\u0131 \u0259m\u0259kda\u015fl\u0131q prinsipin\u0259 \u0259saslan\u0131r&#8221;.<\/strong><\/p>\n<p><strong>ARANTV.AZ<\/strong>\u00a0\u00a0<a href=\"https:\/\/az.trend.az\/\" target=\"_blank\" rel=\"noopener\"><span style=\"color: #000000;\">Trend<\/span><\/a>-\u0259 istinad\u0259n x\u0259b\u0259r verir ki, bunu Ba\u015f nazir Novruz M\u0259mm\u0259dov Bak\u0131da ke\u00e7iril\u0259n Narkotikl\u0259rl\u0259 M\u00fcbariz\u0259 \u00fczr\u0259 36-c\u0131 Beyn\u0259lxalq Konfransda \u00e7\u0131x\u0131\u015f\u0131 zaman\u0131 deyib.<\/p>\n<p>N.M\u0259mm\u0259dov bildirib ki, Az\u0259rbaycan beyn\u0259lxalq s\u00fclh\u0259 t\u00f6hf\u0259 verm\u0259k \u00fc\u00e7\u00fcn b\u00fct\u00fcn qlobal platformalarda f\u0259al i\u015ftirak edir: &#8220;Az\u0259rbaycan beyn\u0259lxalq al\u0259md\u0259 etibarl\u0131 t\u0259r\u0259fda\u015fa \u00e7evrilib. \u00d6lk\u0259 AB\u015e-\u0131n antiterror \u0259m\u0259liyyat\u0131na qo\u015fulanlardan biri olub. Az\u0259rbaycan v\u0259 AB\u015e s\u0259m\u0259r\u0259li \u0259m\u0259kda\u015fl\u0131q edir&#8221;.<\/p>\n<p>Ba\u015f nazir vur\u011fulay\u0131b ki, Az\u0259rbaycan\u0131n h\u0259yata ke\u00e7irdiyi Bak\u0131-Tbilisi-Ceyhan, Bak\u0131-Tbilisi-\u018frzurum, TAP kimi b\u00f6y\u00fck enerji layih\u0259l\u0259ri d\u00fcnyan\u0131n enerji x\u0259rit\u0259sini d\u0259yi\u015fib: &#8220;Az\u0259rbaycan Avropan\u0131n enerji t\u0259hl\u00fck\u0259sizliyinin t\u0259min edilm\u0259sind\u0259 m\u00fch\u00fcm rol oynay\u0131r&#8221;.<\/p>\n<p>N.M\u0259mm\u0259dov \u0259lav\u0259 edib ki, narkomaniya v\u0259 narkotikl\u0259rin qanunsuz d\u00f6vriyy\u0259si d\u00fcnyan\u0131 narahat ed\u0259n \u0259n ciddi probleml\u0259rd\u0259n biridir. &#8220;Narkotikl\u0259rin qanunsuz d\u00f6vriyy\u0259si h\u0259m d\u0259 terrorizmin maliyy\u0259 m\u0259nb\u0259yi kimi beyn\u0259lxalq t\u0259hl\u00fck\u0259sizliy\u0259 ciddi t\u0259hdidl\u0259r t\u00f6r\u0259dir. Az\u0259rbaycan bu b\u0259lan\u0131n \u00f6lk\u0259mizd\u0259 yay\u0131lmas\u0131na qar\u015f\u0131 q\u0259tiyy\u0259tli m\u00f6vqe n\u00fcmayi\u015f etdirir, narkotikl\u0259 m\u00fcbariz\u0259ni prioritet istiqam\u0259t kimi m\u00fc\u0259yy\u0259n edib, bu sah\u0259d\u0259 m\u00fcvafiq beyn\u0259lxalq konvensiyalara qo\u015fulub. Bu istiqam\u0259td\u0259 h\u00fcquq m\u00fchafiz\u0259 orqanlar\u0131 qar\u015f\u0131s\u0131nda ciddi v\u0259zif\u0259l\u0259r qoyulub. Son 5 il \u0259rzind\u0259 Az\u0259rbaycanda 8 ton 354 kq narkotik vasit\u0259 d\u00f6vriyy\u0259d\u0259n \u00e7\u0131xar\u0131l\u0131b&#8221;.<\/p>\n<p>Ba\u015f nazir h\u0259m\u00e7inin qeyd edib ki, 25 ild\u0259n \u00e7oxdur ki, Az\u0259rbaycan\u0131n Da\u011fl\u0131q Qaraba\u011f b\u00f6lg\u0259si v\u0259 \u0259traf 7 rayon i\u015f\u011fal erm\u0259nil\u0259r t\u0259r\u0259find\u0259n olunmu\u015f \u0259razind\u0259 narkotikl\u0259rin qanunsuz d\u00f6vriyy\u0259si beyn\u0259lxalq terrorizm v\u0259 narkotikl\u0259rin qanunsuz d\u00f6vriyy\u0259si \u00fc\u00e7\u00fcn s\u0259m\u0259r\u0259li \u015f\u0259rait yarad\u0131r.<\/p>\n","protected":false},"excerpt":{"rendered":"<p>&#8220;Az\u0259rbaycan\u0131n xarici siyas\u0259ti b\u00fct\u00fcn \u00f6lk\u0259l\u0259rl\u0259 qar\u015f\u0131l\u0131ql\u0131 s\u0259m\u0259r\u0259li v\u0259 faydal\u0131 \u0259m\u0259kda\u015fl\u0131q prinsipin\u0259 \u0259saslan\u0131r&#8221;. ARANTV.AZ\u00a0\u00a0Trend-\u0259 istinad\u0259n x\u0259b\u0259r verir ki, bunu Ba\u015f nazir Novruz M\u0259mm\u0259dov Bak\u0131da ke\u00e7iril\u0259n Narkotikl\u0259rl\u0259 M\u00fcbariz\u0259 \u00fczr\u0259 36-c\u0131 Beyn\u0259lxalq Konfransda \u00e7\u0131x\u0131\u015f\u0131 zaman\u0131 deyib. N.M\u0259mm\u0259dov bildirib ki, Az\u0259rbaycan beyn\u0259lxalq s\u00fclh\u0259 t\u00f6hf\u0259 verm\u0259k \u00fc\u00e7\u00fcn b\u00fct\u00fcn qlobal platformalarda f\u0259al i\u015ftirak edir: &#8220;Az\u0259rbaycan beyn\u0259lxalq al\u0259md\u0259 etibarl\u0131 t\u0259r\u0259fda\u015fa \u00e7evrilib. \u00d6lk\u0259 AB\u015e-\u0131n antiterror \u0259m\u0259liyyat\u0131na qo\u015fulanlardan biri olub. Az\u0259rbaycan v\u0259 AB\u015e s\u0259m\u0259r\u0259li \u0259m\u0259kda\u015fl\u0131q edir&#8221;. Ba\u015f nazir vur\u011fulay\u0131b ki, Az\u0259rbaycan\u0131n h\u0259yata ke\u00e7irdiyi Bak\u0131-Tbilisi-Ceyhan, Bak\u0131-Tbilisi-\u018frzurum, TAP kimi b\u00f6y\u00fck enerji layih\u0259l\u0259ri d\u00fcnyan\u0131n enerji x\u0259rit\u0259sini d\u0259yi\u015fib: &#8220;Az\u0259rbaycan Avropan\u0131n enerji t\u0259hl\u00fck\u0259sizliyinin t\u0259min&hellip;<\/p>\n","protected":false},"author":2,"featured_media":50807,"comment_status":"closed","ping_status":"closed","sticky":false,"template":"","format":"standard","meta":{"om_disable_all_campaigns":false,"_monsterinsights_skip_tracking":false,"_monsterinsights_sitenote_active":false,"_monsterinsights_sitenote_note":"","_monsterinsights_sitenote_category":0},"categories":[1],"tags":[],"aioseo_notices":[],"gutentor_comment":0,"rttpg_featured_image_url":{"full":["https:\/\/arantv.az\/wp-content\/uploads\/2019\/04\/747044.jpg",800,600,false],"landscape":["https:\/\/arantv.az\/wp-content\/uploads\/2019\/04\/747044.jpg",800,600,false],"portraits":["https:\/\/arantv.az\/wp-content\/uploads\/2019\/04\/747044.jpg",800,600,false],"thumbnail":["https:\/\/arantv.az\/wp-content\/uploads\/2019\/04\/747044-150x150.jpg",150,150,true],"medium":["https:\/\/arantv.az\/wp-content\/uploads\/2019\/04\/747044-300x225.jpg",300,225,true],"large":["https:\/\/arantv.az\/wp-content\/uploads\/2019\/04\/747044.jpg",640,480,false],"1536x1536":["https:\/\/arantv.az\/wp-content\/uploads\/2019\/04\/747044.jpg",800,600,false],"2048x2048":["https:\/\/arantv.az\/wp-content\/uploads\/2019\/04\/747044.jpg",800,600,false],"post-thumbnail":["https:\/\/arantv.az\/wp-content\/uploads\/2019\/04\/747044-240x172.jpg",240,172,true],"advps-thumb-one":["https:\/\/arantv.az\/wp-content\/uploads\/2019\/04\/747044.jpg",800,600,false]},"rttpg_author":{"display_name":"V\u00fcsal Rafiqo\u011flu","author_link":"https:\/\/arantv.az\/?author=2"},"rttpg_comment":0,"rttpg_category":"<a href=\"https:\/\/arantv.az\/?cat=1\" rel=\"category\">C\u0259miyy\u0259t<\/a>","rttpg_excerpt":"&#8220;Az\u0259rbaycan\u0131n xarici siyas\u0259ti b\u00fct\u00fcn \u00f6lk\u0259l\u0259rl\u0259 qar\u015f\u0131l\u0131ql\u0131 s\u0259m\u0259r\u0259li v\u0259 faydal\u0131 \u0259m\u0259kda\u015fl\u0131q prinsipin\u0259 \u0259saslan\u0131r&#8221;. ARANTV.AZ\u00a0\u00a0Trend-\u0259 istinad\u0259n x\u0259b\u0259r verir ki, bunu Ba\u015f nazir Novruz M\u0259mm\u0259dov Bak\u0131da ke\u00e7iril\u0259n Narkotikl\u0259rl\u0259 M\u00fcbariz\u0259 \u00fczr\u0259 36-c\u0131 Beyn\u0259lxalq Konfransda \u00e7\u0131x\u0131\u015f\u0131 zaman\u0131 deyib. N.M\u0259mm\u0259dov bildirib ki, Az\u0259rbaycan beyn\u0259lxalq s\u00fclh\u0259 t\u00f6hf\u0259 verm\u0259k \u00fc\u00e7\u00fcn b\u00fct\u00fcn qlobal platformalarda f\u0259al i\u015ftirak edir: &#8220;Az\u0259rbaycan beyn\u0259lxalq al\u0259md\u0259 etibarl\u0131 t\u0259r\u0259fda\u015fa \u00e7evrilib. \u00d6lk\u0259&hellip;","_links":{"self":[{"href":"https:\/\/arantv.az\/index.php?rest_route=\/wp\/v2\/posts\/50806"}],"collection":[{"href":"https:\/\/arantv.az\/index.php?rest_route=\/wp\/v2\/posts"}],"about":[{"href":"https:\/\/arantv.az\/index.php?rest_route=\/wp\/v2\/types\/post"}],"author":[{"embeddable":true,"href":"https:\/\/arantv.az\/index.php?rest_route=\/wp\/v2\/users\/2"}],"replies":[{"embeddable":true,"href":"https:\/\/arantv.az\/index.php?rest_route=%2Fwp%2Fv2%2Fcomments&post=50806"}],"version-history":[{"count":0,"href":"https:\/\/arantv.az\/index.php?rest_route=\/wp\/v2\/posts\/50806\/revisions"}],"wp:featuredmedia":[{"embeddable":true,"href":"https:\/\/arantv.az\/index.php?rest_route=\/wp\/v2\/media\/50807"}],"wp:attachment":[{"href":"https:\/\/arantv.az\/index.php?rest_route=%2Fwp%2Fv2%2Fmedia&parent=50806"}],"wp:term":[{"taxonomy":"category","embeddable":true,"href":"https:\/\/arantv.az\/index.php?rest_route=%2Fwp%2Fv2%2Fcategories&post=50806"},{"taxonomy":"post_tag","embeddable":true,"href":"https:\/\/arantv.az\/index.php?rest_route=%2Fwp%2Fv2%2Ftags&post=50806"}],"curies":[{"name":"wp","href":"https:\/\/api.w.org\/{rel}","templated":true}]}}