{"id":510813,"date":"2022-09-06T12:51:59","date_gmt":"2022-09-06T09:51:59","guid":{"rendered":"https:\/\/arantv.az\/?p=510813"},"modified":"2022-09-06T12:51:59","modified_gmt":"2022-09-06T09:51:59","slug":"ilham-%c9%99liyev-4-cu-adex-v%c9%99-13-cu-securex-caspian-s%c9%99rgil%c9%99ri-il%c9%99-tanis-olub-yenil%c9%99nib","status":"publish","type":"post","link":"https:\/\/arantv.az\/?p=510813","title":{"rendered":"\u0130lham \u018fliyev 4-c\u00fc \u201cADEX\u201d v\u0259 13-c\u00fc \u201cSecurex Caspian\u201d s\u0259rgil\u0259ri il\u0259 tan\u0131\u015f olub &#8211; YEN\u0130L\u018fN\u0130B"},"content":{"rendered":"<p>Az\u0259rbaycan Respublikas\u0131n\u0131n Prezidenti\u00a0<strong>\u0130lham \u018fliyev<\/strong>\u00a0sentyabr\u0131n 6-da Bak\u0131 Expo M\u0259rk\u0259zind\u0259 ke\u00e7iril\u0259n 4-c\u00fc Az\u0259rbaycan Beyn\u0259lxalq M\u00fcdafi\u0259 \u201cADEX\u201d v\u0259 13-c\u00fc Beyn\u0259lxalq Daxili T\u0259hl\u00fck\u0259sizlik, M\u00fchafiz\u0259 v\u0259 Xilasetm\u0259 \u201cSecurex Caspian\u201d s\u0259rgil\u0259ri il\u0259 tan\u0131\u015f olub.<\/p>\n<p>Bu bar\u0259d\u0259\u00a0<a href=\"https:\/\/president.az\/az\/articles\/view\/57116\" target=\"_blank\" rel=\"noopener\">Prezident.az<\/a>\u00a0m\u0259lumat yay\u0131b.<\/p>\n<div class=\"AdviadNativeVideo\"><\/div>\n<p><strong>11:58<\/strong><\/p>\n<p>Az\u0259rbaycan Prezidenti\u00a0<strong>\u0130lham \u018fliyev<\/strong>\u00a0D\u00f6rd\u00fcnc\u00fc Az\u0259rbaycan Beyn\u0259lxalq M\u00fcdafi\u0259 \u201cADEX\u201d v\u0259 13-c\u00fc Beyn\u0259lxalq Daxili t\u0259hl\u00fck\u0259sizlik, M\u00fchafiz\u0259 v\u0259 Xilasetm\u0259 \u201cSecurex Caspian\u201d s\u0259rgisind\u0259 i\u015ftirak edir.<\/p>\n<p><strong>ARANTV.AZ <\/strong>\u00a0x\u0259b\u0259r verir ki, d\u00f6vl\u0259t ba\u015f\u00e7\u0131s\u0131 s\u0259rgi il\u0259 tan\u0131\u015f olur.<\/p>\n<p>Qeyd ed\u0259k ki, s\u0259rgi sentyabr\u0131n 8-d\u0259 yekunla\u015facaq.<\/p>\n","protected":false},"excerpt":{"rendered":"<p>Az\u0259rbaycan Respublikas\u0131n\u0131n Prezidenti\u00a0\u0130lham \u018fliyev\u00a0sentyabr\u0131n 6-da Bak\u0131 Expo M\u0259rk\u0259zind\u0259 ke\u00e7iril\u0259n 4-c\u00fc Az\u0259rbaycan Beyn\u0259lxalq M\u00fcdafi\u0259 \u201cADEX\u201d v\u0259 13-c\u00fc Beyn\u0259lxalq Daxili T\u0259hl\u00fck\u0259sizlik, M\u00fchafiz\u0259 v\u0259 Xilasetm\u0259 \u201cSecurex Caspian\u201d s\u0259rgil\u0259ri il\u0259 tan\u0131\u015f olub. Bu bar\u0259d\u0259\u00a0Prezident.az\u00a0m\u0259lumat yay\u0131b. 11:58 Az\u0259rbaycan Prezidenti\u00a0\u0130lham \u018fliyev\u00a0D\u00f6rd\u00fcnc\u00fc Az\u0259rbaycan Beyn\u0259lxalq M\u00fcdafi\u0259 \u201cADEX\u201d v\u0259 13-c\u00fc Beyn\u0259lxalq Daxili t\u0259hl\u00fck\u0259sizlik, M\u00fchafiz\u0259 v\u0259 Xilasetm\u0259 \u201cSecurex Caspian\u201d s\u0259rgisind\u0259 i\u015ftirak edir. ARANTV.AZ \u00a0x\u0259b\u0259r verir ki, d\u00f6vl\u0259t ba\u015f\u00e7\u0131s\u0131 s\u0259rgi il\u0259 tan\u0131\u015f olur. Qeyd ed\u0259k ki, s\u0259rgi sentyabr\u0131n 8-d\u0259 yekunla\u015facaq.<\/p>\n","protected":false},"author":2,"featured_media":510675,"comment_status":"closed","ping_status":"closed","sticky":false,"template":"","format":"standard","meta":{"om_disable_all_campaigns":false,"_monsterinsights_skip_tracking":false,"_monsterinsights_sitenote_active":false,"_monsterinsights_sitenote_note":"","_monsterinsights_sitenote_category":0},"categories":[4],"tags":[],"aioseo_notices":[],"gutentor_comment":0,"rttpg_featured_image_url":{"full":["https:\/\/arantv.az\/wp-content\/uploads\/2022\/09\/d4b2aeb2165546088553922327311109702-1.jpg",975,540,false],"landscape":["https:\/\/arantv.az\/wp-content\/uploads\/2022\/09\/d4b2aeb2165546088553922327311109702-1.jpg",975,540,false],"portraits":["https:\/\/arantv.az\/wp-content\/uploads\/2022\/09\/d4b2aeb2165546088553922327311109702-1.jpg",975,540,false],"thumbnail":["https:\/\/arantv.az\/wp-content\/uploads\/2022\/09\/d4b2aeb2165546088553922327311109702-1-500x280.jpg",500,280,true],"medium":["https:\/\/arantv.az\/wp-content\/uploads\/2022\/09\/d4b2aeb2165546088553922327311109702-1-660x365.jpg",660,365,true],"large":["https:\/\/arantv.az\/wp-content\/uploads\/2022\/09\/d4b2aeb2165546088553922327311109702-1-840x465.jpg",640,354,true],"1536x1536":["https:\/\/arantv.az\/wp-content\/uploads\/2022\/09\/d4b2aeb2165546088553922327311109702-1.jpg",975,540,false],"2048x2048":["https:\/\/arantv.az\/wp-content\/uploads\/2022\/09\/d4b2aeb2165546088553922327311109702-1.jpg",975,540,false],"post-thumbnail":["https:\/\/arantv.az\/wp-content\/uploads\/2022\/09\/d4b2aeb2165546088553922327311109702-1-240x172.jpg",240,172,true],"advps-thumb-one":["https:\/\/arantv.az\/wp-content\/uploads\/2022\/09\/d4b2aeb2165546088553922327311109702-1.jpg",975,540,false]},"rttpg_author":{"display_name":"V\u00fcsal Rafiqo\u011flu","author_link":"https:\/\/arantv.az\/?author=2"},"rttpg_comment":0,"rttpg_category":"<a href=\"https:\/\/arantv.az\/?cat=4\" rel=\"category\">Siyas\u0259t<\/a>","rttpg_excerpt":"Az\u0259rbaycan Respublikas\u0131n\u0131n Prezidenti\u00a0\u0130lham \u018fliyev\u00a0sentyabr\u0131n 6-da Bak\u0131 Expo M\u0259rk\u0259zind\u0259 ke\u00e7iril\u0259n 4-c\u00fc Az\u0259rbaycan Beyn\u0259lxalq M\u00fcdafi\u0259 \u201cADEX\u201d v\u0259 13-c\u00fc Beyn\u0259lxalq Daxili T\u0259hl\u00fck\u0259sizlik, M\u00fchafiz\u0259 v\u0259 Xilasetm\u0259 \u201cSecurex Caspian\u201d s\u0259rgil\u0259ri il\u0259 tan\u0131\u015f olub. Bu bar\u0259d\u0259\u00a0Prezident.az\u00a0m\u0259lumat yay\u0131b. 11:58 Az\u0259rbaycan Prezidenti\u00a0\u0130lham \u018fliyev\u00a0D\u00f6rd\u00fcnc\u00fc Az\u0259rbaycan Beyn\u0259lxalq M\u00fcdafi\u0259 \u201cADEX\u201d v\u0259 13-c\u00fc Beyn\u0259lxalq Daxili t\u0259hl\u00fck\u0259sizlik, M\u00fchafiz\u0259 v\u0259 Xilasetm\u0259 \u201cSecurex Caspian\u201d s\u0259rgisind\u0259 i\u015ftirak edir. ARANTV.AZ \u00a0x\u0259b\u0259r verir&hellip;","_links":{"self":[{"href":"https:\/\/arantv.az\/index.php?rest_route=\/wp\/v2\/posts\/510813"}],"collection":[{"href":"https:\/\/arantv.az\/index.php?rest_route=\/wp\/v2\/posts"}],"about":[{"href":"https:\/\/arantv.az\/index.php?rest_route=\/wp\/v2\/types\/post"}],"author":[{"embeddable":true,"href":"https:\/\/arantv.az\/index.php?rest_route=\/wp\/v2\/users\/2"}],"replies":[{"embeddable":true,"href":"https:\/\/arantv.az\/index.php?rest_route=%2Fwp%2Fv2%2Fcomments&post=510813"}],"version-history":[{"count":0,"href":"https:\/\/arantv.az\/index.php?rest_route=\/wp\/v2\/posts\/510813\/revisions"}],"wp:featuredmedia":[{"embeddable":true,"href":"https:\/\/arantv.az\/index.php?rest_route=\/wp\/v2\/media\/510675"}],"wp:attachment":[{"href":"https:\/\/arantv.az\/index.php?rest_route=%2Fwp%2Fv2%2Fmedia&parent=510813"}],"wp:term":[{"taxonomy":"category","embeddable":true,"href":"https:\/\/arantv.az\/index.php?rest_route=%2Fwp%2Fv2%2Fcategories&post=510813"},{"taxonomy":"post_tag","embeddable":true,"href":"https:\/\/arantv.az\/index.php?rest_route=%2Fwp%2Fv2%2Ftags&post=510813"}],"curies":[{"name":"wp","href":"https:\/\/api.w.org\/{rel}","templated":true}]}}