{"id":510827,"date":"2022-09-06T13:31:55","date_gmt":"2022-09-06T10:31:55","guid":{"rendered":"https:\/\/arantv.az\/?p=510827"},"modified":"2022-09-06T13:31:55","modified_gmt":"2022-09-06T10:31:55","slug":"zakir-h%c9%99s%c9%99nov-turkiy%c9%99nin-bas-q%c9%99rargah-r%c9%99isi-il%c9%99-gorusub-foto","status":"publish","type":"post","link":"https:\/\/arantv.az\/?p=510827","title":{"rendered":"Zakir H\u0259s\u0259nov T\u00fcrkiy\u0259nin Ba\u015f Q\u0259rargah r\u0259isi il\u0259 g\u00f6r\u00fc\u015f\u00fcb &#8211; FOTO"},"content":{"rendered":"<p>Sentyabr\u0131n 6-da Bak\u0131 Ekspo M\u0259rk\u0259zind\u0259 ke\u00e7iril\u0259n \u201cADEX-2022\u201d 4-c\u00fc Az\u0259rbaycan Beyn\u0259lxalq M\u00fcdafi\u0259 S\u0259rgisi \u00e7\u0259r\u00e7iv\u0259sind\u0259 Az\u0259rbaycan\u0131n m\u00fcdafi\u0259 naziri general-polkovnik Zakir H\u0259s\u0259nov T\u00fcrkiy\u0259 Silahl\u0131 Q\u00fcvv\u0259l\u0259rinin Ba\u015f Q\u0259rargah r\u0259isi ordu general\u0131 Ya\u015far G\u00fcler il\u0259 g\u00f6r\u00fc\u015f\u00fcb.<\/p>\n<div class=\"AdviadNativeVideo\"><\/div>\n<p>Bu bar\u0259d\u0259\u00a0M\u00fcdafi\u0259 Nazirliyi m\u0259lumat yay\u0131b.<\/p>\n<p>G\u00f6r\u00fc\u015fd\u0259 Az\u0259rbaycan il\u0259 T\u00fcrkiy\u0259 aras\u0131nda regional t\u0259hl\u00fck\u0259sizlik, h\u0259rbi, h\u0259rbi-texniki, h\u0259rbi t\u0259hsil v\u0259 h\u0259rbi tibb sah\u0259l\u0259rind\u0259 \u0259m\u0259kda\u015fl\u0131q, qar\u015f\u0131l\u0131ql\u0131 s\u0259f\u0259rl\u0259rinin t\u0259\u015fkili, el\u0259c\u0259 d\u0259 maraq do\u011furan dig\u0259r m\u0259s\u0259l\u0259l\u0259r m\u00fczakir\u0259 olunub.<\/p>\n<p>T\u0259r\u0259fl\u0259r birg\u0259 h\u0259rbi t\u0259liml\u0259rd\u0259 texnoloji innovasiyalardan istifad\u0259 edilm\u0259sinin \u0259h\u0259miyy\u0259tini x\u00fcsusi vur\u011fulay\u0131blar.<\/p>\n<p>&nbsp;<\/p>\n<div class=\"gallery\">\n<div class=\"gallery-i\"><img src=\"https:\/\/cdn.oxu.az\/uploads\/W1siZiIsIjIwMjIvMDkvMDYvMTQvMTkvMTkvMWQ0YmViOWEtOGVlZi00NWJlLThkYjctYWI0OGFiNjIyMzI1LzM1YTdlZDRjYjc3NGZkNDVmNTdjOTdhZmNmMDQ4YzFkLmpwZyJdLFsicCIsImVuY29kZSIsImpwZyIsIi1xdWFsaXR5IDgwIl0sWyJwIiwidGh1bWIiLCI1OTB4NTkwXHUwMDNlIl1d?sha=3fe5baa74f7251b2\" alt=\"\" \/><\/p>\n<div class=\"gallery-i-caption\"><\/div>\n<\/div>\n<div class=\"gallery-i\"><img src=\"https:\/\/cdn.oxu.az\/uploads\/W1siZiIsIjIwMjIvMDkvMDYvMTQvMTkvMjAvYzc3OGI3MmMtZjAzMS00MWY1LWI1YzItMDdjM2UwYjczMjQwLzdlZDQyY2RkMTY0ZGMwYTQ3YWZjZTNjNzZjOWNlOTk5LmpwZyJdLFsicCIsImVuY29kZSIsImpwZyIsIi1xdWFsaXR5IDgwIl0sWyJwIiwidGh1bWIiLCI1OTB4NTkwXHUwMDNlIl1d?sha=7f9b9d7dcc41d7fd\" alt=\"\" \/><\/div>\n<\/div>\n","protected":false},"excerpt":{"rendered":"<p>Sentyabr\u0131n 6-da Bak\u0131 Ekspo M\u0259rk\u0259zind\u0259 ke\u00e7iril\u0259n \u201cADEX-2022\u201d 4-c\u00fc Az\u0259rbaycan Beyn\u0259lxalq M\u00fcdafi\u0259 S\u0259rgisi \u00e7\u0259r\u00e7iv\u0259sind\u0259 Az\u0259rbaycan\u0131n m\u00fcdafi\u0259 naziri general-polkovnik Zakir H\u0259s\u0259nov T\u00fcrkiy\u0259 Silahl\u0131 Q\u00fcvv\u0259l\u0259rinin Ba\u015f Q\u0259rargah r\u0259isi ordu general\u0131 Ya\u015far G\u00fcler il\u0259 g\u00f6r\u00fc\u015f\u00fcb. Bu bar\u0259d\u0259\u00a0M\u00fcdafi\u0259 Nazirliyi m\u0259lumat yay\u0131b. G\u00f6r\u00fc\u015fd\u0259 Az\u0259rbaycan il\u0259 T\u00fcrkiy\u0259 aras\u0131nda regional t\u0259hl\u00fck\u0259sizlik, h\u0259rbi, h\u0259rbi-texniki, h\u0259rbi t\u0259hsil v\u0259 h\u0259rbi tibb sah\u0259l\u0259rind\u0259 \u0259m\u0259kda\u015fl\u0131q, qar\u015f\u0131l\u0131ql\u0131 s\u0259f\u0259rl\u0259rinin t\u0259\u015fkili, el\u0259c\u0259 d\u0259 maraq do\u011furan dig\u0259r m\u0259s\u0259l\u0259l\u0259r m\u00fczakir\u0259 olunub. T\u0259r\u0259fl\u0259r birg\u0259 h\u0259rbi t\u0259liml\u0259rd\u0259 texnoloji innovasiyalardan istifad\u0259 edilm\u0259sinin \u0259h\u0259miyy\u0259tini x\u00fcsusi vur\u011fulay\u0131blar. &nbsp;<\/p>\n","protected":false},"author":2,"featured_media":510828,"comment_status":"closed","ping_status":"closed","sticky":false,"template":"","format":"standard","meta":{"om_disable_all_campaigns":false,"_monsterinsights_skip_tracking":false,"_monsterinsights_sitenote_active":false,"_monsterinsights_sitenote_note":"","_monsterinsights_sitenote_category":0},"categories":[4],"tags":[],"aioseo_notices":[],"gutentor_comment":0,"rttpg_featured_image_url":{"full":["https:\/\/arantv.az\/wp-content\/uploads\/2022\/09\/FotoJet-6-2.jpg",620,413,false],"landscape":["https:\/\/arantv.az\/wp-content\/uploads\/2022\/09\/FotoJet-6-2.jpg",620,413,false],"portraits":["https:\/\/arantv.az\/wp-content\/uploads\/2022\/09\/FotoJet-6-2.jpg",620,413,false],"thumbnail":["https:\/\/arantv.az\/wp-content\/uploads\/2022\/09\/FotoJet-6-2-500x280.jpg",500,280,true],"medium":["https:\/\/arantv.az\/wp-content\/uploads\/2022\/09\/FotoJet-6-2-548x365.jpg",548,365,true],"large":["https:\/\/arantv.az\/wp-content\/uploads\/2022\/09\/FotoJet-6-2.jpg",620,413,false],"1536x1536":["https:\/\/arantv.az\/wp-content\/uploads\/2022\/09\/FotoJet-6-2.jpg",620,413,false],"2048x2048":["https:\/\/arantv.az\/wp-content\/uploads\/2022\/09\/FotoJet-6-2.jpg",620,413,false],"post-thumbnail":["https:\/\/arantv.az\/wp-content\/uploads\/2022\/09\/FotoJet-6-2-240x172.jpg",240,172,true],"advps-thumb-one":["https:\/\/arantv.az\/wp-content\/uploads\/2022\/09\/FotoJet-6-2.jpg",620,413,false]},"rttpg_author":{"display_name":"V\u00fcsal Rafiqo\u011flu","author_link":"https:\/\/arantv.az\/?author=2"},"rttpg_comment":0,"rttpg_category":"<a href=\"https:\/\/arantv.az\/?cat=4\" rel=\"category\">Siyas\u0259t<\/a>","rttpg_excerpt":"Sentyabr\u0131n 6-da Bak\u0131 Ekspo M\u0259rk\u0259zind\u0259 ke\u00e7iril\u0259n \u201cADEX-2022\u201d 4-c\u00fc Az\u0259rbaycan Beyn\u0259lxalq M\u00fcdafi\u0259 S\u0259rgisi \u00e7\u0259r\u00e7iv\u0259sind\u0259 Az\u0259rbaycan\u0131n m\u00fcdafi\u0259 naziri general-polkovnik Zakir H\u0259s\u0259nov T\u00fcrkiy\u0259 Silahl\u0131 Q\u00fcvv\u0259l\u0259rinin Ba\u015f Q\u0259rargah r\u0259isi ordu general\u0131 Ya\u015far G\u00fcler il\u0259 g\u00f6r\u00fc\u015f\u00fcb. Bu bar\u0259d\u0259\u00a0M\u00fcdafi\u0259 Nazirliyi m\u0259lumat yay\u0131b. G\u00f6r\u00fc\u015fd\u0259 Az\u0259rbaycan il\u0259 T\u00fcrkiy\u0259 aras\u0131nda regional t\u0259hl\u00fck\u0259sizlik, h\u0259rbi, h\u0259rbi-texniki, h\u0259rbi t\u0259hsil v\u0259 h\u0259rbi tibb sah\u0259l\u0259rind\u0259 \u0259m\u0259kda\u015fl\u0131q, qar\u015f\u0131l\u0131ql\u0131 s\u0259f\u0259rl\u0259rinin t\u0259\u015fkili,&hellip;","_links":{"self":[{"href":"https:\/\/arantv.az\/index.php?rest_route=\/wp\/v2\/posts\/510827"}],"collection":[{"href":"https:\/\/arantv.az\/index.php?rest_route=\/wp\/v2\/posts"}],"about":[{"href":"https:\/\/arantv.az\/index.php?rest_route=\/wp\/v2\/types\/post"}],"author":[{"embeddable":true,"href":"https:\/\/arantv.az\/index.php?rest_route=\/wp\/v2\/users\/2"}],"replies":[{"embeddable":true,"href":"https:\/\/arantv.az\/index.php?rest_route=%2Fwp%2Fv2%2Fcomments&post=510827"}],"version-history":[{"count":0,"href":"https:\/\/arantv.az\/index.php?rest_route=\/wp\/v2\/posts\/510827\/revisions"}],"wp:featuredmedia":[{"embeddable":true,"href":"https:\/\/arantv.az\/index.php?rest_route=\/wp\/v2\/media\/510828"}],"wp:attachment":[{"href":"https:\/\/arantv.az\/index.php?rest_route=%2Fwp%2Fv2%2Fmedia&parent=510827"}],"wp:term":[{"taxonomy":"category","embeddable":true,"href":"https:\/\/arantv.az\/index.php?rest_route=%2Fwp%2Fv2%2Fcategories&post=510827"},{"taxonomy":"post_tag","embeddable":true,"href":"https:\/\/arantv.az\/index.php?rest_route=%2Fwp%2Fv2%2Ftags&post=510827"}],"curies":[{"name":"wp","href":"https:\/\/api.w.org\/{rel}","templated":true}]}}