{"id":510830,"date":"2022-09-06T14:36:16","date_gmt":"2022-09-06T11:36:16","guid":{"rendered":"https:\/\/arantv.az\/?p=510830"},"modified":"2022-09-06T14:36:16","modified_gmt":"2022-09-06T11:36:16","slug":"az%c9%99rbaycan-il%c9%99-belarus-arasinda-h%c9%99rbi-%c9%99m%c9%99kdasliq-m%c9%99s%c9%99l%c9%99l%c9%99ri-muzakir%c9%99-edilib-yenil%c9%99nib-foto","status":"publish","type":"post","link":"https:\/\/arantv.az\/?p=510830","title":{"rendered":"Az\u0259rbaycan il\u0259 Belarus aras\u0131nda h\u0259rbi \u0259m\u0259kda\u015fl\u0131q m\u0259s\u0259l\u0259l\u0259ri m\u00fczakir\u0259 edilib &#8211; YEN\u0130L\u018fN\u0130B + FOTO"},"content":{"rendered":"<p>M\u00fcdafi\u0259 naziri general-polkovnik Zakir H\u0259s\u0259nov Bak\u0131 Ekspo M\u0259rk\u0259zind\u0259 ke\u00e7iril\u0259n \u201cADEX 2022\u201d 4-c\u00fc Az\u0259rbaycan Beyn\u0259lxalq M\u00fcdafi\u0259 S\u0259rgisind\u0259 i\u015ftirak etm\u0259k \u00fc\u00e7\u00fcn \u00f6lk\u0259miz\u0259 g\u0259l\u0259n Belarus M\u00fcdafi\u0259 S\u0259nayesi Komit\u0259sinin s\u0259dri Dmitri Pantus il\u0259 g\u00f6r\u00fc\u015f\u00fcb.<\/p>\n<p>Bununla ba\u011fl\u0131 Az\u0259rbaycan M\u00fcdafi\u0259 Nazirliyi m\u0259lumat yay\u0131b.<\/p>\n<div class=\"AdviadNativeVideo\"><\/div>\n<p>G\u00f6r\u00fc\u015fd\u0259 t\u0259r\u0259fl\u0259r Az\u0259rbaycan il\u0259 Belarus aras\u0131nda h\u0259rbi v\u0259 h\u0259rbi-texniki \u0259m\u0259kda\u015fl\u0131\u011f\u0131n inki\u015faf perspektivl\u0259ri, m\u00fcasir h\u0259rbi texnologiyalar\u0131n t\u0259tbiqi imkanlar\u0131, t\u0259cr\u00fcb\u0259 m\u00fcbadil\u0259l\u0259rinin ke\u00e7irilm\u0259si v\u0259 qar\u015f\u0131l\u0131ql\u0131 maraq k\u0259sb ed\u0259n dig\u0259r m\u0259s\u0259l\u0259l\u0259ri m\u00fczakir\u0259 edibl\u0259r.<\/p>\n<p><img src=\"https:\/\/cdn.oxu.az\/uploads\/W1siZiIsIjIwMjIvMDkvMDYvMTUvMzAvMTUvOTkxZmY5MGMtNzVjYi00MzFiLWI3MmEtYWU3MWZmYWRlMmZmLzNjNjNhZTc4ZDA2N2E1ZGYwMmJjYTNkOGMyMWQzMWI2LmpwZyJdLFsicCIsImVuY29kZSIsImpwZyIsIi1xdWFsaXR5IDgwIl0sWyJwIiwidGh1bWIiLCI1OTB4NTkwXHUwMDNlIl1d?sha=0a0b2c5476b69c9f\" alt=\"\" \/><\/p>\n<p><strong>15:22<\/strong><\/p>\n<p>Sentyabr\u0131n 6-da m\u00fcdafi\u0259 naziri general-polkovnik Zakir H\u0259s\u0259nov Bak\u0131 Ekspo M\u0259rk\u0259zind\u0259 ke\u00e7iril\u0259n \u201cADEX 2022\u201d 4-c\u00fc Az\u0259rbaycan Beyn\u0259lxalq M\u00fcdafi\u0259 S\u0259rgisind\u0259 i\u015ftirak etm\u0259k \u00fc\u00e7\u00fcn \u00f6lk\u0259miz\u0259 g\u0259l\u0259n Bosniya v\u0259 Herseqovina Respublikas\u0131n\u0131n m\u00fcdafi\u0259 naziri c\u0259nab Sifet Pod\u00e7i\u00e7 il\u0259 g\u00f6r\u00fc\u015f\u00fcb.<\/p>\n<p>Bununla ba\u011fl\u0131 Az\u0259rbaycan M\u00fcdafi\u0259 Nazirliyi m\u0259lumat yay\u0131b.<\/p>\n<p>G\u00f6r\u00fc\u015fd\u0259 \u00f6lk\u0259l\u0259rimiz aras\u0131nda h\u0259rbi \u0259m\u0259kda\u015fl\u0131\u011f\u0131n inki\u015faf etdirilm\u0259si m\u0259qs\u0259dil\u0259 qar\u015f\u0131l\u0131ql\u0131 s\u0259f\u0259rl\u0259rin t\u0259\u015fkili v\u0259 dig\u0259r m\u0259s\u0259l\u0259l\u0259r m\u00fczakir\u0259 edilib.<\/p>\n<p><img src=\"https:\/\/cdn.oxu.az\/uploads\/W1siZiIsIjIwMjIvMDkvMDYvMTUvMjgvMjUvMDY1N2E3N2MtNjNjMC00ODJmLTljM2YtY2ZlMjYzY2YwZjFhLzU3Y2Y0OWFhMzA4ODIyODhkZTM4ODVhOWFlYjI2OGRjLmpwZyJdLFsicCIsImVuY29kZSIsImpwZyIsIi1xdWFsaXR5IDgwIl0sWyJwIiwidGh1bWIiLCI1OTB4NTkwXHUwMDNlIl1d?sha=e5a8df122458e5e6\" alt=\"\" \/><\/p>\n<p><img src=\"https:\/\/cdn.oxu.az\/uploads\/W1siZiIsIjIwMjIvMDkvMDYvMTUvMjIvNDkvYWU5MmIxNzgtNjg3Ny00ZDE0LThkY2ItMjNiM2IzNzI2NjgwLzI2YjU1NTlkZmI5ZTg1MjBhZDgyMjQxOTM2YzY2NTkyLmpwZyJdLFsicCIsImVuY29kZSIsImpwZyIsIi1xdWFsaXR5IDgwIl0sWyJwIiwidGh1bWIiLCI1OTB4NTkwXHUwMDNlIl1d?sha=d8b46c74aaffc6f5\" alt=\"\" \/><\/p>\n<p><strong>15:12<\/strong><\/p>\n<p>Sentyabr\u0131n 6-da Bak\u0131 Ekspo M\u0259rk\u0259zind\u0259 ke\u00e7iril\u0259n \u201cADEX-2022\u201d 4-c\u00fc Az\u0259rbaycan Beyn\u0259lxalq M\u00fcdafi\u0259 S\u0259rgisi \u00e7\u0259r\u00e7iv\u0259sind\u0259 m\u00fcdafi\u0259 naziri general-polkovnik Zakir H\u0259s\u0259nov \u00f6lk\u0259mizd\u0259 s\u0259f\u0259rd\u0259 olan Ruanda Respublikas\u0131n\u0131n m\u00fcdafi\u0259 naziri general-mayor Murasira Albert il\u0259 g\u00f6r\u00fc\u015f\u00fcb.<\/p>\n<p>Bu bar\u0259d\u0259 M\u00fcdafi\u0259 Nazirliyi m\u0259lumat yay\u0131b.<\/p>\n<p>G\u00f6r\u00fc\u015fd\u0259 qar\u015f\u0131l\u0131ql\u0131 maraq do\u011furan m\u0259s\u0259l\u0259l\u0259r bar\u0259d\u0259 \u0259trafl\u0131 fikir m\u00fcbadil\u0259si apar\u0131l\u0131b.<\/p>\n<p><img src=\"https:\/\/cdn.oxu.az\/uploads\/W1siZiIsIjIwMjIvMDkvMDYvMTUvMjEvMzIvY2I5MjM2NWItNTZmNy00NmU2LWI4ZDQtZmNiM2JjNTNjZDI3L2UzNTYyNDU0MTU2Y2U0ZmU1OWZhOTUzODIzYjlkMTY5LmpwZyJdLFsicCIsImVuY29kZSIsImpwZyIsIi1xdWFsaXR5IDgwIl0sWyJwIiwidGh1bWIiLCI1OTB4NTkwXHUwMDNlIl1d?sha=5adc335cc894e08c\" alt=\"\" \/><img src=\"https:\/\/cdn.oxu.az\/uploads\/W1siZiIsIjIwMjIvMDkvMDYvMTUvMDEvMTAvZDUxOWJmMWEtMDU3OS00MDk5LWJiOWEtMTg2YzhhNTRiN2Y2L3pha2lyMi5qcGciXSxbInAiLCJlbmNvZGUiLCJqcGciLCItcXVhbGl0eSA4MCJdLFsicCIsInRodW1iIiwiNTkweDU5MFx1MDAzZSJdXQ?sha=ea8eaa20c0fc582f\" alt=\"\" \/><\/p>\n","protected":false},"excerpt":{"rendered":"<p>M\u00fcdafi\u0259 naziri general-polkovnik Zakir H\u0259s\u0259nov Bak\u0131 Ekspo M\u0259rk\u0259zind\u0259 ke\u00e7iril\u0259n \u201cADEX 2022\u201d 4-c\u00fc Az\u0259rbaycan Beyn\u0259lxalq M\u00fcdafi\u0259 S\u0259rgisind\u0259 i\u015ftirak etm\u0259k \u00fc\u00e7\u00fcn \u00f6lk\u0259miz\u0259 g\u0259l\u0259n Belarus M\u00fcdafi\u0259 S\u0259nayesi Komit\u0259sinin s\u0259dri Dmitri Pantus il\u0259 g\u00f6r\u00fc\u015f\u00fcb. Bununla ba\u011fl\u0131 Az\u0259rbaycan M\u00fcdafi\u0259 Nazirliyi m\u0259lumat yay\u0131b. G\u00f6r\u00fc\u015fd\u0259 t\u0259r\u0259fl\u0259r Az\u0259rbaycan il\u0259 Belarus aras\u0131nda h\u0259rbi v\u0259 h\u0259rbi-texniki \u0259m\u0259kda\u015fl\u0131\u011f\u0131n inki\u015faf perspektivl\u0259ri, m\u00fcasir h\u0259rbi texnologiyalar\u0131n t\u0259tbiqi imkanlar\u0131, t\u0259cr\u00fcb\u0259 m\u00fcbadil\u0259l\u0259rinin ke\u00e7irilm\u0259si v\u0259 qar\u015f\u0131l\u0131ql\u0131 maraq k\u0259sb ed\u0259n dig\u0259r m\u0259s\u0259l\u0259l\u0259ri m\u00fczakir\u0259 edibl\u0259r. 15:22 Sentyabr\u0131n 6-da m\u00fcdafi\u0259 naziri general-polkovnik Zakir H\u0259s\u0259nov Bak\u0131 Ekspo M\u0259rk\u0259zind\u0259 ke\u00e7iril\u0259n \u201cADEX 2022\u201d 4-c\u00fc Az\u0259rbaycan Beyn\u0259lxalq M\u00fcdafi\u0259 S\u0259rgisind\u0259 i\u015ftirak etm\u0259k \u00fc\u00e7\u00fcn \u00f6lk\u0259miz\u0259 g\u0259l\u0259n&hellip;<\/p>\n","protected":false},"author":2,"featured_media":510831,"comment_status":"closed","ping_status":"closed","sticky":false,"template":"","format":"standard","meta":{"om_disable_all_campaigns":false,"_monsterinsights_skip_tracking":false,"_monsterinsights_sitenote_active":false,"_monsterinsights_sitenote_note":"","_monsterinsights_sitenote_category":0},"categories":[4],"tags":[],"aioseo_notices":[],"gutentor_comment":0,"rttpg_featured_image_url":{"full":["https:\/\/arantv.az\/wp-content\/uploads\/2022\/09\/a0f9bfd1c6df440708631ce2d0ac1448.jpg",620,413,false],"landscape":["https:\/\/arantv.az\/wp-content\/uploads\/2022\/09\/a0f9bfd1c6df440708631ce2d0ac1448.jpg",620,413,false],"portraits":["https:\/\/arantv.az\/wp-content\/uploads\/2022\/09\/a0f9bfd1c6df440708631ce2d0ac1448.jpg",620,413,false],"thumbnail":["https:\/\/arantv.az\/wp-content\/uploads\/2022\/09\/a0f9bfd1c6df440708631ce2d0ac1448-500x280.jpg",500,280,true],"medium":["https:\/\/arantv.az\/wp-content\/uploads\/2022\/09\/a0f9bfd1c6df440708631ce2d0ac1448-548x365.jpg",548,365,true],"large":["https:\/\/arantv.az\/wp-content\/uploads\/2022\/09\/a0f9bfd1c6df440708631ce2d0ac1448.jpg",620,413,false],"1536x1536":["https:\/\/arantv.az\/wp-content\/uploads\/2022\/09\/a0f9bfd1c6df440708631ce2d0ac1448.jpg",620,413,false],"2048x2048":["https:\/\/arantv.az\/wp-content\/uploads\/2022\/09\/a0f9bfd1c6df440708631ce2d0ac1448.jpg",620,413,false],"post-thumbnail":["https:\/\/arantv.az\/wp-content\/uploads\/2022\/09\/a0f9bfd1c6df440708631ce2d0ac1448-240x172.jpg",240,172,true],"advps-thumb-one":["https:\/\/arantv.az\/wp-content\/uploads\/2022\/09\/a0f9bfd1c6df440708631ce2d0ac1448.jpg",620,413,false]},"rttpg_author":{"display_name":"V\u00fcsal Rafiqo\u011flu","author_link":"https:\/\/arantv.az\/?author=2"},"rttpg_comment":0,"rttpg_category":"<a href=\"https:\/\/arantv.az\/?cat=4\" rel=\"category\">Siyas\u0259t<\/a>","rttpg_excerpt":"M\u00fcdafi\u0259 naziri general-polkovnik Zakir H\u0259s\u0259nov Bak\u0131 Ekspo M\u0259rk\u0259zind\u0259 ke\u00e7iril\u0259n \u201cADEX 2022\u201d 4-c\u00fc Az\u0259rbaycan Beyn\u0259lxalq M\u00fcdafi\u0259 S\u0259rgisind\u0259 i\u015ftirak etm\u0259k \u00fc\u00e7\u00fcn \u00f6lk\u0259miz\u0259 g\u0259l\u0259n Belarus M\u00fcdafi\u0259 S\u0259nayesi Komit\u0259sinin s\u0259dri Dmitri Pantus il\u0259 g\u00f6r\u00fc\u015f\u00fcb. Bununla ba\u011fl\u0131 Az\u0259rbaycan M\u00fcdafi\u0259 Nazirliyi m\u0259lumat yay\u0131b. G\u00f6r\u00fc\u015fd\u0259 t\u0259r\u0259fl\u0259r Az\u0259rbaycan il\u0259 Belarus aras\u0131nda h\u0259rbi v\u0259 h\u0259rbi-texniki \u0259m\u0259kda\u015fl\u0131\u011f\u0131n inki\u015faf perspektivl\u0259ri, m\u00fcasir h\u0259rbi texnologiyalar\u0131n t\u0259tbiqi imkanlar\u0131, t\u0259cr\u00fcb\u0259&hellip;","_links":{"self":[{"href":"https:\/\/arantv.az\/index.php?rest_route=\/wp\/v2\/posts\/510830"}],"collection":[{"href":"https:\/\/arantv.az\/index.php?rest_route=\/wp\/v2\/posts"}],"about":[{"href":"https:\/\/arantv.az\/index.php?rest_route=\/wp\/v2\/types\/post"}],"author":[{"embeddable":true,"href":"https:\/\/arantv.az\/index.php?rest_route=\/wp\/v2\/users\/2"}],"replies":[{"embeddable":true,"href":"https:\/\/arantv.az\/index.php?rest_route=%2Fwp%2Fv2%2Fcomments&post=510830"}],"version-history":[{"count":0,"href":"https:\/\/arantv.az\/index.php?rest_route=\/wp\/v2\/posts\/510830\/revisions"}],"wp:featuredmedia":[{"embeddable":true,"href":"https:\/\/arantv.az\/index.php?rest_route=\/wp\/v2\/media\/510831"}],"wp:attachment":[{"href":"https:\/\/arantv.az\/index.php?rest_route=%2Fwp%2Fv2%2Fmedia&parent=510830"}],"wp:term":[{"taxonomy":"category","embeddable":true,"href":"https:\/\/arantv.az\/index.php?rest_route=%2Fwp%2Fv2%2Fcategories&post=510830"},{"taxonomy":"post_tag","embeddable":true,"href":"https:\/\/arantv.az\/index.php?rest_route=%2Fwp%2Fv2%2Ftags&post=510830"}],"curies":[{"name":"wp","href":"https:\/\/api.w.org\/{rel}","templated":true}]}}