{"id":510845,"date":"2022-09-06T15:02:29","date_gmt":"2022-09-06T12:02:29","guid":{"rendered":"https:\/\/arantv.az\/?p=510845"},"modified":"2022-09-06T15:02:29","modified_gmt":"2022-09-06T12:02:29","slug":"prezidentd%c9%99n-c%c9%99brayil-v%c9%99-qubadli-il%c9%99-bagli-f%c9%99rman","status":"publish","type":"post","link":"https:\/\/arantv.az\/?p=510845","title":{"rendered":"Prezidentd\u0259n C\u0259bray\u0131l v\u0259 Qubadl\u0131 il\u0259 ba\u011fl\u0131 F\u018fRMAN"},"content":{"rendered":"<p>\u201c\u015e\u0259rqi Z\u0259ng\u0259zur \u0130qtisadi Rayonunda 1 sayl\u0131 B\u0259rpa, Tikinti v\u0259 \u0130dar\u0259etm\u0259 Xidm\u0259ti\u201d publik h\u00fcquqi \u015f\u0259xsin yarad\u0131lmas\u0131 v\u0259 f\u0259aliyy\u0259tinin t\u0259min edilm\u0259si haqq\u0131nda\u201d Az\u0259rbaycan Respublikas\u0131 Prezidentinin 2022-ci il 21 iyul tarixli F\u0259rman\u0131nda d\u0259yi\u015fiklik edilib.<\/p>\n<p><a href=\"https:\/\/azertag.az\/xeber\/Serqi_Zengezur_Iqtisadi_Rayonunda_1_sayli_Berpa_Tikinti_ve_Idareetme_Xidmeti_publik_huquqi_sexsin_yaradilmasi_ve_fealiyyetinin_temin_edilmesi_haqqinda_Azerbaycan_Respublikasi_Prezidentinin_2022_ci_il_21_iyul_tarixli_1756_nomreli_Fermaninda_deyisiklik_edilmesi_barede__Azerbaycan_Respublikasi_Prezidentinin_Fermani-2279765\" target=\"_blank\" rel=\"noopener\">AZ\u018fRTAC<\/a>\u00a0x\u0259b\u0259r verir ki, bununla ba\u011fl\u0131 Prezident \u0130lham \u018fliyev m\u00fcvafiq F\u0259rman imzalay\u0131b.<\/p>\n<p>Q\u0259rara \u0259sas\u0259n, bundan sonra publik h\u00fcquqi \u015f\u0259xs Z\u0259ngilan rayonu il\u0259 yana\u015f\u0131, Qubadl\u0131 v\u0259 C\u0259bray\u0131lda da \u0259halinin qay\u0131d\u0131\u015f\u0131 il\u0259 \u0259laq\u0259dar \u00e7oxm\u0259nzilli binalar\u0131n v\u0259 f\u0259rdi ya\u015fay\u0131\u015f evl\u0259rinin tikintisinin t\u0259\u015fkili, bu qaydada tikilmi\u015f \u00e7oxm\u0259nzilli binalar\u0131n idar\u0259 edilm\u0259si, habel\u0259 m\u00fcvafiq \u0259razid\u0259 abadla\u015fd\u0131rma, ya\u015f\u0131lla\u015fd\u0131rma v\u0259 m\u0259nzil-kommunal t\u0259s\u0259rr\u00fcfat\u0131 sah\u0259l\u0259rind\u0259 f\u0259aliyy\u0259t g\u00f6st\u0259r\u0259c\u0259k.<\/p>\n","protected":false},"excerpt":{"rendered":"<p>\u201c\u015e\u0259rqi Z\u0259ng\u0259zur \u0130qtisadi Rayonunda 1 sayl\u0131 B\u0259rpa, Tikinti v\u0259 \u0130dar\u0259etm\u0259 Xidm\u0259ti\u201d publik h\u00fcquqi \u015f\u0259xsin yarad\u0131lmas\u0131 v\u0259 f\u0259aliyy\u0259tinin t\u0259min edilm\u0259si haqq\u0131nda\u201d Az\u0259rbaycan Respublikas\u0131 Prezidentinin 2022-ci il 21 iyul tarixli F\u0259rman\u0131nda d\u0259yi\u015fiklik edilib. AZ\u018fRTAC\u00a0x\u0259b\u0259r verir ki, bununla ba\u011fl\u0131 Prezident \u0130lham \u018fliyev m\u00fcvafiq F\u0259rman imzalay\u0131b. Q\u0259rara \u0259sas\u0259n, bundan sonra publik h\u00fcquqi \u015f\u0259xs Z\u0259ngilan rayonu il\u0259 yana\u015f\u0131, Qubadl\u0131 v\u0259 C\u0259bray\u0131lda da \u0259halinin qay\u0131d\u0131\u015f\u0131 il\u0259 \u0259laq\u0259dar \u00e7oxm\u0259nzilli binalar\u0131n v\u0259 f\u0259rdi ya\u015fay\u0131\u015f evl\u0259rinin tikintisinin t\u0259\u015fkili, bu qaydada tikilmi\u015f \u00e7oxm\u0259nzilli binalar\u0131n idar\u0259 edilm\u0259si, habel\u0259 m\u00fcvafiq \u0259razid\u0259 abadla\u015fd\u0131rma, ya\u015f\u0131lla\u015fd\u0131rma v\u0259 m\u0259nzil-kommunal t\u0259s\u0259rr\u00fcfat\u0131 sah\u0259l\u0259rind\u0259 f\u0259aliyy\u0259t g\u00f6st\u0259r\u0259c\u0259k.<\/p>\n","protected":false},"author":2,"featured_media":510846,"comment_status":"closed","ping_status":"closed","sticky":false,"template":"","format":"standard","meta":{"om_disable_all_campaigns":false,"_monsterinsights_skip_tracking":false,"_monsterinsights_sitenote_active":false,"_monsterinsights_sitenote_note":"","_monsterinsights_sitenote_category":0},"categories":[4],"tags":[],"aioseo_notices":[],"gutentor_comment":0,"rttpg_featured_image_url":{"full":["https:\/\/arantv.az\/wp-content\/uploads\/2022\/09\/FotoJet-2022-07-26T011201.128-1.jpg",620,413,false],"landscape":["https:\/\/arantv.az\/wp-content\/uploads\/2022\/09\/FotoJet-2022-07-26T011201.128-1.jpg",620,413,false],"portraits":["https:\/\/arantv.az\/wp-content\/uploads\/2022\/09\/FotoJet-2022-07-26T011201.128-1.jpg",620,413,false],"thumbnail":["https:\/\/arantv.az\/wp-content\/uploads\/2022\/09\/FotoJet-2022-07-26T011201.128-1-500x280.jpg",500,280,true],"medium":["https:\/\/arantv.az\/wp-content\/uploads\/2022\/09\/FotoJet-2022-07-26T011201.128-1-548x365.jpg",548,365,true],"large":["https:\/\/arantv.az\/wp-content\/uploads\/2022\/09\/FotoJet-2022-07-26T011201.128-1.jpg",620,413,false],"1536x1536":["https:\/\/arantv.az\/wp-content\/uploads\/2022\/09\/FotoJet-2022-07-26T011201.128-1.jpg",620,413,false],"2048x2048":["https:\/\/arantv.az\/wp-content\/uploads\/2022\/09\/FotoJet-2022-07-26T011201.128-1.jpg",620,413,false],"post-thumbnail":["https:\/\/arantv.az\/wp-content\/uploads\/2022\/09\/FotoJet-2022-07-26T011201.128-1-240x172.jpg",240,172,true],"advps-thumb-one":["https:\/\/arantv.az\/wp-content\/uploads\/2022\/09\/FotoJet-2022-07-26T011201.128-1.jpg",620,413,false]},"rttpg_author":{"display_name":"V\u00fcsal Rafiqo\u011flu","author_link":"https:\/\/arantv.az\/?author=2"},"rttpg_comment":0,"rttpg_category":"<a href=\"https:\/\/arantv.az\/?cat=4\" rel=\"category\">Siyas\u0259t<\/a>","rttpg_excerpt":"\u201c\u015e\u0259rqi Z\u0259ng\u0259zur \u0130qtisadi Rayonunda 1 sayl\u0131 B\u0259rpa, Tikinti v\u0259 \u0130dar\u0259etm\u0259 Xidm\u0259ti\u201d publik h\u00fcquqi \u015f\u0259xsin yarad\u0131lmas\u0131 v\u0259 f\u0259aliyy\u0259tinin t\u0259min edilm\u0259si haqq\u0131nda\u201d Az\u0259rbaycan Respublikas\u0131 Prezidentinin 2022-ci il 21 iyul tarixli F\u0259rman\u0131nda d\u0259yi\u015fiklik edilib. AZ\u018fRTAC\u00a0x\u0259b\u0259r verir ki, bununla ba\u011fl\u0131 Prezident \u0130lham \u018fliyev m\u00fcvafiq F\u0259rman imzalay\u0131b. Q\u0259rara \u0259sas\u0259n, bundan sonra publik h\u00fcquqi \u015f\u0259xs Z\u0259ngilan rayonu il\u0259 yana\u015f\u0131, Qubadl\u0131 v\u0259&hellip;","_links":{"self":[{"href":"https:\/\/arantv.az\/index.php?rest_route=\/wp\/v2\/posts\/510845"}],"collection":[{"href":"https:\/\/arantv.az\/index.php?rest_route=\/wp\/v2\/posts"}],"about":[{"href":"https:\/\/arantv.az\/index.php?rest_route=\/wp\/v2\/types\/post"}],"author":[{"embeddable":true,"href":"https:\/\/arantv.az\/index.php?rest_route=\/wp\/v2\/users\/2"}],"replies":[{"embeddable":true,"href":"https:\/\/arantv.az\/index.php?rest_route=%2Fwp%2Fv2%2Fcomments&post=510845"}],"version-history":[{"count":0,"href":"https:\/\/arantv.az\/index.php?rest_route=\/wp\/v2\/posts\/510845\/revisions"}],"wp:featuredmedia":[{"embeddable":true,"href":"https:\/\/arantv.az\/index.php?rest_route=\/wp\/v2\/media\/510846"}],"wp:attachment":[{"href":"https:\/\/arantv.az\/index.php?rest_route=%2Fwp%2Fv2%2Fmedia&parent=510845"}],"wp:term":[{"taxonomy":"category","embeddable":true,"href":"https:\/\/arantv.az\/index.php?rest_route=%2Fwp%2Fv2%2Fcategories&post=510845"},{"taxonomy":"post_tag","embeddable":true,"href":"https:\/\/arantv.az\/index.php?rest_route=%2Fwp%2Fv2%2Ftags&post=510845"}],"curies":[{"name":"wp","href":"https:\/\/api.w.org\/{rel}","templated":true}]}}