{"id":510849,"date":"2022-09-06T15:06:19","date_gmt":"2022-09-06T12:06:19","guid":{"rendered":"https:\/\/arantv.az\/?p=510849"},"modified":"2022-09-06T15:06:19","modified_gmt":"2022-09-06T12:06:19","slug":"az%c9%99rbaycan-bu-gun-ugurlu-must%c9%99qil-siyas%c9%99ti-n%c9%99tic%c9%99sind%c9%99-dunya-miqyasinda-lider-olk%c9%99l%c9%99rd%c9%99n-biridir","status":"publish","type":"post","link":"https:\/\/arantv.az\/?p=510849","title":{"rendered":"Az\u0259rbaycan bu g\u00fcn u\u011furlu m\u00fcst\u0259qil siyas\u0259ti n\u0259tic\u0259sind\u0259 d\u00fcnya miqyas\u0131nda lider \u00f6lk\u0259l\u0259rd\u0259n biridir"},"content":{"rendered":"<p>M\u00fcasir m\u00fcst\u0259qil Az\u0259rbaycan\u0131n memar\u0131 v\u0259 qurucusu olan \u00fcmummilli lider Heyd\u0259r \u018fliyev t\u0259r\u0259find\u0259n \u0259sas\u0131 qoyulmu\u015f xarici siyas\u0259t strategiyas\u0131 bu g\u00fcn m\u00f6ht\u0259r\u0259m Prezidentimiz \u0130lham \u018fliyev t\u0259r\u0259find\u0259n u\u011furla davam etdirilir. Haz\u0131rda m\u00fcst\u0259qil d\u00f6vl\u0259timizin beyn\u0259lxalq al\u0259md\u0259ki m\u00f6vqel\u0259ri xeyli m\u00f6hk\u0259ml\u0259nmi\u015f, \u0259laq\u0259l\u0259ri geni\u015fl\u0259nmi\u015fdir. D\u00f6vl\u0259t ba\u015f\u00e7\u0131m\u0131z\u0131n d\u00fcnya s\u0259viyy\u0259sind\u0259 h\u0259yata ke\u00e7irdiyi balansla\u015fd\u0131r\u0131lm\u0131\u015f xarici siyas\u0259ti Az\u0259rbaycan\u0131 inki\u015faf etmi\u015f demokratik \u00f6lk\u0259l\u0259r s\u0131ras\u0131na \u00e7\u0131xar\u0131b. \u0130ndi Az\u0259rbaycan demokratik, m\u00fcst\u0259qil v\u0259 azad bir \u00f6lk\u0259 kimi tan\u0131n\u0131r. Ulu \u00f6nd\u0259rin haz\u0131rlad\u0131\u011f\u0131 m\u00fck\u0259mm\u0259l xarici siyas\u0259t strategiyas\u0131 Az\u0259rbaycan\u0131 b\u00fct\u00fcn regional m\u0259s\u0259l\u0259l\u0259rd\u0259 h\u0259lledici s\u00f6z sahibi olan m\u00fcst\u0259qil d\u00f6vl\u0259t\u0259 \u00e7evirdi. O vaxtdan ba\u015flayaraq regiondak\u0131 h\u0259r hans\u0131 bir strateji \u0259h\u0259miyy\u0259tli layih\u0259 Az\u0259rbaycan\u0131n r\u0259yi olmadan ger\u00e7\u0259kl\u0259\u015f\u0259 bilm\u0259z. Az\u0259rbaycan\u0131n s\u00fclhsev\u0259r, demokratik prosesl\u0259rin inki\u015faf\u0131na x\u00fcsusi \u00f6n\u0259m yetir\u0259n m\u00fcst\u0259qil d\u00f6vl\u0259t olmas\u0131 bar\u0259d\u0259 beyn\u0259lxalq al\u0259md\u0259 r\u0259y formala\u015fd\u0131 v\u0259 m\u00f6hk\u0259m inam yarand\u0131. Az\u0259rbaycan\u0131n\u00a0\u00f6z milli maraqlar\u0131n\u0131n ger\u00e7\u0259kl\u0259\u015fdirilm\u0259si, h\u0259m\u00e7inin regional v\u0259 qlobal m\u00f6vqel\u0259rinin m\u00f6hk\u0259ml\u0259ndirilm\u0259si \u00fc\u00e7\u00fcn iqtisadi v\u0259 siyasi imkanlardan m\u0259har\u0259tl\u0259 istifad\u0259 edildi. \u00dcmummilli liderin davaml\u0131 daxili v\u0259 xarici siyas\u0259ti n\u0259tic\u0259sind\u0259 Az\u0259rbaycan regionda lider v\u0259 beyn\u0259lxalq al\u0259md\u0259 etibarl\u0131, inaml\u0131 t\u0259r\u0259fda\u015f \u00f6lk\u0259 kimi\u00a0tan\u0131nd\u0131. M\u00fcst\u0259qil d\u00f6vl\u0259timizin xarici siyas\u0259t istiqam\u0259tl\u0259ri v\u0259 strateji se\u00e7iml\u0259ri m\u00fc\u0259yy\u0259nl\u0259\u015fdirildi.<\/p>\n<p>Prezidentimiz \u0130lham \u018fliyevin u\u011furlu diplomatik f\u0259aliyy\u0259ti n\u0259tic\u0259sind\u0259 Az\u0259rbaycan\u0131n d\u00fcnya birliyind\u0259ki n\u00fcfuzu daha da artd\u0131. Son be\u015f ild\u0259 xarici siyas\u0259td\u0259ki u\u011furlar m\u00fcst\u0259qil d\u00f6vl\u0259timizin m\u00f6vqel\u0259rini xeyli m\u00f6hk\u0259ml\u0259ndirib.\u00a0Prezident \u0130lham \u018fliyevin \u00f6lk\u0259y\u0259 r\u0259hb\u0259rlik etdiyi d\u00f6vrd\u0259 \u0259ld\u0259 edilmi\u015f diplomatik u\u011furlar n\u0259tic\u0259sind\u0259 \u00f6lk\u0259mizl\u0259 \u0259m\u0259kda\u015fl\u0131q ed\u0259n demokratik d\u00f6vl\u0259tl\u0259rin say\u0131 xeyli \u00e7oxal\u0131b.\u00a0Az\u0259rbaycan\u0131n 160 \u00f6lk\u0259 il\u0259 diplomatik \u0259laq\u0259l\u0259ri vard\u0131r. \u00d6lk\u0259mizd\u0259 57 s\u0259firlik, konsulluq v\u0259 beyn\u0259lxalq t\u0259\u015fkilatlar\u0131n n\u00fcmay\u0259nd\u0259likl\u0259ri f\u0259aliyy\u0259t g\u00f6st\u0259rir. Az\u0259rbaycan\u0131n is\u0259 56 diplomatik n\u00fcmay\u0259nd\u0259liyi, o c\u00fcml\u0259d\u0259n 47 s\u0259firliyi f\u0259aliyy\u0259t g\u00f6st\u0259rir. Bu q\u0259d\u0259r s\u0259firliyin 30-u 2004-2008-ci ill\u0259rd\u0259 c\u0259nab \u0130lham \u018fliyevin prezidentlik f\u0259aliyy\u0259ti d\u00f6vr\u00fcnd\u0259 a\u00e7\u0131lm\u0131\u015fd\u0131r. D\u00f6vl\u0259t ba\u015f\u00e7\u0131m\u0131z\u0131n t\u0259\u015f\u0259bb\u00fcs\u00fc v\u0259 tap\u015f\u0131r\u0131\u011f\u0131 il\u0259 Az\u0259rbaycan Diplomatiya Akademiyas\u0131 yarad\u0131lm\u0131\u015f v\u0259 f\u0259aliyy\u0259t\u0259 ba\u015flam\u0131\u015fd\u0131r. Bu da m\u00fcst\u0259qil d\u00f6vl\u0259timizin xarici siyas\u0259tinin u\u011furla realla\u015fd\u0131r\u0131lmas\u0131nda b\u00f6y\u00fck \u0259h\u0259miyy\u0259t k\u0259sb edir.<\/p>\n<p>Az\u0259rbaycan\u0131n xarici siyas\u0259tinin \u0259sas prioritetl\u0259rind\u0259n olan beyn\u0259lxalq terrorizm v\u0259 k\u00fctl\u0259vi q\u0131r\u011f\u0131n silahlar\u0131n\u0131n yarad\u0131lmas\u0131na qar\u015f\u0131 m\u00fcbariz\u0259d\u0259 f\u0259all\u0131q g\u00f6st\u0259rm\u0259sidir. Bu sah\u0259d\u0259 \u00f6lk\u0259miz \u00e7oxt\u0259r\u0259fli v\u0259 ikit\u0259r\u0259fli \u00e7\u0259r\u00e7iv\u0259d\u0259 beyn\u0259lxalq \u0259m\u0259kda\u015fl\u0131\u011fa c\u0259lb olunub. Beyn\u0259lxalq terrorizm\u0259 qar\u015f\u0131 m\u00fcbariz\u0259 il\u0259 \u0259laq\u0259dar b\u00fct\u00fcn beyn\u0259lxalq s\u0259n\u0259dl\u0259r\u0259 qo\u015fulan Az\u0259rbaycan bu sah\u0259y\u0259 dair m\u00fct\u0259madi olaraq m\u0259lumat m\u00fcbadil\u0259si h\u0259yata ke\u00e7irir v\u0259 m\u00fcvafiq m\u0259ruz\u0259l\u0259r haz\u0131rlay\u0131r. Bizim s\u00fclhm\u0259raml\u0131lar Kosovo, \u0130raq v\u0259 \u018ffqan\u0131standa beyn\u0259lxalq birliyin dig\u0259r \u00fczvl\u0259rind\u0259n olan \u0259sg\u0259r v\u0259 zabitl\u0259rl\u0259 \u00e7iyin-\u00e7iyin\u0259 xidm\u0259t g\u00f6st\u0259rmi\u015fl\u0259r. D\u00fcnyan\u0131n inki\u015faf etmi\u015f d\u00f6vl\u0259tl\u0259rinin ba\u015f\u00e7\u0131lar\u0131, h\u0259m\u00e7inin n\u00fcfuzlu beyn\u0259lxalq qurumlar\u0131n n\u00fcmay\u0259nd\u0259l\u0259ri Az\u0259rbaycan\u0131n beyn\u0259lxalq terrorizm\u0259 qar\u015f\u0131 m\u00fcbariz\u0259d\u0259ki f\u0259aliyy\u0259tini y\u00fcks\u0259k qiym\u0259tl\u0259ndirirl\u0259r. Siyasi ekspertl\u0259r bunu d\u00f6vl\u0259t ba\u015f\u00e7\u0131m\u0131z\u0131n u\u011furlu xarici siyas\u0259tinin prioritetl\u0259rind\u0259n biri kimi d\u0259y\u0259rl\u0259ndirirl\u0259r. Transmilli cinay\u0259tkarl\u0131q v\u0259 insan alverin\u0259 qar\u015f\u0131 m\u00fcbariz\u0259 region \u00f6lk\u0259l\u0259ri il\u0259, el\u0259c\u0259 d\u0259 Az\u0259rbaycan\u0131n AT\u018fT, \u0130slam Konfrans\u0131 T\u0259\u015fkilat\u0131, Avropa \u015euras\u0131, GUAM, Avropa \u0130ttifaq\u0131, NATO v\u0259 dig\u0259r tan\u0131nm\u0131\u015f beyn\u0259lxalq t\u0259\u015fkilatlarla s\u0131x \u0259m\u0259kda\u015fl\u0131q etm\u0259si x\u00fcsusi qeyd olunmal\u0131d\u0131r.<\/p>\n<p>Az\u0259rbaycan\u0131n son ill\u0259r \u0259rzind\u0259 xarici siyas\u0259t strategiyas\u0131n\u0131n u\u011furla h\u0259yata ke\u00e7irilm\u0259si \u00f6lk\u0259mizin d\u00fcnya miqyas\u0131ndak\u0131 n\u00fcfuzunu xeyli art\u0131r\u0131b.\u00a0Bu ill\u0259r \u0259rzind\u0259 Az\u0259rbaycan daim d\u0259yi\u015f\u0259n beyn\u0259lxalq m\u00fchit\u0259 uy\u011funla\u015fmaqla, eyni zamanda, regional lider\u0259 \u00e7evrilmi\u015fdir. \u018fsas\u0131 \u00dcmummilli Lider Heyd\u0259r \u018fliyev t\u0259r\u0259find\u0259n qoyulmu\u015f xarici siyas\u0259t strategiyas\u0131n\u0131 davam etdir\u0259n Prezident \u0130lham \u018fliyevin u\u011furlu \u00a0m\u00fcst\u0259qil siyas\u0259ti d\u00f6vl\u0259timizin d\u00fcnya birliyind\u0259ki m\u00f6vqel\u0259rini daha da art\u0131racaq.<\/p>\n<p><strong>\u015e\u0259bn\u0259m \u0130smay\u0131lova,<\/strong><br \/>\n<em>YAP-\u0131n g\u0259nc f\u0259al\u0131<\/em><\/p>\n","protected":false},"excerpt":{"rendered":"<p>M\u00fcasir m\u00fcst\u0259qil Az\u0259rbaycan\u0131n memar\u0131 v\u0259 qurucusu olan \u00fcmummilli lider Heyd\u0259r \u018fliyev t\u0259r\u0259find\u0259n \u0259sas\u0131 qoyulmu\u015f xarici siyas\u0259t strategiyas\u0131 bu g\u00fcn m\u00f6ht\u0259r\u0259m Prezidentimiz \u0130lham \u018fliyev t\u0259r\u0259find\u0259n u\u011furla davam etdirilir. Haz\u0131rda m\u00fcst\u0259qil d\u00f6vl\u0259timizin beyn\u0259lxalq al\u0259md\u0259ki m\u00f6vqel\u0259ri xeyli m\u00f6hk\u0259ml\u0259nmi\u015f, \u0259laq\u0259l\u0259ri geni\u015fl\u0259nmi\u015fdir. D\u00f6vl\u0259t ba\u015f\u00e7\u0131m\u0131z\u0131n d\u00fcnya s\u0259viyy\u0259sind\u0259 h\u0259yata ke\u00e7irdiyi balansla\u015fd\u0131r\u0131lm\u0131\u015f xarici siyas\u0259ti Az\u0259rbaycan\u0131 inki\u015faf etmi\u015f demokratik \u00f6lk\u0259l\u0259r s\u0131ras\u0131na \u00e7\u0131xar\u0131b. \u0130ndi Az\u0259rbaycan demokratik, m\u00fcst\u0259qil v\u0259 azad bir \u00f6lk\u0259 kimi tan\u0131n\u0131r. Ulu \u00f6nd\u0259rin haz\u0131rlad\u0131\u011f\u0131 m\u00fck\u0259mm\u0259l xarici siyas\u0259t strategiyas\u0131 Az\u0259rbaycan\u0131 b\u00fct\u00fcn regional m\u0259s\u0259l\u0259l\u0259rd\u0259 h\u0259lledici s\u00f6z sahibi olan m\u00fcst\u0259qil d\u00f6vl\u0259t\u0259 \u00e7evirdi. O vaxtdan ba\u015flayaraq regiondak\u0131 h\u0259r hans\u0131 bir strateji \u0259h\u0259miyy\u0259tli&hellip;<\/p>\n","protected":false},"author":2,"featured_media":510850,"comment_status":"closed","ping_status":"closed","sticky":false,"template":"","format":"standard","meta":{"om_disable_all_campaigns":false,"_monsterinsights_skip_tracking":false,"_monsterinsights_sitenote_active":false,"_monsterinsights_sitenote_note":"","_monsterinsights_sitenote_category":0},"categories":[19],"tags":[],"aioseo_notices":[],"gutentor_comment":0,"rttpg_featured_image_url":{"full":["https:\/\/arantv.az\/wp-content\/uploads\/2022\/09\/44151de6163603458727778763810757748.jpg",975,540,false],"landscape":["https:\/\/arantv.az\/wp-content\/uploads\/2022\/09\/44151de6163603458727778763810757748.jpg",975,540,false],"portraits":["https:\/\/arantv.az\/wp-content\/uploads\/2022\/09\/44151de6163603458727778763810757748.jpg",975,540,false],"thumbnail":["https:\/\/arantv.az\/wp-content\/uploads\/2022\/09\/44151de6163603458727778763810757748-500x280.jpg",500,280,true],"medium":["https:\/\/arantv.az\/wp-content\/uploads\/2022\/09\/44151de6163603458727778763810757748-660x365.jpg",660,365,true],"large":["https:\/\/arantv.az\/wp-content\/uploads\/2022\/09\/44151de6163603458727778763810757748-840x465.jpg",640,354,true],"1536x1536":["https:\/\/arantv.az\/wp-content\/uploads\/2022\/09\/44151de6163603458727778763810757748.jpg",975,540,false],"2048x2048":["https:\/\/arantv.az\/wp-content\/uploads\/2022\/09\/44151de6163603458727778763810757748.jpg",975,540,false],"post-thumbnail":["https:\/\/arantv.az\/wp-content\/uploads\/2022\/09\/44151de6163603458727778763810757748-240x172.jpg",240,172,true],"advps-thumb-one":["https:\/\/arantv.az\/wp-content\/uploads\/2022\/09\/44151de6163603458727778763810757748.jpg",975,540,false]},"rttpg_author":{"display_name":"V\u00fcsal Rafiqo\u011flu","author_link":"https:\/\/arantv.az\/?author=2"},"rttpg_comment":0,"rttpg_category":"<a href=\"https:\/\/arantv.az\/?cat=19\" rel=\"category\">G\u00fcnd\u0259m<\/a>","rttpg_excerpt":"M\u00fcasir m\u00fcst\u0259qil Az\u0259rbaycan\u0131n memar\u0131 v\u0259 qurucusu olan \u00fcmummilli lider Heyd\u0259r \u018fliyev t\u0259r\u0259find\u0259n \u0259sas\u0131 qoyulmu\u015f xarici siyas\u0259t strategiyas\u0131 bu g\u00fcn m\u00f6ht\u0259r\u0259m Prezidentimiz \u0130lham \u018fliyev t\u0259r\u0259find\u0259n u\u011furla davam etdirilir. Haz\u0131rda m\u00fcst\u0259qil d\u00f6vl\u0259timizin beyn\u0259lxalq al\u0259md\u0259ki m\u00f6vqel\u0259ri xeyli m\u00f6hk\u0259ml\u0259nmi\u015f, \u0259laq\u0259l\u0259ri geni\u015fl\u0259nmi\u015fdir. D\u00f6vl\u0259t ba\u015f\u00e7\u0131m\u0131z\u0131n d\u00fcnya s\u0259viyy\u0259sind\u0259 h\u0259yata ke\u00e7irdiyi balansla\u015fd\u0131r\u0131lm\u0131\u015f xarici siyas\u0259ti Az\u0259rbaycan\u0131 inki\u015faf etmi\u015f demokratik \u00f6lk\u0259l\u0259r s\u0131ras\u0131na \u00e7\u0131xar\u0131b. \u0130ndi Az\u0259rbaycan&hellip;","_links":{"self":[{"href":"https:\/\/arantv.az\/index.php?rest_route=\/wp\/v2\/posts\/510849"}],"collection":[{"href":"https:\/\/arantv.az\/index.php?rest_route=\/wp\/v2\/posts"}],"about":[{"href":"https:\/\/arantv.az\/index.php?rest_route=\/wp\/v2\/types\/post"}],"author":[{"embeddable":true,"href":"https:\/\/arantv.az\/index.php?rest_route=\/wp\/v2\/users\/2"}],"replies":[{"embeddable":true,"href":"https:\/\/arantv.az\/index.php?rest_route=%2Fwp%2Fv2%2Fcomments&post=510849"}],"version-history":[{"count":0,"href":"https:\/\/arantv.az\/index.php?rest_route=\/wp\/v2\/posts\/510849\/revisions"}],"wp:featuredmedia":[{"embeddable":true,"href":"https:\/\/arantv.az\/index.php?rest_route=\/wp\/v2\/media\/510850"}],"wp:attachment":[{"href":"https:\/\/arantv.az\/index.php?rest_route=%2Fwp%2Fv2%2Fmedia&parent=510849"}],"wp:term":[{"taxonomy":"category","embeddable":true,"href":"https:\/\/arantv.az\/index.php?rest_route=%2Fwp%2Fv2%2Fcategories&post=510849"},{"taxonomy":"post_tag","embeddable":true,"href":"https:\/\/arantv.az\/index.php?rest_route=%2Fwp%2Fv2%2Ftags&post=510849"}],"curies":[{"name":"wp","href":"https:\/\/api.w.org\/{rel}","templated":true}]}}