{"id":512724,"date":"2022-09-13T11:52:50","date_gmt":"2022-09-13T08:52:50","guid":{"rendered":"https:\/\/arantv.az\/?p=512724"},"modified":"2022-09-13T11:52:50","modified_gmt":"2022-09-13T08:52:50","slug":"rusiya-xin-az%c9%99rbaycan-v%c9%99-erm%c9%99nistan-s%c9%99rh%c9%99dind%c9%99ki-g%c9%99rginlikl%c9%99-bagli-b%c9%99yanat-yayib","status":"publish","type":"post","link":"https:\/\/arantv.az\/?p=512724","title":{"rendered":"Rusiya X\u0130N Az\u0259rbaycan v\u0259 Erm\u0259nistan s\u0259rh\u0259dind\u0259ki g\u0259rginlikl\u0259 ba\u011fl\u0131 b\u0259yanat yay\u0131b"},"content":{"rendered":"<p>Erm\u0259nistan-Az\u0259rbaycan s\u0259rh\u0259dind\u0259ki g\u0259rginliyin nizamlanmas\u0131 \u00fc\u00e7\u00fcn k\u00f6m\u0259k ist\u0259yib.<\/p>\n<p>Bu bar\u0259d\u0259 Rusiya Xarici \u0130\u015fl\u0259r Nazirliyinin yayd\u0131\u011f\u0131 b\u0259yanatda bildirilib.<\/p>\n<div class=\"AdviadNativeVideo\"><\/div>\n<p>B\u0259yanatda g\u00f6st\u0259rilir ki, Rusiya Federasiyas\u0131 Erm\u0259nistan v\u0259 Az\u0259rbaycan s\u0259rh\u0259dind\u0259 v\u0259ziyy\u0259tin k\u0259skin \u015f\u0259kild\u0259 g\u0259rginl\u0259\u015fm\u0259sind\u0259n narahatd\u0131r.<\/p>\n<p>B\u0259yanatda qeyd olunur ki, \u0130r\u0259vanla Bak\u0131 aras\u0131nda b\u00fct\u00fcn m\u00fcbahis\u0259li m\u0259s\u0259l\u0259l\u0259r m\u00fcst\u0259sna olaraq siyasi v\u0259 diplomatik yollarla h\u0259ll edilm\u0259lidir.<\/p>\n<p>\u201cBiz t\u0259r\u0259fl\u0259ri Rusiya, Az\u0259rbaycan v\u0259 Erm\u0259nistan liderl\u0259rinin 10\u00a0noyabr 2020-ci il, 11 yanvar v\u0259 26 noyabr 2021-ci il tarixli \u00fc\u00e7t\u0259r\u0259fli b\u0259yanatlar\u0131na uy\u011fun olaraq v\u0259ziyy\u0259tin daha da g\u0259rginl\u0259\u015fm\u0259sind\u0259n \u00e7\u0259kinm\u0259y\u0259, t\u0259mkin n\u00fcmayi\u015f etdirm\u0259y\u0259 v\u0259 at\u0259\u015fk\u0259s rejimin\u0259 ciddi riay\u0259t etm\u0259y\u0259 \u00e7a\u011f\u0131r\u0131r\u0131q. Biz g\u00f6zl\u0259yirik ki, Rusiyan\u0131n vasit\u0259\u00e7iliyi n\u0259tic\u0259sind\u0259 bu il sentyabr\u0131n 13-d\u0259 Moskva vaxt\u0131 il\u0259 saat 9:00-dan etibar\u0259n at\u0259\u015fk\u0259sl\u0259 ba\u011fl\u0131 \u0259ld\u0259 olunan raz\u0131l\u0131q tam h\u0259cmd\u0259 h\u0259yata ke\u00e7iril\u0259c\u0259k\u201d, &#8211; Rusiya X\u0130N-in b\u0259yanat\u0131nda vur\u011fulan\u0131r.<\/p>\n<p>M\u0259nb\u0259: TASS<\/p>\n","protected":false},"excerpt":{"rendered":"<p>Erm\u0259nistan-Az\u0259rbaycan s\u0259rh\u0259dind\u0259ki g\u0259rginliyin nizamlanmas\u0131 \u00fc\u00e7\u00fcn k\u00f6m\u0259k ist\u0259yib. Bu bar\u0259d\u0259 Rusiya Xarici \u0130\u015fl\u0259r Nazirliyinin yayd\u0131\u011f\u0131 b\u0259yanatda bildirilib. B\u0259yanatda g\u00f6st\u0259rilir ki, Rusiya Federasiyas\u0131 Erm\u0259nistan v\u0259 Az\u0259rbaycan s\u0259rh\u0259dind\u0259 v\u0259ziyy\u0259tin k\u0259skin \u015f\u0259kild\u0259 g\u0259rginl\u0259\u015fm\u0259sind\u0259n narahatd\u0131r. B\u0259yanatda qeyd olunur ki, \u0130r\u0259vanla Bak\u0131 aras\u0131nda b\u00fct\u00fcn m\u00fcbahis\u0259li m\u0259s\u0259l\u0259l\u0259r m\u00fcst\u0259sna olaraq siyasi v\u0259 diplomatik yollarla h\u0259ll edilm\u0259lidir. \u201cBiz t\u0259r\u0259fl\u0259ri Rusiya, Az\u0259rbaycan v\u0259 Erm\u0259nistan liderl\u0259rinin 10\u00a0noyabr 2020-ci il, 11 yanvar v\u0259 26 noyabr 2021-ci il tarixli \u00fc\u00e7t\u0259r\u0259fli b\u0259yanatlar\u0131na uy\u011fun olaraq v\u0259ziyy\u0259tin daha da g\u0259rginl\u0259\u015fm\u0259sind\u0259n \u00e7\u0259kinm\u0259y\u0259, t\u0259mkin n\u00fcmayi\u015f etdirm\u0259y\u0259 v\u0259 at\u0259\u015fk\u0259s rejimin\u0259 ciddi riay\u0259t etm\u0259y\u0259 \u00e7a\u011f\u0131r\u0131r\u0131q. Biz g\u00f6zl\u0259yirik ki, Rusiyan\u0131n vasit\u0259\u00e7iliyi&hellip;<\/p>\n","protected":false},"author":2,"featured_media":512725,"comment_status":"closed","ping_status":"closed","sticky":false,"template":"","format":"standard","meta":{"om_disable_all_campaigns":false,"_monsterinsights_skip_tracking":false,"_monsterinsights_sitenote_active":false,"_monsterinsights_sitenote_note":"","_monsterinsights_sitenote_category":0},"categories":[10],"tags":[],"aioseo_notices":[],"gutentor_comment":0,"rttpg_featured_image_url":{"full":["https:\/\/arantv.az\/wp-content\/uploads\/2022\/09\/FotoJet-2022-09-13T123131.316.jpg",620,413,false],"landscape":["https:\/\/arantv.az\/wp-content\/uploads\/2022\/09\/FotoJet-2022-09-13T123131.316.jpg",620,413,false],"portraits":["https:\/\/arantv.az\/wp-content\/uploads\/2022\/09\/FotoJet-2022-09-13T123131.316.jpg",620,413,false],"thumbnail":["https:\/\/arantv.az\/wp-content\/uploads\/2022\/09\/FotoJet-2022-09-13T123131.316-500x280.jpg",500,280,true],"medium":["https:\/\/arantv.az\/wp-content\/uploads\/2022\/09\/FotoJet-2022-09-13T123131.316-548x365.jpg",548,365,true],"large":["https:\/\/arantv.az\/wp-content\/uploads\/2022\/09\/FotoJet-2022-09-13T123131.316.jpg",620,413,false],"1536x1536":["https:\/\/arantv.az\/wp-content\/uploads\/2022\/09\/FotoJet-2022-09-13T123131.316.jpg",620,413,false],"2048x2048":["https:\/\/arantv.az\/wp-content\/uploads\/2022\/09\/FotoJet-2022-09-13T123131.316.jpg",620,413,false],"post-thumbnail":["https:\/\/arantv.az\/wp-content\/uploads\/2022\/09\/FotoJet-2022-09-13T123131.316-240x172.jpg",240,172,true],"advps-thumb-one":["https:\/\/arantv.az\/wp-content\/uploads\/2022\/09\/FotoJet-2022-09-13T123131.316.jpg",620,413,false]},"rttpg_author":{"display_name":"V\u00fcsal Rafiqo\u011flu","author_link":"https:\/\/arantv.az\/?author=2"},"rttpg_comment":0,"rttpg_category":"<a href=\"https:\/\/arantv.az\/?cat=10\" rel=\"category\">C\u0259bh\u0259d\u0259n X\u0259b\u0259r<\/a>","rttpg_excerpt":"Erm\u0259nistan-Az\u0259rbaycan s\u0259rh\u0259dind\u0259ki g\u0259rginliyin nizamlanmas\u0131 \u00fc\u00e7\u00fcn k\u00f6m\u0259k ist\u0259yib. Bu bar\u0259d\u0259 Rusiya Xarici \u0130\u015fl\u0259r Nazirliyinin yayd\u0131\u011f\u0131 b\u0259yanatda bildirilib. B\u0259yanatda g\u00f6st\u0259rilir ki, Rusiya Federasiyas\u0131 Erm\u0259nistan v\u0259 Az\u0259rbaycan s\u0259rh\u0259dind\u0259 v\u0259ziyy\u0259tin k\u0259skin \u015f\u0259kild\u0259 g\u0259rginl\u0259\u015fm\u0259sind\u0259n narahatd\u0131r. B\u0259yanatda qeyd olunur ki, \u0130r\u0259vanla Bak\u0131 aras\u0131nda b\u00fct\u00fcn m\u00fcbahis\u0259li m\u0259s\u0259l\u0259l\u0259r m\u00fcst\u0259sna olaraq siyasi v\u0259 diplomatik yollarla h\u0259ll edilm\u0259lidir. \u201cBiz t\u0259r\u0259fl\u0259ri Rusiya, Az\u0259rbaycan v\u0259 Erm\u0259nistan liderl\u0259rinin&hellip;","_links":{"self":[{"href":"https:\/\/arantv.az\/index.php?rest_route=\/wp\/v2\/posts\/512724"}],"collection":[{"href":"https:\/\/arantv.az\/index.php?rest_route=\/wp\/v2\/posts"}],"about":[{"href":"https:\/\/arantv.az\/index.php?rest_route=\/wp\/v2\/types\/post"}],"author":[{"embeddable":true,"href":"https:\/\/arantv.az\/index.php?rest_route=\/wp\/v2\/users\/2"}],"replies":[{"embeddable":true,"href":"https:\/\/arantv.az\/index.php?rest_route=%2Fwp%2Fv2%2Fcomments&post=512724"}],"version-history":[{"count":0,"href":"https:\/\/arantv.az\/index.php?rest_route=\/wp\/v2\/posts\/512724\/revisions"}],"wp:featuredmedia":[{"embeddable":true,"href":"https:\/\/arantv.az\/index.php?rest_route=\/wp\/v2\/media\/512725"}],"wp:attachment":[{"href":"https:\/\/arantv.az\/index.php?rest_route=%2Fwp%2Fv2%2Fmedia&parent=512724"}],"wp:term":[{"taxonomy":"category","embeddable":true,"href":"https:\/\/arantv.az\/index.php?rest_route=%2Fwp%2Fv2%2Fcategories&post=512724"},{"taxonomy":"post_tag","embeddable":true,"href":"https:\/\/arantv.az\/index.php?rest_route=%2Fwp%2Fv2%2Ftags&post=512724"}],"curies":[{"name":"wp","href":"https:\/\/api.w.org\/{rel}","templated":true}]}}