{"id":512734,"date":"2022-09-13T12:03:50","date_gmt":"2022-09-13T09:03:50","guid":{"rendered":"https:\/\/arantv.az\/?p=512734"},"modified":"2022-09-13T12:03:50","modified_gmt":"2022-09-13T09:03:50","slug":"istanbulun-m%c9%99rk%c9%99zind%c9%99-atisma-cox-sayda-insan-yaralanib-video","status":"publish","type":"post","link":"https:\/\/arantv.az\/?p=512734","title":{"rendered":"\u0130stanbulun m\u0259rk\u0259zind\u0259 at\u0131\u015fma: \u00c7ox sayda insan yaralan\u0131b &#8211; V\u0130DEO"},"content":{"rendered":"<p>T\u00fcrkiy\u0259nin \u0130stanbul \u015f\u0259h\u0259rind\u0259 iki ma\u011faza sahibi aras\u0131nda at\u0131\u015fma g\u00f6r\u00fcnt\u00fcl\u0259ri yay\u0131l\u0131b.<\/p>\n<div class=\"AdviadNativeVideo\"><\/div>\n<p>Hadis\u0259 Emin\u00f6n\u00fc yeralt\u0131 ticar\u0259t m\u0259rk\u0259zind\u0259 ba\u015f verib.<\/p>\n<p>Tacettin G. adl\u0131 ma\u011faza sahibi Mehmet T. adl\u0131 dig\u0259r ma\u011fazan\u0131n sahibi il\u0259 d\u00fckan almaq \u00fcst\u00fcnd\u0259 m\u00fcbahis\u0259 edib. Daha sonra onlar\u0131n \u0259traflar\u0131ndak\u0131 qruplar \u0259ll\u0259rind\u0259 silahlar v\u0259 d\u0259y\u0259n\u0259kl\u0259rl\u0259 davaya ba\u015flay\u0131blar. Hadis\u0259 n\u0259tic\u0259sind\u0259 yeddi n\u0259f\u0259r yaralan\u0131b.<\/p>\n<p>Faktla ba\u011fl\u0131 \u00fc\u00e7 \u015f\u00fcbh\u0259li tutulub.<\/p>\n<div><iframe loading=\"lazy\" src=\"https:\/\/player.baku.tv\/embed\/60799\" width=\"560\" height=\"315\" frameborder=\"0\" allowfullscreen=\"allowfullscreen\" data-mce-fragment=\"1\"><\/iframe><\/div>\n<p>M\u0259nb\u0259: \u0130HA<\/p>\n","protected":false},"excerpt":{"rendered":"<p>T\u00fcrkiy\u0259nin \u0130stanbul \u015f\u0259h\u0259rind\u0259 iki ma\u011faza sahibi aras\u0131nda at\u0131\u015fma g\u00f6r\u00fcnt\u00fcl\u0259ri yay\u0131l\u0131b. Hadis\u0259 Emin\u00f6n\u00fc yeralt\u0131 ticar\u0259t m\u0259rk\u0259zind\u0259 ba\u015f verib. Tacettin G. adl\u0131 ma\u011faza sahibi Mehmet T. adl\u0131 dig\u0259r ma\u011fazan\u0131n sahibi il\u0259 d\u00fckan almaq \u00fcst\u00fcnd\u0259 m\u00fcbahis\u0259 edib. Daha sonra onlar\u0131n \u0259traflar\u0131ndak\u0131 qruplar \u0259ll\u0259rind\u0259 silahlar v\u0259 d\u0259y\u0259n\u0259kl\u0259rl\u0259 davaya ba\u015flay\u0131blar. Hadis\u0259 n\u0259tic\u0259sind\u0259 yeddi n\u0259f\u0259r yaralan\u0131b. Faktla ba\u011fl\u0131 \u00fc\u00e7 \u015f\u00fcbh\u0259li tutulub. M\u0259nb\u0259: \u0130HA<\/p>\n","protected":false},"author":2,"featured_media":512735,"comment_status":"closed","ping_status":"closed","sticky":false,"template":"","format":"standard","meta":{"om_disable_all_campaigns":false,"_monsterinsights_skip_tracking":false,"_monsterinsights_sitenote_active":false,"_monsterinsights_sitenote_note":"","_monsterinsights_sitenote_category":0},"categories":[7],"tags":[],"aioseo_notices":[],"gutentor_comment":0,"rttpg_featured_image_url":{"full":["https:\/\/arantv.az\/wp-content\/uploads\/2022\/09\/FotoJet-2022-09-13T122407.234.jpg",620,413,false],"landscape":["https:\/\/arantv.az\/wp-content\/uploads\/2022\/09\/FotoJet-2022-09-13T122407.234.jpg",620,413,false],"portraits":["https:\/\/arantv.az\/wp-content\/uploads\/2022\/09\/FotoJet-2022-09-13T122407.234.jpg",620,413,false],"thumbnail":["https:\/\/arantv.az\/wp-content\/uploads\/2022\/09\/FotoJet-2022-09-13T122407.234-500x280.jpg",500,280,true],"medium":["https:\/\/arantv.az\/wp-content\/uploads\/2022\/09\/FotoJet-2022-09-13T122407.234-548x365.jpg",548,365,true],"large":["https:\/\/arantv.az\/wp-content\/uploads\/2022\/09\/FotoJet-2022-09-13T122407.234.jpg",620,413,false],"1536x1536":["https:\/\/arantv.az\/wp-content\/uploads\/2022\/09\/FotoJet-2022-09-13T122407.234.jpg",620,413,false],"2048x2048":["https:\/\/arantv.az\/wp-content\/uploads\/2022\/09\/FotoJet-2022-09-13T122407.234.jpg",620,413,false],"post-thumbnail":["https:\/\/arantv.az\/wp-content\/uploads\/2022\/09\/FotoJet-2022-09-13T122407.234-240x172.jpg",240,172,true],"advps-thumb-one":["https:\/\/arantv.az\/wp-content\/uploads\/2022\/09\/FotoJet-2022-09-13T122407.234.jpg",620,413,false]},"rttpg_author":{"display_name":"V\u00fcsal Rafiqo\u011flu","author_link":"https:\/\/arantv.az\/?author=2"},"rttpg_comment":0,"rttpg_category":"<a href=\"https:\/\/arantv.az\/?cat=7\" rel=\"category\">D\u00fcnya<\/a>","rttpg_excerpt":"T\u00fcrkiy\u0259nin \u0130stanbul \u015f\u0259h\u0259rind\u0259 iki ma\u011faza sahibi aras\u0131nda at\u0131\u015fma g\u00f6r\u00fcnt\u00fcl\u0259ri yay\u0131l\u0131b. Hadis\u0259 Emin\u00f6n\u00fc yeralt\u0131 ticar\u0259t m\u0259rk\u0259zind\u0259 ba\u015f verib. Tacettin G. adl\u0131 ma\u011faza sahibi Mehmet T. adl\u0131 dig\u0259r ma\u011fazan\u0131n sahibi il\u0259 d\u00fckan almaq \u00fcst\u00fcnd\u0259 m\u00fcbahis\u0259 edib. Daha sonra onlar\u0131n \u0259traflar\u0131ndak\u0131 qruplar \u0259ll\u0259rind\u0259 silahlar v\u0259 d\u0259y\u0259n\u0259kl\u0259rl\u0259 davaya ba\u015flay\u0131blar. Hadis\u0259 n\u0259tic\u0259sind\u0259 yeddi n\u0259f\u0259r yaralan\u0131b. Faktla ba\u011fl\u0131 \u00fc\u00e7 \u015f\u00fcbh\u0259li tutulub.&hellip;","_links":{"self":[{"href":"https:\/\/arantv.az\/index.php?rest_route=\/wp\/v2\/posts\/512734"}],"collection":[{"href":"https:\/\/arantv.az\/index.php?rest_route=\/wp\/v2\/posts"}],"about":[{"href":"https:\/\/arantv.az\/index.php?rest_route=\/wp\/v2\/types\/post"}],"author":[{"embeddable":true,"href":"https:\/\/arantv.az\/index.php?rest_route=\/wp\/v2\/users\/2"}],"replies":[{"embeddable":true,"href":"https:\/\/arantv.az\/index.php?rest_route=%2Fwp%2Fv2%2Fcomments&post=512734"}],"version-history":[{"count":0,"href":"https:\/\/arantv.az\/index.php?rest_route=\/wp\/v2\/posts\/512734\/revisions"}],"wp:featuredmedia":[{"embeddable":true,"href":"https:\/\/arantv.az\/index.php?rest_route=\/wp\/v2\/media\/512735"}],"wp:attachment":[{"href":"https:\/\/arantv.az\/index.php?rest_route=%2Fwp%2Fv2%2Fmedia&parent=512734"}],"wp:term":[{"taxonomy":"category","embeddable":true,"href":"https:\/\/arantv.az\/index.php?rest_route=%2Fwp%2Fv2%2Fcategories&post=512734"},{"taxonomy":"post_tag","embeddable":true,"href":"https:\/\/arantv.az\/index.php?rest_route=%2Fwp%2Fv2%2Ftags&post=512734"}],"curies":[{"name":"wp","href":"https:\/\/api.w.org\/{rel}","templated":true}]}}