{"id":512737,"date":"2022-09-13T12:15:13","date_gmt":"2022-09-13T09:15:13","guid":{"rendered":"https:\/\/arantv.az\/?p=512737"},"modified":"2022-09-13T12:15:13","modified_gmt":"2022-09-13T09:15:13","slug":"mirzoyan-bir-gund%c9%99-ikinci-d%c9%99f%c9%99-lavrova-z%c9%99ng-etdi","status":"publish","type":"post","link":"https:\/\/arantv.az\/?p=512737","title":{"rendered":"Mirzoyan bir g\u00fcnd\u0259 ikinci d\u0259f\u0259 Lavrova z\u0259ng etdi"},"content":{"rendered":"<p>Erm\u0259nistan xarici i\u015fl\u0259r naziri Ararat Mirzoyan Rusiyan\u0131n xarici i\u015fl\u0259r naziri Sergey Lavrova g\u00fcn \u0259rzind\u0259 ikinci d\u0259f\u0259 z\u0259ng edib.<\/p>\n<div class=\"AdviadNativeVideo\"><\/div>\n<p>A.Mirzoyan\u00a0Erm\u0259nistan-Az\u0259rbaycan s\u0259rh\u0259dind\u0259 ba\u015f ver\u0259n hadis\u0259ni Lavrova \u015f\u0259rh edib.<\/p>\n<p>O, h\u0259m\u00e7inin Erm\u0259nistan\u0131n Rusiya Federasiyas\u0131na, Kollektiv T\u0259hl\u00fck\u0259sizlik M\u00fcqavil\u0259si T\u0259\u015fkilat\u0131na, BMT T\u0259hl\u00fck\u0259sizlik \u015euras\u0131na m\u00fcraci\u0259t etdiyi bar\u0259d\u0259 Lavrovu m\u0259lumatland\u0131r\u0131b.<\/p>\n<p>Qeyd ed\u0259k ki, Mirzoyan Lavrova gec\u0259 saatlar\u0131nda s\u0259rh\u0259dd\u0259 g\u0259rginlik ya\u015fanan\u00a0zaman da z\u0259ng ed\u0259r\u0259k m\u0259lumat verib.<\/p>\n<p>M\u0259nb\u0259: Aysor.am<\/p>\n","protected":false},"excerpt":{"rendered":"<p>Erm\u0259nistan xarici i\u015fl\u0259r naziri Ararat Mirzoyan Rusiyan\u0131n xarici i\u015fl\u0259r naziri Sergey Lavrova g\u00fcn \u0259rzind\u0259 ikinci d\u0259f\u0259 z\u0259ng edib. A.Mirzoyan\u00a0Erm\u0259nistan-Az\u0259rbaycan s\u0259rh\u0259dind\u0259 ba\u015f ver\u0259n hadis\u0259ni Lavrova \u015f\u0259rh edib. O, h\u0259m\u00e7inin Erm\u0259nistan\u0131n Rusiya Federasiyas\u0131na, Kollektiv T\u0259hl\u00fck\u0259sizlik M\u00fcqavil\u0259si T\u0259\u015fkilat\u0131na, BMT T\u0259hl\u00fck\u0259sizlik \u015euras\u0131na m\u00fcraci\u0259t etdiyi bar\u0259d\u0259 Lavrovu m\u0259lumatland\u0131r\u0131b. Qeyd ed\u0259k ki, Mirzoyan Lavrova gec\u0259 saatlar\u0131nda s\u0259rh\u0259dd\u0259 g\u0259rginlik ya\u015fanan\u00a0zaman da z\u0259ng ed\u0259r\u0259k m\u0259lumat verib. M\u0259nb\u0259: Aysor.am<\/p>\n","protected":false},"author":2,"featured_media":512738,"comment_status":"closed","ping_status":"closed","sticky":false,"template":"","format":"standard","meta":{"om_disable_all_campaigns":false,"_monsterinsights_skip_tracking":false,"_monsterinsights_sitenote_active":false,"_monsterinsights_sitenote_note":"","_monsterinsights_sitenote_category":0},"categories":[4],"tags":[],"aioseo_notices":[],"gutentor_comment":0,"rttpg_featured_image_url":{"full":["https:\/\/arantv.az\/wp-content\/uploads\/2022\/09\/FotoJet-2022-09-13T125623.259.jpg",620,413,false],"landscape":["https:\/\/arantv.az\/wp-content\/uploads\/2022\/09\/FotoJet-2022-09-13T125623.259.jpg",620,413,false],"portraits":["https:\/\/arantv.az\/wp-content\/uploads\/2022\/09\/FotoJet-2022-09-13T125623.259.jpg",620,413,false],"thumbnail":["https:\/\/arantv.az\/wp-content\/uploads\/2022\/09\/FotoJet-2022-09-13T125623.259-500x280.jpg",500,280,true],"medium":["https:\/\/arantv.az\/wp-content\/uploads\/2022\/09\/FotoJet-2022-09-13T125623.259-548x365.jpg",548,365,true],"large":["https:\/\/arantv.az\/wp-content\/uploads\/2022\/09\/FotoJet-2022-09-13T125623.259.jpg",620,413,false],"1536x1536":["https:\/\/arantv.az\/wp-content\/uploads\/2022\/09\/FotoJet-2022-09-13T125623.259.jpg",620,413,false],"2048x2048":["https:\/\/arantv.az\/wp-content\/uploads\/2022\/09\/FotoJet-2022-09-13T125623.259.jpg",620,413,false],"post-thumbnail":["https:\/\/arantv.az\/wp-content\/uploads\/2022\/09\/FotoJet-2022-09-13T125623.259-240x172.jpg",240,172,true],"advps-thumb-one":["https:\/\/arantv.az\/wp-content\/uploads\/2022\/09\/FotoJet-2022-09-13T125623.259.jpg",620,413,false]},"rttpg_author":{"display_name":"V\u00fcsal Rafiqo\u011flu","author_link":"https:\/\/arantv.az\/?author=2"},"rttpg_comment":0,"rttpg_category":"<a href=\"https:\/\/arantv.az\/?cat=4\" rel=\"category\">Siyas\u0259t<\/a>","rttpg_excerpt":"Erm\u0259nistan xarici i\u015fl\u0259r naziri Ararat Mirzoyan Rusiyan\u0131n xarici i\u015fl\u0259r naziri Sergey Lavrova g\u00fcn \u0259rzind\u0259 ikinci d\u0259f\u0259 z\u0259ng edib. A.Mirzoyan\u00a0Erm\u0259nistan-Az\u0259rbaycan s\u0259rh\u0259dind\u0259 ba\u015f ver\u0259n hadis\u0259ni Lavrova \u015f\u0259rh edib. O, h\u0259m\u00e7inin Erm\u0259nistan\u0131n Rusiya Federasiyas\u0131na, Kollektiv T\u0259hl\u00fck\u0259sizlik M\u00fcqavil\u0259si T\u0259\u015fkilat\u0131na, BMT T\u0259hl\u00fck\u0259sizlik \u015euras\u0131na m\u00fcraci\u0259t etdiyi bar\u0259d\u0259 Lavrovu m\u0259lumatland\u0131r\u0131b. Qeyd ed\u0259k ki, Mirzoyan Lavrova gec\u0259 saatlar\u0131nda s\u0259rh\u0259dd\u0259 g\u0259rginlik ya\u015fanan\u00a0zaman da z\u0259ng&hellip;","_links":{"self":[{"href":"https:\/\/arantv.az\/index.php?rest_route=\/wp\/v2\/posts\/512737"}],"collection":[{"href":"https:\/\/arantv.az\/index.php?rest_route=\/wp\/v2\/posts"}],"about":[{"href":"https:\/\/arantv.az\/index.php?rest_route=\/wp\/v2\/types\/post"}],"author":[{"embeddable":true,"href":"https:\/\/arantv.az\/index.php?rest_route=\/wp\/v2\/users\/2"}],"replies":[{"embeddable":true,"href":"https:\/\/arantv.az\/index.php?rest_route=%2Fwp%2Fv2%2Fcomments&post=512737"}],"version-history":[{"count":0,"href":"https:\/\/arantv.az\/index.php?rest_route=\/wp\/v2\/posts\/512737\/revisions"}],"wp:featuredmedia":[{"embeddable":true,"href":"https:\/\/arantv.az\/index.php?rest_route=\/wp\/v2\/media\/512738"}],"wp:attachment":[{"href":"https:\/\/arantv.az\/index.php?rest_route=%2Fwp%2Fv2%2Fmedia&parent=512737"}],"wp:term":[{"taxonomy":"category","embeddable":true,"href":"https:\/\/arantv.az\/index.php?rest_route=%2Fwp%2Fv2%2Fcategories&post=512737"},{"taxonomy":"post_tag","embeddable":true,"href":"https:\/\/arantv.az\/index.php?rest_route=%2Fwp%2Fv2%2Ftags&post=512737"}],"curies":[{"name":"wp","href":"https:\/\/api.w.org\/{rel}","templated":true}]}}