{"id":512743,"date":"2022-09-13T12:24:07","date_gmt":"2022-09-13T09:24:07","guid":{"rendered":"https:\/\/arantv.az\/?p=512743"},"modified":"2022-09-13T12:24:07","modified_gmt":"2022-09-13T09:24:07","slug":"gurcustanli-siyas%c9%99tci-az%c9%99rbaycan-m%c9%99s%c9%99l%c9%99ni-kokund%c9%99n-h%c9%99ll-etm%c9%99lidir-cunki-erm%c9%99nistan-sulh%c9%99-yer-qoymur-foto","status":"publish","type":"post","link":"https:\/\/arantv.az\/?p=512743","title":{"rendered":"G\u00fcrc\u00fcstanl\u0131 siyas\u0259t\u00e7i: \u201cAz\u0259rbaycan m\u0259s\u0259l\u0259ni k\u00f6k\u00fcnd\u0259n h\u0259ll etm\u0259lidir, \u00e7\u00fcnki Erm\u0259nistan s\u00fclh\u0259 yer qoymur\u201d &#8211; FOTO"},"content":{"rendered":"<p>Son bir ay \u0259rzind\u0259 Erm\u0259nistan silahl\u0131 q\u00fcvv\u0259l\u0259ri\u00a0d\u00f6vl\u0259t s\u0259rh\u0259dinin La\u00e7\u0131n v\u0259 K\u0259lb\u0259c\u0259r rayonlar\u0131 istiqam\u0259tind\u0259 m\u00fcxt\u0259lif vaxtlarda t\u0259xribatlar t\u00f6r\u0259dibl\u0259r. Az\u0259rbaycan Ordusunun h\u0259min \u0259razil\u0259rd\u0259ki m\u00f6vqel\u0259ri m\u00fcxt\u0259lif \u00e7apl\u0131 silahlardan at\u0259\u015f\u0259 tutulub.\u00a0H\u0259tta bir ne\u00e7\u0259 d\u0259f\u0259 Erm\u0259nistan silahl\u0131 q\u00fcvv\u0259l\u0259rinin k\u0259\u015ffiyyat-diversiya qruplar\u0131n\u0131n Az\u0259rbaycan Respublikas\u0131n\u0131n \u0259razisin\u0259 s\u0131zma c\u0259hdl\u0259ri m\u00fc\u0259yy\u0259n edil\u0259r\u0259k qar\u015f\u0131s\u0131 al\u0131n\u0131b. Bundan \u0259lav\u0259, Erm\u0259nistan\u0131n Az\u0259rbaycan s\u0259rh\u0259dl\u0259ri boyunca h\u00fccum t\u0259yinatl\u0131 silahlar\u0131, a\u011f\u0131r artilleriya vasit\u0259l\u0259rini v\u0259 \u015f\u0259xsi hey\u0259ti c\u0259ml\u0259\u015fdirm\u0259si m\u00fc\u015fahid\u0259 olunub. Son olaraq \u00f6t\u0259n gec\u0259 Da\u015fk\u0259s\u0259n, K\u0259lb\u0259c\u0259r v\u0259 La\u00e7\u0131n istiqam\u0259tl\u0259rind\u0259 Erm\u0259nistan geni\u015fmiqyasl\u0131 t\u0259xribat t\u00f6r\u0259dib.<\/p>\n<p>M\u0259s\u0259l\u0259y\u0259 m\u00fcnasib\u0259t bildir\u0259n G\u00fcrc\u00fcstan parlamentinin sabiq deputat\u0131\u00a0<strong>Az\u0259r S\u00fcleymanov Oxu.Az<\/strong>-a a\u00e7\u0131qlamas\u0131nda qeyd edib ki, Erm\u0259nistan b\u00fct\u00fcn s\u00fclh yollar\u0131n\u0131 ba\u011flay\u0131b:<\/p>\n<div class=\"AdviadNativeVideo\"><\/div>\n<p><img src=\"https:\/\/cdn.oxu.az\/uploads\/W1siZiIsIjIwMjIvMDkvMTMvMTIvMTcvNDIvMzY1M2Q4MDktM2Y1Yy00NTA3LTk5MDctMzE1NmVlZDA0OTIwL0ZvdG9KZXQgKDIpLmpwZyJdLFsicCIsImVuY29kZSIsImpwZyIsIi1xdWFsaXR5IDgwIl0sWyJwIiwidGh1bWIiLCI1OTB4NTkwXHUwMDNlIl1d?sha=7594ef031e2e5099\" alt=\"\" \/>\u201cAz\u0259rbaycan bu m\u0259s\u0259l\u0259ni k\u00f6k\u00fcnd\u0259n h\u0259ll etm\u0259lidir. 30 ild\u0259 problem s\u00fclhl\u0259 h\u0259ll olunmad\u0131. Erm\u0259nil\u0259r \u00fc\u00e7\u00fcn bir yol var, o da m\u00fcharib\u0259 yoludur. B\u00fct\u00fcn d\u00fcnya Qaraba\u011f\u0131n Az\u0259rbaycan torpa\u011f\u0131 oldu\u011funu art\u0131q q\u0259bul edir. Erm\u0259nistan\u0131n \u00f6z\u00fc d\u0259 he\u00e7 bir halda r\u0259smi \u015f\u0259kild\u0259 Qaraba\u011f\u0131 Erm\u0259nistan torpa\u011f\u0131 kimi tan\u0131m\u0131r. Milyarder Vardanyan\u0131n Xank\u0259ndiy\u0259 getm\u0259si bir aya yax\u0131nd\u0131r ki, bizi narahat edir. Az\u0259rbaycan h\u00f6kum\u0259tinin \u0259sas\u0131 var ki, bu g\u00fcn onu terror\u00e7u hesab ed\u0259r\u0259k h\u0259bs etsin. \u00c7\u00fcnki onun Xank\u0259ndiy\u0259 g\u0259lm\u0259kd\u0259ki m\u0259qs\u0259di Az\u0259rbaycanda qeyri-sabitlik yaratmaqd\u0131r. Amma m\u00fcmk\u00fcn olmayacaq\u201d.<\/p>\n<p>M\u00fcsahibimiz b\u00f6lg\u0259d\u0259ki g\u0259rgin v\u0259ziyy\u0259t s\u0259b\u0259bil\u0259 G\u00fcrc\u00fcstan\u0131n da narahatl\u0131q ke\u00e7irdiyini deyib:<\/p>\n<p>\u201cBiz Az\u0259rbaycan Ordusunun g\u00fcc\u00fcn\u0259\u00a0inan\u0131r\u0131q. Bu g\u00fcn g\u00fcrc\u00fc m\u0259tbuat\u0131ndan da yenid\u0259n m\u00fcharib\u0259nin olub-olmayaca\u011f\u0131 bar\u0259d\u0259 \u00e7oxsayl\u0131 suallar verildi. H\u0259r k\u0259s bilm\u0259lidir ki, Az\u0259rbaycan he\u00e7 vaxt he\u00e7 bir qon\u015fusu il\u0259 m\u00fcharib\u0259y\u0259 ba\u015flamaq ist\u0259m\u0259z. Az\u0259rbaycan xalq\u0131 s\u00fclhsev\u0259r bir xalqd\u0131r. Amma bir qar\u0131\u015f torpa\u011f\u0131m\u0131z\u0131 da he\u00e7 kim\u0259 verm\u0259rik. G\u00fcrc\u00fcstanda yar\u0131m milyon az\u0259rbaycanl\u0131 var, Az\u0259rbaycan Prezidentinin h\u0259r bir \u00e7a\u011f\u0131r\u0131\u015f\u0131na biz d\u0259 haz\u0131r\u0131q.<\/p>\n<p>Art\u0131q bu m\u0259s\u0259l\u0259ni k\u00f6k\u00fcnd\u0259n h\u0259ll etm\u0259k laz\u0131md\u0131r, he\u00e7 bir s\u00fclh\u0259 gedilm\u0259m\u0259lidir. Xank\u0259ndid\u0259 v\u0259 ya Az\u0259rbaycan\u0131n hans\u0131sa dig\u0259r bir b\u00f6lg\u0259sind\u0259 qalan erm\u0259nil\u0259rin ham\u0131s\u0131 ya oradan \u00e7\u0131xmal\u0131d\u0131r, ya da Az\u0259rbaycan bayra\u011f\u0131 alt\u0131nda s\u00fclh i\u00e7ind\u0259 ya\u015famal\u0131d\u0131rlar. Bunlar\u0131 bir siyas\u0259t\u00e7i kimi demir\u0259m, az\u0259rbaycanl\u0131 kimi deyir\u0259m. 30 ild\u0259 xalq erm\u0259nil\u0259rd\u0259n bezdi. Biz torpaqlar\u0131m\u0131z\u0131 azad etm\u0259k ist\u0259yirik. Ordumuza q\u0259l\u0259b\u0259 arzulay\u0131ram\u201d.<\/p>\n","protected":false},"excerpt":{"rendered":"<p>Son bir ay \u0259rzind\u0259 Erm\u0259nistan silahl\u0131 q\u00fcvv\u0259l\u0259ri\u00a0d\u00f6vl\u0259t s\u0259rh\u0259dinin La\u00e7\u0131n v\u0259 K\u0259lb\u0259c\u0259r rayonlar\u0131 istiqam\u0259tind\u0259 m\u00fcxt\u0259lif vaxtlarda t\u0259xribatlar t\u00f6r\u0259dibl\u0259r. Az\u0259rbaycan Ordusunun h\u0259min \u0259razil\u0259rd\u0259ki m\u00f6vqel\u0259ri m\u00fcxt\u0259lif \u00e7apl\u0131 silahlardan at\u0259\u015f\u0259 tutulub.\u00a0H\u0259tta bir ne\u00e7\u0259 d\u0259f\u0259 Erm\u0259nistan silahl\u0131 q\u00fcvv\u0259l\u0259rinin k\u0259\u015ffiyyat-diversiya qruplar\u0131n\u0131n Az\u0259rbaycan Respublikas\u0131n\u0131n \u0259razisin\u0259 s\u0131zma c\u0259hdl\u0259ri m\u00fc\u0259yy\u0259n edil\u0259r\u0259k qar\u015f\u0131s\u0131 al\u0131n\u0131b. Bundan \u0259lav\u0259, Erm\u0259nistan\u0131n Az\u0259rbaycan s\u0259rh\u0259dl\u0259ri boyunca h\u00fccum t\u0259yinatl\u0131 silahlar\u0131, a\u011f\u0131r artilleriya vasit\u0259l\u0259rini v\u0259 \u015f\u0259xsi hey\u0259ti c\u0259ml\u0259\u015fdirm\u0259si m\u00fc\u015fahid\u0259 olunub. Son olaraq \u00f6t\u0259n gec\u0259 Da\u015fk\u0259s\u0259n, K\u0259lb\u0259c\u0259r v\u0259 La\u00e7\u0131n istiqam\u0259tl\u0259rind\u0259 Erm\u0259nistan geni\u015fmiqyasl\u0131 t\u0259xribat t\u00f6r\u0259dib. M\u0259s\u0259l\u0259y\u0259 m\u00fcnasib\u0259t bildir\u0259n G\u00fcrc\u00fcstan parlamentinin sabiq deputat\u0131\u00a0Az\u0259r S\u00fcleymanov Oxu.Az-a a\u00e7\u0131qlamas\u0131nda qeyd edib ki, Erm\u0259nistan b\u00fct\u00fcn&hellip;<\/p>\n","protected":false},"author":2,"featured_media":512744,"comment_status":"closed","ping_status":"closed","sticky":false,"template":"","format":"standard","meta":{"om_disable_all_campaigns":false,"_monsterinsights_skip_tracking":false,"_monsterinsights_sitenote_active":false,"_monsterinsights_sitenote_note":"","_monsterinsights_sitenote_category":0},"categories":[4],"tags":[],"aioseo_notices":[],"gutentor_comment":0,"rttpg_featured_image_url":{"full":["https:\/\/arantv.az\/wp-content\/uploads\/2022\/09\/FotoJet-1-10.jpg",620,413,false],"landscape":["https:\/\/arantv.az\/wp-content\/uploads\/2022\/09\/FotoJet-1-10.jpg",620,413,false],"portraits":["https:\/\/arantv.az\/wp-content\/uploads\/2022\/09\/FotoJet-1-10.jpg",620,413,false],"thumbnail":["https:\/\/arantv.az\/wp-content\/uploads\/2022\/09\/FotoJet-1-10-500x280.jpg",500,280,true],"medium":["https:\/\/arantv.az\/wp-content\/uploads\/2022\/09\/FotoJet-1-10-548x365.jpg",548,365,true],"large":["https:\/\/arantv.az\/wp-content\/uploads\/2022\/09\/FotoJet-1-10.jpg",620,413,false],"1536x1536":["https:\/\/arantv.az\/wp-content\/uploads\/2022\/09\/FotoJet-1-10.jpg",620,413,false],"2048x2048":["https:\/\/arantv.az\/wp-content\/uploads\/2022\/09\/FotoJet-1-10.jpg",620,413,false],"post-thumbnail":["https:\/\/arantv.az\/wp-content\/uploads\/2022\/09\/FotoJet-1-10-240x172.jpg",240,172,true],"advps-thumb-one":["https:\/\/arantv.az\/wp-content\/uploads\/2022\/09\/FotoJet-1-10.jpg",620,413,false]},"rttpg_author":{"display_name":"V\u00fcsal Rafiqo\u011flu","author_link":"https:\/\/arantv.az\/?author=2"},"rttpg_comment":0,"rttpg_category":"<a href=\"https:\/\/arantv.az\/?cat=4\" rel=\"category\">Siyas\u0259t<\/a>","rttpg_excerpt":"Son bir ay \u0259rzind\u0259 Erm\u0259nistan silahl\u0131 q\u00fcvv\u0259l\u0259ri\u00a0d\u00f6vl\u0259t s\u0259rh\u0259dinin La\u00e7\u0131n v\u0259 K\u0259lb\u0259c\u0259r rayonlar\u0131 istiqam\u0259tind\u0259 m\u00fcxt\u0259lif vaxtlarda t\u0259xribatlar t\u00f6r\u0259dibl\u0259r. Az\u0259rbaycan Ordusunun h\u0259min \u0259razil\u0259rd\u0259ki m\u00f6vqel\u0259ri m\u00fcxt\u0259lif \u00e7apl\u0131 silahlardan at\u0259\u015f\u0259 tutulub.\u00a0H\u0259tta bir ne\u00e7\u0259 d\u0259f\u0259 Erm\u0259nistan silahl\u0131 q\u00fcvv\u0259l\u0259rinin k\u0259\u015ffiyyat-diversiya qruplar\u0131n\u0131n Az\u0259rbaycan Respublikas\u0131n\u0131n \u0259razisin\u0259 s\u0131zma c\u0259hdl\u0259ri m\u00fc\u0259yy\u0259n edil\u0259r\u0259k qar\u015f\u0131s\u0131 al\u0131n\u0131b. Bundan \u0259lav\u0259, Erm\u0259nistan\u0131n Az\u0259rbaycan s\u0259rh\u0259dl\u0259ri boyunca h\u00fccum t\u0259yinatl\u0131 silahlar\u0131, a\u011f\u0131r artilleriya&hellip;","_links":{"self":[{"href":"https:\/\/arantv.az\/index.php?rest_route=\/wp\/v2\/posts\/512743"}],"collection":[{"href":"https:\/\/arantv.az\/index.php?rest_route=\/wp\/v2\/posts"}],"about":[{"href":"https:\/\/arantv.az\/index.php?rest_route=\/wp\/v2\/types\/post"}],"author":[{"embeddable":true,"href":"https:\/\/arantv.az\/index.php?rest_route=\/wp\/v2\/users\/2"}],"replies":[{"embeddable":true,"href":"https:\/\/arantv.az\/index.php?rest_route=%2Fwp%2Fv2%2Fcomments&post=512743"}],"version-history":[{"count":0,"href":"https:\/\/arantv.az\/index.php?rest_route=\/wp\/v2\/posts\/512743\/revisions"}],"wp:featuredmedia":[{"embeddable":true,"href":"https:\/\/arantv.az\/index.php?rest_route=\/wp\/v2\/media\/512744"}],"wp:attachment":[{"href":"https:\/\/arantv.az\/index.php?rest_route=%2Fwp%2Fv2%2Fmedia&parent=512743"}],"wp:term":[{"taxonomy":"category","embeddable":true,"href":"https:\/\/arantv.az\/index.php?rest_route=%2Fwp%2Fv2%2Fcategories&post=512743"},{"taxonomy":"post_tag","embeddable":true,"href":"https:\/\/arantv.az\/index.php?rest_route=%2Fwp%2Fv2%2Ftags&post=512743"}],"curies":[{"name":"wp","href":"https:\/\/api.w.org\/{rel}","templated":true}]}}