{"id":512759,"date":"2022-09-13T12:49:20","date_gmt":"2022-09-13T09:49:20","guid":{"rendered":"https:\/\/arantv.az\/?p=512759"},"modified":"2022-09-13T12:49:20","modified_gmt":"2022-09-13T09:49:20","slug":"bakida-ana-olan-13-yasli-qizin-korp%c9%99si-usaq-evin%c9%99-yerl%c9%99sdirildi","status":"publish","type":"post","link":"https:\/\/arantv.az\/?p=512759","title":{"rendered":"Bak\u0131da ana olan 13 ya\u015fl\u0131 q\u0131z\u0131n k\u00f6rp\u0259si u\u015faq evin\u0259 YERL\u018f\u015eD\u0130R\u0130LD\u0130"},"content":{"rendered":"<p>Bir h\u0259ft\u0259 \u0259vv\u0259l Bak\u0131da ana olan 13 ya\u015fl\u0131 yeniyetm\u0259 h\u0259l\u0259 d\u0259 x\u0259st\u0259xanadad\u0131r. Ev \u015f\u0259raitind\u0259 ana olan yeniyetm\u0259 T\u018fB\u0130B-in Elmi-T\u0259dqiqat Mamal\u0131q v\u0259 Ginekologiya \u0130nstitutunda m\u00fcalic\u0259sini davam etdirir.<\/p>\n<p>Bu bar\u0259d\u0259 m\u0259lumat\u0131\u00a0Bizim.Media-ya Az\u0259rbaycan U\u015faqlar Birliyinin r\u0259hb\u0259ri\u00a0K\u0259mal\u0259 A\u011fazad\u0259\u00a0bildirib.<\/p>\n<p>Onun s\u00f6zl\u0259rin\u0259 g\u00f6r\u0259, yeni do\u011fulan k\u00f6rp\u0259nin S\u0259hiyy\u0259 Nazirliyinin n\u0259zdind\u0259 yerl\u0259\u015f\u0259n 1 sayl\u0131 K\u00f6rp\u0259l\u0259r Evin\u0259 yerl\u0259\u015fdirilm\u0259si il\u0259 ba\u011fl\u0131 aktla\u015fd\u0131r\u0131lma apar\u0131l\u0131b:<\/p>\n<p>\u201cX\u0259tai Rayonu \u0130cra Hakimiyy\u0259ti il\u0259 birg\u0259 biz bunu h\u0259yata ke\u00e7iririk. Bu g\u00fcn is\u0259 yeniyetm\u0259nin anas\u0131n\u0131n \u015fifahi m\u00fcraci\u0259ti \u0259sas\u0131nda 13 ya\u015fl\u0131 q\u0131z\u0131n Az\u0259rbaycan U\u015faqlar Birliyinin s\u0131\u011f\u0131naca\u011f\u0131na yerl\u0259\u015fdirilm\u0259si il\u0259 ba\u011fl\u0131 \u0259riz\u0259si r\u0259smil\u0259\u015fdiril\u0259c\u0259k. Yax\u0131n zamanlarda yeniyetm\u0259 art\u0131q normal t\u0259hsilini davam etdir\u0259c\u0259k. Eyni zamanda s\u0131\u011f\u0131nacaqda ya\u015fayaraq, reablitasiyas\u0131n\u0131 ke\u00e7\u0259c\u0259k\u201d.<\/p>\n<p>Xat\u0131rladaq ki, 13 ya\u015fl\u0131 q\u0131z sentyabr\u0131n 6-da ev \u015f\u0259raitind\u0259 k\u00f6rp\u0259 d\u00fcnyaya g\u0259tirib. V\u0259ziyy\u0259ti kritikl\u0259\u015fdiyind\u0259n ana x\u0259st\u0259xanaya yerl\u0259\u015fdirilib. 13 ya\u015fl\u0131 q\u0131z 15 ya\u015fl\u0131 yeniyetm\u0259 t\u0259r\u0259find\u0259n t\u0259cav\u00fcz\u0259 u\u011framas\u0131 n\u0259tic\u0259sind\u0259 hamil\u0259 qal\u0131b.<\/p>\n","protected":false},"excerpt":{"rendered":"<p>Bir h\u0259ft\u0259 \u0259vv\u0259l Bak\u0131da ana olan 13 ya\u015fl\u0131 yeniyetm\u0259 h\u0259l\u0259 d\u0259 x\u0259st\u0259xanadad\u0131r. Ev \u015f\u0259raitind\u0259 ana olan yeniyetm\u0259 T\u018fB\u0130B-in Elmi-T\u0259dqiqat Mamal\u0131q v\u0259 Ginekologiya \u0130nstitutunda m\u00fcalic\u0259sini davam etdirir. Bu bar\u0259d\u0259 m\u0259lumat\u0131\u00a0Bizim.Media-ya Az\u0259rbaycan U\u015faqlar Birliyinin r\u0259hb\u0259ri\u00a0K\u0259mal\u0259 A\u011fazad\u0259\u00a0bildirib. Onun s\u00f6zl\u0259rin\u0259 g\u00f6r\u0259, yeni do\u011fulan k\u00f6rp\u0259nin S\u0259hiyy\u0259 Nazirliyinin n\u0259zdind\u0259 yerl\u0259\u015f\u0259n 1 sayl\u0131 K\u00f6rp\u0259l\u0259r Evin\u0259 yerl\u0259\u015fdirilm\u0259si il\u0259 ba\u011fl\u0131 aktla\u015fd\u0131r\u0131lma apar\u0131l\u0131b: \u201cX\u0259tai Rayonu \u0130cra Hakimiyy\u0259ti il\u0259 birg\u0259 biz bunu h\u0259yata ke\u00e7iririk. Bu g\u00fcn is\u0259 yeniyetm\u0259nin anas\u0131n\u0131n \u015fifahi m\u00fcraci\u0259ti \u0259sas\u0131nda 13 ya\u015fl\u0131 q\u0131z\u0131n Az\u0259rbaycan U\u015faqlar Birliyinin s\u0131\u011f\u0131naca\u011f\u0131na yerl\u0259\u015fdirilm\u0259si il\u0259 ba\u011fl\u0131 \u0259riz\u0259si r\u0259smil\u0259\u015fdiril\u0259c\u0259k. Yax\u0131n zamanlarda yeniyetm\u0259 art\u0131q normal t\u0259hsilini davam&hellip;<\/p>\n","protected":false},"author":2,"featured_media":322443,"comment_status":"closed","ping_status":"closed","sticky":false,"template":"","format":"standard","meta":{"om_disable_all_campaigns":false,"_monsterinsights_skip_tracking":false,"_monsterinsights_sitenote_active":false,"_monsterinsights_sitenote_note":"","_monsterinsights_sitenote_category":0},"categories":[1],"tags":[],"aioseo_notices":[],"gutentor_comment":0,"rttpg_featured_image_url":{"full":["https:\/\/arantv.az\/wp-content\/uploads\/2021\/04\/qiz_11617433022.jpg",549,366,false],"landscape":["https:\/\/arantv.az\/wp-content\/uploads\/2021\/04\/qiz_11617433022.jpg",549,366,false],"portraits":["https:\/\/arantv.az\/wp-content\/uploads\/2021\/04\/qiz_11617433022.jpg",549,366,false],"thumbnail":["https:\/\/arantv.az\/wp-content\/uploads\/2021\/04\/qiz_11617433022-150x150.jpg",150,150,true],"medium":["https:\/\/arantv.az\/wp-content\/uploads\/2021\/04\/qiz_11617433022-300x200.jpg",300,200,true],"large":["https:\/\/arantv.az\/wp-content\/uploads\/2021\/04\/qiz_11617433022.jpg",549,366,false],"1536x1536":["https:\/\/arantv.az\/wp-content\/uploads\/2021\/04\/qiz_11617433022.jpg",549,366,false],"2048x2048":["https:\/\/arantv.az\/wp-content\/uploads\/2021\/04\/qiz_11617433022.jpg",549,366,false],"post-thumbnail":["https:\/\/arantv.az\/wp-content\/uploads\/2021\/04\/qiz_11617433022-240x172.jpg",240,172,true],"advps-thumb-one":["https:\/\/arantv.az\/wp-content\/uploads\/2021\/04\/qiz_11617433022.jpg",549,366,false]},"rttpg_author":{"display_name":"V\u00fcsal Rafiqo\u011flu","author_link":"https:\/\/arantv.az\/?author=2"},"rttpg_comment":0,"rttpg_category":"<a href=\"https:\/\/arantv.az\/?cat=1\" rel=\"category\">C\u0259miyy\u0259t<\/a>","rttpg_excerpt":"Bir h\u0259ft\u0259 \u0259vv\u0259l Bak\u0131da ana olan 13 ya\u015fl\u0131 yeniyetm\u0259 h\u0259l\u0259 d\u0259 x\u0259st\u0259xanadad\u0131r. Ev \u015f\u0259raitind\u0259 ana olan yeniyetm\u0259 T\u018fB\u0130B-in Elmi-T\u0259dqiqat Mamal\u0131q v\u0259 Ginekologiya \u0130nstitutunda m\u00fcalic\u0259sini davam etdirir. Bu bar\u0259d\u0259 m\u0259lumat\u0131\u00a0Bizim.Media-ya Az\u0259rbaycan U\u015faqlar Birliyinin r\u0259hb\u0259ri\u00a0K\u0259mal\u0259 A\u011fazad\u0259\u00a0bildirib. Onun s\u00f6zl\u0259rin\u0259 g\u00f6r\u0259, yeni do\u011fulan k\u00f6rp\u0259nin S\u0259hiyy\u0259 Nazirliyinin n\u0259zdind\u0259 yerl\u0259\u015f\u0259n 1 sayl\u0131 K\u00f6rp\u0259l\u0259r Evin\u0259 yerl\u0259\u015fdirilm\u0259si il\u0259 ba\u011fl\u0131 aktla\u015fd\u0131r\u0131lma apar\u0131l\u0131b: \u201cX\u0259tai Rayonu&hellip;","_links":{"self":[{"href":"https:\/\/arantv.az\/index.php?rest_route=\/wp\/v2\/posts\/512759"}],"collection":[{"href":"https:\/\/arantv.az\/index.php?rest_route=\/wp\/v2\/posts"}],"about":[{"href":"https:\/\/arantv.az\/index.php?rest_route=\/wp\/v2\/types\/post"}],"author":[{"embeddable":true,"href":"https:\/\/arantv.az\/index.php?rest_route=\/wp\/v2\/users\/2"}],"replies":[{"embeddable":true,"href":"https:\/\/arantv.az\/index.php?rest_route=%2Fwp%2Fv2%2Fcomments&post=512759"}],"version-history":[{"count":0,"href":"https:\/\/arantv.az\/index.php?rest_route=\/wp\/v2\/posts\/512759\/revisions"}],"wp:featuredmedia":[{"embeddable":true,"href":"https:\/\/arantv.az\/index.php?rest_route=\/wp\/v2\/media\/322443"}],"wp:attachment":[{"href":"https:\/\/arantv.az\/index.php?rest_route=%2Fwp%2Fv2%2Fmedia&parent=512759"}],"wp:term":[{"taxonomy":"category","embeddable":true,"href":"https:\/\/arantv.az\/index.php?rest_route=%2Fwp%2Fv2%2Fcategories&post=512759"},{"taxonomy":"post_tag","embeddable":true,"href":"https:\/\/arantv.az\/index.php?rest_route=%2Fwp%2Fv2%2Ftags&post=512759"}],"curies":[{"name":"wp","href":"https:\/\/api.w.org\/{rel}","templated":true}]}}