{"id":512762,"date":"2022-09-13T12:50:25","date_gmt":"2022-09-13T09:50:25","guid":{"rendered":"https:\/\/arantv.az\/?p=512762"},"modified":"2022-09-13T12:50:25","modified_gmt":"2022-09-13T09:50:25","slug":"bas-prokurorluq-jurnalistl%c9%99r%c9%99-v%c9%99-sosial-s%c9%99b%c9%99k%c9%99-istifad%c9%99cil%c9%99rin%c9%99-muraci%c9%99t-edib","status":"publish","type":"post","link":"https:\/\/arantv.az\/?p=512762","title":{"rendered":"Ba\u015f Prokurorluq jurnalistl\u0259r\u0259 v\u0259 sosial \u015f\u0259b\u0259k\u0259 istifad\u0259\u00e7il\u0259rin\u0259 m\u00fcraci\u0259t edib"},"content":{"rendered":"<p>Az\u0259rbaycan\u0131n Ba\u015f Prokurorlu\u011fu media n\u00fcmay\u0259nd\u0259l\u0259rin\u0259 v\u0259 sosial media istifad\u0259\u00e7il\u0259rin\u0259 m\u00fcraci\u0259t edib.<\/p>\n<p><strong>ARANTV.AZ\u00a0 x\u0259b\u0259r verir ki,<\/strong>\u00a0\u00a0bu m\u00fcraci\u0259t Ba\u015f Prokurorlu\u011fun yayd\u0131\u011f\u0131\u00a0m\u0259lumatda\u00a0yer al\u0131b.<\/p>\n<p>&#8220;Erm\u0259nistan\u0131n t\u0259cav\u00fczkar mahiyy\u0259tinin beyn\u0259lxalq m\u00fcst\u0259vid\u0259 bir daha if\u015fa edilm\u0259si, m\u00fcxt\u0259lif cinay\u0259tl\u0259r t\u00f6r\u0259tmi\u015f Erm\u0259nistan silahl\u0131 q\u00fcvv\u0259l\u0259rinin h\u0259rbi qulluq\u00e7ular\u0131n\u0131n beyn\u0259lxalq h\u00fcquq normalar\u0131 \u00e7\u0259r\u00e7iv\u0259sind\u0259 m\u0259suliyy\u0259t\u0259 c\u0259lb edil\u0259r\u0259k c\u0259zaland\u0131r\u0131lmalar\u0131 m\u0259qs\u0259dil\u0259 Az\u0259rbaycan\u0131n Ba\u015f Prokurorlu\u011fu t\u0259r\u0259find\u0259n z\u0259ruri t\u0259dbirl\u0259r g\u00f6r\u00fcl\u00fcr. Media n\u00fcmay\u0259nd\u0259l\u0259rind\u0259n, h\u0259m\u00e7inin sosial media istifad\u0259\u00e7il\u0259rind\u0259n r\u0259smi olmayan v\u0259 d\u0259qiql\u0259\u015fdirilm\u0259mi\u015f m\u0259lumatlar\u0131n ictimail\u0259\u015fdirilm\u0259m\u0259si xahi\u015f olunur&#8221;, &#8211; m\u00fcraci\u0259td\u0259 qeyd olunub.<\/p>\n","protected":false},"excerpt":{"rendered":"<p>Az\u0259rbaycan\u0131n Ba\u015f Prokurorlu\u011fu media n\u00fcmay\u0259nd\u0259l\u0259rin\u0259 v\u0259 sosial media istifad\u0259\u00e7il\u0259rin\u0259 m\u00fcraci\u0259t edib. ARANTV.AZ\u00a0 x\u0259b\u0259r verir ki,\u00a0\u00a0bu m\u00fcraci\u0259t Ba\u015f Prokurorlu\u011fun yayd\u0131\u011f\u0131\u00a0m\u0259lumatda\u00a0yer al\u0131b. &#8220;Erm\u0259nistan\u0131n t\u0259cav\u00fczkar mahiyy\u0259tinin beyn\u0259lxalq m\u00fcst\u0259vid\u0259 bir daha if\u015fa edilm\u0259si, m\u00fcxt\u0259lif cinay\u0259tl\u0259r t\u00f6r\u0259tmi\u015f Erm\u0259nistan silahl\u0131 q\u00fcvv\u0259l\u0259rinin h\u0259rbi qulluq\u00e7ular\u0131n\u0131n beyn\u0259lxalq h\u00fcquq normalar\u0131 \u00e7\u0259r\u00e7iv\u0259sind\u0259 m\u0259suliyy\u0259t\u0259 c\u0259lb edil\u0259r\u0259k c\u0259zaland\u0131r\u0131lmalar\u0131 m\u0259qs\u0259dil\u0259 Az\u0259rbaycan\u0131n Ba\u015f Prokurorlu\u011fu t\u0259r\u0259find\u0259n z\u0259ruri t\u0259dbirl\u0259r g\u00f6r\u00fcl\u00fcr. Media n\u00fcmay\u0259nd\u0259l\u0259rind\u0259n, h\u0259m\u00e7inin sosial media istifad\u0259\u00e7il\u0259rind\u0259n r\u0259smi olmayan v\u0259 d\u0259qiql\u0259\u015fdirilm\u0259mi\u015f m\u0259lumatlar\u0131n ictimail\u0259\u015fdirilm\u0259m\u0259si xahi\u015f olunur&#8221;, &#8211; m\u00fcraci\u0259td\u0259 qeyd olunub.<\/p>\n","protected":false},"author":2,"featured_media":512763,"comment_status":"closed","ping_status":"closed","sticky":false,"template":"","format":"standard","meta":{"om_disable_all_campaigns":false,"_monsterinsights_skip_tracking":false,"_monsterinsights_sitenote_active":false,"_monsterinsights_sitenote_note":"","_monsterinsights_sitenote_category":0},"categories":[1],"tags":[],"aioseo_notices":[],"gutentor_comment":0,"rttpg_featured_image_url":{"full":["https:\/\/arantv.az\/wp-content\/uploads\/2022\/09\/a95aa4e6165866473540715031311088154.jpg",975,540,false],"landscape":["https:\/\/arantv.az\/wp-content\/uploads\/2022\/09\/a95aa4e6165866473540715031311088154.jpg",975,540,false],"portraits":["https:\/\/arantv.az\/wp-content\/uploads\/2022\/09\/a95aa4e6165866473540715031311088154.jpg",975,540,false],"thumbnail":["https:\/\/arantv.az\/wp-content\/uploads\/2022\/09\/a95aa4e6165866473540715031311088154-500x280.jpg",500,280,true],"medium":["https:\/\/arantv.az\/wp-content\/uploads\/2022\/09\/a95aa4e6165866473540715031311088154-660x365.jpg",660,365,true],"large":["https:\/\/arantv.az\/wp-content\/uploads\/2022\/09\/a95aa4e6165866473540715031311088154-840x465.jpg",640,354,true],"1536x1536":["https:\/\/arantv.az\/wp-content\/uploads\/2022\/09\/a95aa4e6165866473540715031311088154.jpg",975,540,false],"2048x2048":["https:\/\/arantv.az\/wp-content\/uploads\/2022\/09\/a95aa4e6165866473540715031311088154.jpg",975,540,false],"post-thumbnail":["https:\/\/arantv.az\/wp-content\/uploads\/2022\/09\/a95aa4e6165866473540715031311088154-240x172.jpg",240,172,true],"advps-thumb-one":["https:\/\/arantv.az\/wp-content\/uploads\/2022\/09\/a95aa4e6165866473540715031311088154.jpg",975,540,false]},"rttpg_author":{"display_name":"V\u00fcsal Rafiqo\u011flu","author_link":"https:\/\/arantv.az\/?author=2"},"rttpg_comment":0,"rttpg_category":"<a href=\"https:\/\/arantv.az\/?cat=1\" rel=\"category\">C\u0259miyy\u0259t<\/a>","rttpg_excerpt":"Az\u0259rbaycan\u0131n Ba\u015f Prokurorlu\u011fu media n\u00fcmay\u0259nd\u0259l\u0259rin\u0259 v\u0259 sosial media istifad\u0259\u00e7il\u0259rin\u0259 m\u00fcraci\u0259t edib. ARANTV.AZ\u00a0 x\u0259b\u0259r verir ki,\u00a0\u00a0bu m\u00fcraci\u0259t Ba\u015f Prokurorlu\u011fun yayd\u0131\u011f\u0131\u00a0m\u0259lumatda\u00a0yer al\u0131b. &#8220;Erm\u0259nistan\u0131n t\u0259cav\u00fczkar mahiyy\u0259tinin beyn\u0259lxalq m\u00fcst\u0259vid\u0259 bir daha if\u015fa edilm\u0259si, m\u00fcxt\u0259lif cinay\u0259tl\u0259r t\u00f6r\u0259tmi\u015f Erm\u0259nistan silahl\u0131 q\u00fcvv\u0259l\u0259rinin h\u0259rbi qulluq\u00e7ular\u0131n\u0131n beyn\u0259lxalq h\u00fcquq normalar\u0131 \u00e7\u0259r\u00e7iv\u0259sind\u0259 m\u0259suliyy\u0259t\u0259 c\u0259lb edil\u0259r\u0259k c\u0259zaland\u0131r\u0131lmalar\u0131 m\u0259qs\u0259dil\u0259 Az\u0259rbaycan\u0131n Ba\u015f Prokurorlu\u011fu t\u0259r\u0259find\u0259n z\u0259ruri t\u0259dbirl\u0259r g\u00f6r\u00fcl\u00fcr. Media n\u00fcmay\u0259nd\u0259l\u0259rind\u0259n,&hellip;","_links":{"self":[{"href":"https:\/\/arantv.az\/index.php?rest_route=\/wp\/v2\/posts\/512762"}],"collection":[{"href":"https:\/\/arantv.az\/index.php?rest_route=\/wp\/v2\/posts"}],"about":[{"href":"https:\/\/arantv.az\/index.php?rest_route=\/wp\/v2\/types\/post"}],"author":[{"embeddable":true,"href":"https:\/\/arantv.az\/index.php?rest_route=\/wp\/v2\/users\/2"}],"replies":[{"embeddable":true,"href":"https:\/\/arantv.az\/index.php?rest_route=%2Fwp%2Fv2%2Fcomments&post=512762"}],"version-history":[{"count":0,"href":"https:\/\/arantv.az\/index.php?rest_route=\/wp\/v2\/posts\/512762\/revisions"}],"wp:featuredmedia":[{"embeddable":true,"href":"https:\/\/arantv.az\/index.php?rest_route=\/wp\/v2\/media\/512763"}],"wp:attachment":[{"href":"https:\/\/arantv.az\/index.php?rest_route=%2Fwp%2Fv2%2Fmedia&parent=512762"}],"wp:term":[{"taxonomy":"category","embeddable":true,"href":"https:\/\/arantv.az\/index.php?rest_route=%2Fwp%2Fv2%2Fcategories&post=512762"},{"taxonomy":"post_tag","embeddable":true,"href":"https:\/\/arantv.az\/index.php?rest_route=%2Fwp%2Fv2%2Ftags&post=512762"}],"curies":[{"name":"wp","href":"https:\/\/api.w.org\/{rel}","templated":true}]}}