{"id":512765,"date":"2022-09-13T13:12:09","date_gmt":"2022-09-13T10:12:09","guid":{"rendered":"https:\/\/arantv.az\/?p=512765"},"modified":"2022-09-13T13:12:09","modified_gmt":"2022-09-13T10:12:09","slug":"ktmt-az%c9%99rbaycan-erm%c9%99nistan-s%c9%99rh%c9%99dind%c9%99ki-g%c9%99rginlikl%c9%99-bagli-v%c9%99ziyy%c9%99ti-s%c9%99rh-edib","status":"publish","type":"post","link":"https:\/\/arantv.az\/?p=512765","title":{"rendered":"KTMT Az\u0259rbaycan-Erm\u0259nistan s\u0259rh\u0259dind\u0259ki g\u0259rginlikl\u0259 ba\u011fl\u0131 v\u0259ziyy\u0259ti \u015f\u0259rh edib"},"content":{"rendered":"<p>\u201c2022-ci il sentyabr\u0131n 13-n\u0259 ke\u00e7\u0259n gec\u0259\u00a0Erm\u0259nistanla Az\u0259rbaycan s\u0259rh\u0259dind\u0259 a\u011f\u0131r silahlar v\u0259 PUA-lar\u0131n t\u0259tbiqi il\u0259 h\u0259rbi toqqu\u015fma ba\u015f verib. N\u0259tic\u0259d\u0259 \u00f6l\u0259n v\u0259 yaralananlar var\u201d.<\/p>\n<div class=\"AdviadNativeVideo\"><\/div>\n<p>Bu bar\u0259d\u0259 Kollektiv T\u0259hl\u00fck\u0259sizlik M\u00fcqavil\u0259si T\u0259\u015fkilat\u0131n\u0131n (KTMT)\u00a0m\u0259tbuat xidm\u0259ti m\u0259lumat verib.<\/p>\n<p>\u201cBiz g\u00fcc t\u0259tbiqini q\u0259buledilm\u0259z hesab edirik. Ziddiyy\u0259tl\u0259rin h\u0259lli \u00fc\u00e7\u00fcn istinas\u0131z olaraq Az\u0259rbaycan, Erm\u0259nistan v\u0259 Rusiya liderl\u0259rinin 10 noyabr 2020-ci il, 11 yanvar v\u0259 26 noyabr 2021-ci il tarixli \u00fc\u00e7t\u0259r\u0259fli b\u0259yanatlar\u0131nda \u0259ksini tapm\u0131\u015f siyasi-diplomatik \u00fcsullardan v\u0259 raz\u0131la\u015fmalardan istifad\u0259 edilm\u0259lidir.<\/p>\n<p>Bu il sentyabr\u0131n 13-d\u0259 saat 09:00-dan etibar\u0259n t\u0259mas x\u0259ttind\u0259 at\u0259\u015fk\u0259s \u0259ld\u0259 edilm\u0259sind\u0259 Rusiya Federasiyas\u0131n\u0131n vasit\u0259\u00e7ilik s\u0259yl\u0259rini y\u00fcks\u0259k qiym\u0259tl\u0259ndiririk.<\/p>\n<p>Erm\u0259nistan\u00a0t\u0259r\u0259fi yard\u0131m \u00fc\u00e7\u00fcn KTMT-nin Kollektiv T\u0259hl\u00fck\u0259sizlik \u015euras\u0131na m\u00fcraci\u0259t\u00a0edib. Bununla \u0259laq\u0259dar olaraq, T\u0259\u015fkilat\u0131n Katibliyi Birg\u0259 Q\u0259rargahla\u00a0yaranm\u0131\u015f v\u0259ziyy\u0259tin h\u0259lli \u00fc\u00e7\u00fcn qurumun mexanizml\u0259rinin aktivl\u0259\u015fdirilm\u0259si \u00fczr\u0259 i\u015f t\u0259\u015fkil edib\u201d, &#8211; dey\u0259 qeyd edilir.<\/p>\n","protected":false},"excerpt":{"rendered":"<p>\u201c2022-ci il sentyabr\u0131n 13-n\u0259 ke\u00e7\u0259n gec\u0259\u00a0Erm\u0259nistanla Az\u0259rbaycan s\u0259rh\u0259dind\u0259 a\u011f\u0131r silahlar v\u0259 PUA-lar\u0131n t\u0259tbiqi il\u0259 h\u0259rbi toqqu\u015fma ba\u015f verib. N\u0259tic\u0259d\u0259 \u00f6l\u0259n v\u0259 yaralananlar var\u201d. Bu bar\u0259d\u0259 Kollektiv T\u0259hl\u00fck\u0259sizlik M\u00fcqavil\u0259si T\u0259\u015fkilat\u0131n\u0131n (KTMT)\u00a0m\u0259tbuat xidm\u0259ti m\u0259lumat verib. \u201cBiz g\u00fcc t\u0259tbiqini q\u0259buledilm\u0259z hesab edirik. Ziddiyy\u0259tl\u0259rin h\u0259lli \u00fc\u00e7\u00fcn istinas\u0131z olaraq Az\u0259rbaycan, Erm\u0259nistan v\u0259 Rusiya liderl\u0259rinin 10 noyabr 2020-ci il, 11 yanvar v\u0259 26 noyabr 2021-ci il tarixli \u00fc\u00e7t\u0259r\u0259fli b\u0259yanatlar\u0131nda \u0259ksini tapm\u0131\u015f siyasi-diplomatik \u00fcsullardan v\u0259 raz\u0131la\u015fmalardan istifad\u0259 edilm\u0259lidir. Bu il sentyabr\u0131n 13-d\u0259 saat 09:00-dan etibar\u0259n t\u0259mas x\u0259ttind\u0259 at\u0259\u015fk\u0259s \u0259ld\u0259 edilm\u0259sind\u0259 Rusiya Federasiyas\u0131n\u0131n vasit\u0259\u00e7ilik s\u0259yl\u0259rini y\u00fcks\u0259k qiym\u0259tl\u0259ndiririk. Erm\u0259nistan\u00a0t\u0259r\u0259fi&hellip;<\/p>\n","protected":false},"author":2,"featured_media":512766,"comment_status":"closed","ping_status":"closed","sticky":false,"template":"","format":"standard","meta":{"om_disable_all_campaigns":false,"_monsterinsights_skip_tracking":false,"_monsterinsights_sitenote_active":false,"_monsterinsights_sitenote_note":"","_monsterinsights_sitenote_category":0},"categories":[4],"tags":[],"aioseo_notices":[],"gutentor_comment":0,"rttpg_featured_image_url":{"full":["https:\/\/arantv.az\/wp-content\/uploads\/2022\/09\/FotoJet-2022-09-13T140148.364.jpg",620,413,false],"landscape":["https:\/\/arantv.az\/wp-content\/uploads\/2022\/09\/FotoJet-2022-09-13T140148.364.jpg",620,413,false],"portraits":["https:\/\/arantv.az\/wp-content\/uploads\/2022\/09\/FotoJet-2022-09-13T140148.364.jpg",620,413,false],"thumbnail":["https:\/\/arantv.az\/wp-content\/uploads\/2022\/09\/FotoJet-2022-09-13T140148.364-500x280.jpg",500,280,true],"medium":["https:\/\/arantv.az\/wp-content\/uploads\/2022\/09\/FotoJet-2022-09-13T140148.364-548x365.jpg",548,365,true],"large":["https:\/\/arantv.az\/wp-content\/uploads\/2022\/09\/FotoJet-2022-09-13T140148.364.jpg",620,413,false],"1536x1536":["https:\/\/arantv.az\/wp-content\/uploads\/2022\/09\/FotoJet-2022-09-13T140148.364.jpg",620,413,false],"2048x2048":["https:\/\/arantv.az\/wp-content\/uploads\/2022\/09\/FotoJet-2022-09-13T140148.364.jpg",620,413,false],"post-thumbnail":["https:\/\/arantv.az\/wp-content\/uploads\/2022\/09\/FotoJet-2022-09-13T140148.364-240x172.jpg",240,172,true],"advps-thumb-one":["https:\/\/arantv.az\/wp-content\/uploads\/2022\/09\/FotoJet-2022-09-13T140148.364.jpg",620,413,false]},"rttpg_author":{"display_name":"V\u00fcsal Rafiqo\u011flu","author_link":"https:\/\/arantv.az\/?author=2"},"rttpg_comment":0,"rttpg_category":"<a href=\"https:\/\/arantv.az\/?cat=4\" rel=\"category\">Siyas\u0259t<\/a>","rttpg_excerpt":"\u201c2022-ci il sentyabr\u0131n 13-n\u0259 ke\u00e7\u0259n gec\u0259\u00a0Erm\u0259nistanla Az\u0259rbaycan s\u0259rh\u0259dind\u0259 a\u011f\u0131r silahlar v\u0259 PUA-lar\u0131n t\u0259tbiqi il\u0259 h\u0259rbi toqqu\u015fma ba\u015f verib. N\u0259tic\u0259d\u0259 \u00f6l\u0259n v\u0259 yaralananlar var\u201d. Bu bar\u0259d\u0259 Kollektiv T\u0259hl\u00fck\u0259sizlik M\u00fcqavil\u0259si T\u0259\u015fkilat\u0131n\u0131n (KTMT)\u00a0m\u0259tbuat xidm\u0259ti m\u0259lumat verib. \u201cBiz g\u00fcc t\u0259tbiqini q\u0259buledilm\u0259z hesab edirik. Ziddiyy\u0259tl\u0259rin h\u0259lli \u00fc\u00e7\u00fcn istinas\u0131z olaraq Az\u0259rbaycan, Erm\u0259nistan v\u0259 Rusiya liderl\u0259rinin 10 noyabr 2020-ci il, 11 yanvar&hellip;","_links":{"self":[{"href":"https:\/\/arantv.az\/index.php?rest_route=\/wp\/v2\/posts\/512765"}],"collection":[{"href":"https:\/\/arantv.az\/index.php?rest_route=\/wp\/v2\/posts"}],"about":[{"href":"https:\/\/arantv.az\/index.php?rest_route=\/wp\/v2\/types\/post"}],"author":[{"embeddable":true,"href":"https:\/\/arantv.az\/index.php?rest_route=\/wp\/v2\/users\/2"}],"replies":[{"embeddable":true,"href":"https:\/\/arantv.az\/index.php?rest_route=%2Fwp%2Fv2%2Fcomments&post=512765"}],"version-history":[{"count":0,"href":"https:\/\/arantv.az\/index.php?rest_route=\/wp\/v2\/posts\/512765\/revisions"}],"wp:featuredmedia":[{"embeddable":true,"href":"https:\/\/arantv.az\/index.php?rest_route=\/wp\/v2\/media\/512766"}],"wp:attachment":[{"href":"https:\/\/arantv.az\/index.php?rest_route=%2Fwp%2Fv2%2Fmedia&parent=512765"}],"wp:term":[{"taxonomy":"category","embeddable":true,"href":"https:\/\/arantv.az\/index.php?rest_route=%2Fwp%2Fv2%2Fcategories&post=512765"},{"taxonomy":"post_tag","embeddable":true,"href":"https:\/\/arantv.az\/index.php?rest_route=%2Fwp%2Fv2%2Ftags&post=512765"}],"curies":[{"name":"wp","href":"https:\/\/api.w.org\/{rel}","templated":true}]}}