{"id":512772,"date":"2022-09-13T13:27:35","date_gmt":"2022-09-13T10:27:35","guid":{"rendered":"https:\/\/arantv.az\/?p=512772"},"modified":"2022-09-13T13:27:35","modified_gmt":"2022-09-13T10:27:35","slug":"erm%c9%99nistan-yen%c9%99-kuncd%c9%99-beyn%c9%99lxalq-huquqdan-qeyri-kafi-alan-ir%c9%99van-s%c9%99rh-foto","status":"publish","type":"post","link":"https:\/\/arantv.az\/?p=512772","title":{"rendered":"Erm\u0259nistan yen\u0259 k\u00fcncd\u0259 &#8211; beyn\u0259lxalq h\u00fcquqdan qeyri-kafi alan \u0130r\u0259van \u2013 \u015e\u018fRH + FOTO"},"content":{"rendered":"<p>\u00d6t\u0259n gec\u0259 Erm\u0259nistan Az\u0259rbaycanla s\u0259rh\u0259dd\u0259 yen\u0259 t\u0259xribat t\u00f6r\u0259dib. Bundan sonra Erm\u0259nistan\u0131n ba\u015f naziri Nikol Pa\u015fiyan\u0131n Rusiya, AB\u015e v\u0259 Fransa r\u0259smil\u0259ri il\u0259 hadis\u0259y\u0259 dair telefon dan\u0131\u015f\u0131\u011f\u0131 olub. O, BMT T\u0259hl\u00fck\u0259sizlik \u015euras\u0131na v\u0259 Kollektiv T\u0259hl\u00fck\u0259sizlik M\u00fcqavil\u0259si T\u0259\u015fkilat\u0131na da m\u00fcraci\u0259t edib. Bu vaxt Erm\u0259nistan r\u0259smil\u0259ri v\u0259 siyasil\u0259rinin yad\u0131na \u201csuverenlik\u201d v\u0259 \u201cbeyn\u0259lxalq h\u00fcquq\u201d kimi terminl\u0259r d\u0259 d\u00fc\u015f\u00fcb. Onlar bu terminl\u0259rl\u0259 spekulyasiya etm\u0259y\u0259 ba\u015flay\u0131b. R\u0259smi \u0130r\u0259van sentyabr\u0131n 13-d\u0259 Az\u0259rbaycan\u0131n s\u0259rh\u0259dd\u0259 geni\u015fmiqyasl\u0131 h\u0259rbi \u0259m\u0259liyyatlara ba\u015flad\u0131\u011f\u0131 halda yen\u0259 \u00f6z\u00fcn\u0259 haqq qazand\u0131rmaq \u00fc\u00e7\u00fcn beyn\u0259lxalq ictimaiyy\u0259t\u0259 v\u0259 havadarlar\u0131na \u015fikay\u0259t dolu m\u00fcraci\u0259tl\u0259r edib.<\/p>\n<p>Az\u0259rbaycan b\u00fct\u00fcn r\u0259smi \u00e7\u0131x\u0131\u015flarda, dan\u0131\u015f\u0131qlarda regionda s\u00fclh v\u0259 \u0259m\u0259kda\u015fl\u0131\u011f\u0131n t\u0259r\u0259fdar\u0131 oldu\u011funu bildirir. Habel\u0259 beyn\u0259lxalq h\u00fcquq v\u0259 suverenliyin qorunmas\u0131n\u0131n vacibliyini vur\u011fulay\u0131r. Bunun \u00fc\u00e7\u00fcn r\u0259smi Bak\u0131 regionda maraqlar\u0131 olan t\u0259r\u0259fl\u0259r\u0259 yol x\u0259rit\u0259si t\u0259qdim edib. Erm\u0259nistana is\u0259 5 madd\u0259lik normalla\u015fma s\u0259n\u0259di t\u0259klif olunub. R\u0259smi \u0130r\u0259van Br\u00fcsseld\u0259 ke\u00e7iril\u0259n g\u00f6r\u00fc\u015fl\u0259rd\u0259 bu s\u0259n\u0259din t\u0259r\u0259fdar\u0131 kimi \u00e7\u0131x\u0131\u015f ets\u0259 d\u0259, sonra ondan imtina edib.<\/p>\n<div class=\"AdviadNativeVideo\"><\/div>\n<p><img src=\"https:\/\/cdn.oxu.az\/uploads\/W1siZiIsIjIwMjIvMDkvMTMvMTIvNTMvMzgvZWRkMTg1MjItYjU5Ny00NjQzLWI5MWEtMDQwMzgyNDI3ODU4LzMwNjEwOTIxNl8xNzQ3MTM0MTkyMzQ2MDY0XzI1OTY2ODY5ODU4NTY2MDM3NDdfbi5qcGciXSxbInAiLCJlbmNvZGUiLCJqcGciLCItcXVhbGl0eSA4MCJdLFsicCIsInRodW1iIiwiNTkweDU5MFx1MDAzZSJdXQ?sha=f8daaf0b7a62476a\" alt=\"\" \/><\/p>\n<p>Az\u0259rbaycan t\u0259kc\u0259 regionda deyil, d\u00fcnyada t\u0259hl\u00fck\u0259sizliyin v\u0259 sabitliyin t\u0259min edilm\u0259si m\u0259qs\u0259di il\u0259 beyn\u0259lxalq s\u0259viyy\u0259d\u0259 energetika layih\u0259l\u0259rind\u0259 f\u0259al i\u015ftirak etm\u0259kd\u0259dir. D\u00fcnya ictimaiyy\u0259ti bu \u00f6lk\u0259nin suverenlik v\u0259 beyn\u0259lxalq h\u00fcquqa nec\u0259 \u0259m\u0259l etdiyini Az\u0259rbaycan torpaqlar\u0131n\u0131 30 il i\u015f\u011fal alt\u0131nda saxlayark\u0259n \u015fahid oldu. Bu g\u00fcn r\u0259smi \u0130r\u0259van\u0131n yad\u0131na BMT T\u0259hl\u00fck\u0259sizlik \u015euras\u0131 da d\u00fc\u015f\u00fcb. Halbuki Erm\u0259nistan 30 il\u0259 yax\u0131n d\u00f6vr \u0259rzind\u0259 Az\u0259rbaycan torpaqlar\u0131n\u0131n i\u015f\u011faldan azad edilm\u0259si il\u0259 ba\u011fl\u0131 bu qurumun q\u0259bul etdiyi 4 q\u0259tnam\u0259ni yox say\u0131b. Yaxud Az\u0259rbaycan\u0131n suveren h\u00fcquqlar\u0131n\u0131 30 il pozub.<\/p>\n<p>Erm\u0259nistan bu g\u00fcn d\u0259 beyn\u0259lxalq h\u00fcququ pozmaqda davam edir. \u00d6t\u0259n gec\u0259 Erm\u0259nistan\u0131n diversiya qruplar\u0131 Az\u0259rbaycan \u0259razil\u0259rind\u0259 minalar\u0131 basd\u0131rark\u0259n z\u0259r\u0259rsizl\u0259\u015fdirilibl\u0259r. Habel\u0259 Erm\u0259nistan h\u0259m Az\u0259rbaycan\u0131n suveren h\u00fcquqlar\u0131n\u0131, h\u0259m d\u0259 beyn\u0259lxalq h\u00fcququ pozaraq Az\u0259rbaycan \u0259razisind\u0259 qanunsuz silahl\u0131 d\u0259st\u0259l\u0259r v\u0259 h\u0259rb\u00e7il\u0259r saxlay\u0131r. Erm\u0259nistan b\u00fct\u00fcn beyn\u0259lxalq dan\u0131\u015f\u0131qlar zaman\u0131 \u0259ld\u0259 edil\u0259n raz\u0131la\u015fmalara \u0259m\u0259l etm\u0259m\u0259kl\u0259 d\u0259 beyn\u0259lxalq h\u00fcquq normalar\u0131na m\u0259h\u0259l qoymad\u0131\u011f\u0131n\u0131 isbatlay\u0131r. \u0130\u015f\u011faldan t\u0259mizl\u0259n\u0259n Az\u0259rbaycan torpaqlar\u0131nda Erm\u0259nistan\u0131n basd\u0131rd\u0131\u011f\u0131 minalar\u0131n x\u0259rit\u0259sini indiy\u0259d\u0259k r\u0259smi Bak\u0131ya verm\u0259yib.<\/p>\n<p><img src=\"https:\/\/cdn.oxu.az\/uploads\/W1siZiIsIjIwMjIvMDkvMTMvMTIvNTMvMzcvZWM3ZGE2N2EtOTc1YS00NDkyLWFhZWItYjM1MzNlYTE5ZTI5LzMwNjM2NDc4OF8xNDc2MDc3NzIyODkyNDk2XzM5MTk4NTIxMDk3MzM3MzU3Mjlfbi5qcGciXSxbInAiLCJlbmNvZGUiLCJqcGciLCItcXVhbGl0eSA4MCJdLFsicCIsInRodW1iIiwiNTkweDU5MFx1MDAzZSJdXQ?sha=b3d76b6d481d96b4\" alt=\"\" \/><\/p>\n<p>Bu bax\u0131mdan r\u0259smi \u0130r\u0259van\u0131n suverenlik, beyn\u0259lxalq h\u00fcquq kimi siyasi terminl\u0259rd\u0259n istifad\u0259si daha \u00e7ox \u00f6z \u0259m\u0259ll\u0259rini \u00f6rt-basd\u0131r etm\u0259y\u0259 c\u0259hddir. \u018frazi b\u00fct\u00f6vl\u00fcy\u00fc m\u0259s\u0259l\u0259si b\u00fct\u00fcn d\u00f6vl\u0259tl\u0259rin suverenliyinin t\u0259min olunmas\u0131 v\u0259 q\u0131rm\u0131z\u0131 x\u0259ttidir. Bu g\u00fcn Ukraynan\u0131n \u0259razi b\u00fct\u00f6vl\u00fcy\u00fc v\u0259 suverenliyini az qala b\u00fct\u00fcn d\u00fcnya h\u0259rbi, siyasi, maddi v\u0259 maliyy\u0259 yard\u0131m\u0131 il\u0259 h\u0259rt\u0259r\u0259fli m\u00fcdafi\u0259 edir. Bu \u015f\u0259raitd\u0259 Az\u0259rbaycan \u00f6z \u0259razi b\u00fct\u00f6vl\u00fcy\u00fcn\u00fc v\u0259 suverenliyini beyn\u0259lxalq h\u00fcquqa \u0259saslanaraq t\u0259min etm\u0259y\u0259 \u00e7al\u0131\u015f\u0131r. Odur ki, Az\u0259rbaycana qar\u015f\u0131 Erm\u0259nistan\u0131n v\u0259 ya onun havadarlar\u0131n\u0131n ist\u0259nil\u0259n \u00e7\u0131x\u0131\u015f\u0131 m\u0259ntiqsizdir v\u0259 beyn\u0259lxalq h\u00fcquqa ziddir.<\/p>\n<p>Erm\u0259nistan\u0131n t\u0259qsiri ucbat\u0131ndan Az\u0259rbaycanla d\u00f6vl\u0259t s\u0259rh\u0259dl\u0259ri h\u0259l\u0259 m\u00fc\u0259yy\u0259nl\u0259\u015fm\u0259yib. \u0130ki \u00f6lk\u0259 aras\u0131nda s\u0259rh\u0259dl\u0259rin demarkasiya v\u0259 delimitasiyas\u0131 m\u0259s\u0259l\u0259l\u0259rind\u0259 pozuculuq f\u0259aliyy\u0259ti g\u00f6st\u0259r\u0259n r\u0259smi \u0130r\u0259van\u0131n suverenlik v\u0259 beyn\u0259lxalq h\u00fcquqdan dan\u0131\u015fmas\u0131 \u00e7ox g\u00fcl\u00fcnc g\u00f6r\u00fcn\u00fcr. Bel\u0259likl\u0259, 30 ild\u0259n art\u0131qd\u0131r ki, Erm\u0259nistan suverenlik v\u0259 beyn\u0259lxalq h\u00fcquq f\u0259nl\u0259rind\u0259n qeyri-kafi qiym\u0259t al\u0131r. Odur ki, beyn\u0259lxalq ictimaiyy\u0259tin r\u0259smi \u0130r\u0259van\u0131 k\u00fcncd\u0259 saxlamas\u0131 \u00fc\u00e7\u00fcn h\u0259r c\u00fcr \u0259sas\u0131 var.<\/p>\n<p><strong>\u201cReport\u201d \u0130nformasiya Agentliyi<\/strong><\/p>\n","protected":false},"excerpt":{"rendered":"<p>\u00d6t\u0259n gec\u0259 Erm\u0259nistan Az\u0259rbaycanla s\u0259rh\u0259dd\u0259 yen\u0259 t\u0259xribat t\u00f6r\u0259dib. Bundan sonra Erm\u0259nistan\u0131n ba\u015f naziri Nikol Pa\u015fiyan\u0131n Rusiya, AB\u015e v\u0259 Fransa r\u0259smil\u0259ri il\u0259 hadis\u0259y\u0259 dair telefon dan\u0131\u015f\u0131\u011f\u0131 olub. O, BMT T\u0259hl\u00fck\u0259sizlik \u015euras\u0131na v\u0259 Kollektiv T\u0259hl\u00fck\u0259sizlik M\u00fcqavil\u0259si T\u0259\u015fkilat\u0131na da m\u00fcraci\u0259t edib. Bu vaxt Erm\u0259nistan r\u0259smil\u0259ri v\u0259 siyasil\u0259rinin yad\u0131na \u201csuverenlik\u201d v\u0259 \u201cbeyn\u0259lxalq h\u00fcquq\u201d kimi terminl\u0259r d\u0259 d\u00fc\u015f\u00fcb. Onlar bu terminl\u0259rl\u0259 spekulyasiya etm\u0259y\u0259 ba\u015flay\u0131b. R\u0259smi \u0130r\u0259van sentyabr\u0131n 13-d\u0259 Az\u0259rbaycan\u0131n s\u0259rh\u0259dd\u0259 geni\u015fmiqyasl\u0131 h\u0259rbi \u0259m\u0259liyyatlara ba\u015flad\u0131\u011f\u0131 halda yen\u0259 \u00f6z\u00fcn\u0259 haqq qazand\u0131rmaq \u00fc\u00e7\u00fcn beyn\u0259lxalq ictimaiyy\u0259t\u0259 v\u0259 havadarlar\u0131na \u015fikay\u0259t dolu m\u00fcraci\u0259tl\u0259r edib. Az\u0259rbaycan b\u00fct\u00fcn r\u0259smi \u00e7\u0131x\u0131\u015flarda, dan\u0131\u015f\u0131qlarda regionda s\u00fclh&hellip;<\/p>\n","protected":false},"author":2,"featured_media":512773,"comment_status":"closed","ping_status":"closed","sticky":false,"template":"","format":"standard","meta":{"om_disable_all_campaigns":false,"_monsterinsights_skip_tracking":false,"_monsterinsights_sitenote_active":false,"_monsterinsights_sitenote_note":"","_monsterinsights_sitenote_category":0},"categories":[4],"tags":[],"aioseo_notices":[],"gutentor_comment":0,"rttpg_featured_image_url":{"full":["https:\/\/arantv.az\/wp-content\/uploads\/2022\/09\/306584431_869117754454004_7450238315160373788_n.jpg",620,413,false],"landscape":["https:\/\/arantv.az\/wp-content\/uploads\/2022\/09\/306584431_869117754454004_7450238315160373788_n.jpg",620,413,false],"portraits":["https:\/\/arantv.az\/wp-content\/uploads\/2022\/09\/306584431_869117754454004_7450238315160373788_n.jpg",620,413,false],"thumbnail":["https:\/\/arantv.az\/wp-content\/uploads\/2022\/09\/306584431_869117754454004_7450238315160373788_n-500x280.jpg",500,280,true],"medium":["https:\/\/arantv.az\/wp-content\/uploads\/2022\/09\/306584431_869117754454004_7450238315160373788_n-548x365.jpg",548,365,true],"large":["https:\/\/arantv.az\/wp-content\/uploads\/2022\/09\/306584431_869117754454004_7450238315160373788_n.jpg",620,413,false],"1536x1536":["https:\/\/arantv.az\/wp-content\/uploads\/2022\/09\/306584431_869117754454004_7450238315160373788_n.jpg",620,413,false],"2048x2048":["https:\/\/arantv.az\/wp-content\/uploads\/2022\/09\/306584431_869117754454004_7450238315160373788_n.jpg",620,413,false],"post-thumbnail":["https:\/\/arantv.az\/wp-content\/uploads\/2022\/09\/306584431_869117754454004_7450238315160373788_n-240x172.jpg",240,172,true],"advps-thumb-one":["https:\/\/arantv.az\/wp-content\/uploads\/2022\/09\/306584431_869117754454004_7450238315160373788_n.jpg",620,413,false]},"rttpg_author":{"display_name":"V\u00fcsal Rafiqo\u011flu","author_link":"https:\/\/arantv.az\/?author=2"},"rttpg_comment":0,"rttpg_category":"<a href=\"https:\/\/arantv.az\/?cat=4\" rel=\"category\">Siyas\u0259t<\/a>","rttpg_excerpt":"\u00d6t\u0259n gec\u0259 Erm\u0259nistan Az\u0259rbaycanla s\u0259rh\u0259dd\u0259 yen\u0259 t\u0259xribat t\u00f6r\u0259dib. Bundan sonra Erm\u0259nistan\u0131n ba\u015f naziri Nikol Pa\u015fiyan\u0131n Rusiya, AB\u015e v\u0259 Fransa r\u0259smil\u0259ri il\u0259 hadis\u0259y\u0259 dair telefon dan\u0131\u015f\u0131\u011f\u0131 olub. O, BMT T\u0259hl\u00fck\u0259sizlik \u015euras\u0131na v\u0259 Kollektiv T\u0259hl\u00fck\u0259sizlik M\u00fcqavil\u0259si T\u0259\u015fkilat\u0131na da m\u00fcraci\u0259t edib. Bu vaxt Erm\u0259nistan r\u0259smil\u0259ri v\u0259 siyasil\u0259rinin yad\u0131na \u201csuverenlik\u201d v\u0259 \u201cbeyn\u0259lxalq h\u00fcquq\u201d kimi terminl\u0259r d\u0259 d\u00fc\u015f\u00fcb. Onlar bu&hellip;","_links":{"self":[{"href":"https:\/\/arantv.az\/index.php?rest_route=\/wp\/v2\/posts\/512772"}],"collection":[{"href":"https:\/\/arantv.az\/index.php?rest_route=\/wp\/v2\/posts"}],"about":[{"href":"https:\/\/arantv.az\/index.php?rest_route=\/wp\/v2\/types\/post"}],"author":[{"embeddable":true,"href":"https:\/\/arantv.az\/index.php?rest_route=\/wp\/v2\/users\/2"}],"replies":[{"embeddable":true,"href":"https:\/\/arantv.az\/index.php?rest_route=%2Fwp%2Fv2%2Fcomments&post=512772"}],"version-history":[{"count":0,"href":"https:\/\/arantv.az\/index.php?rest_route=\/wp\/v2\/posts\/512772\/revisions"}],"wp:featuredmedia":[{"embeddable":true,"href":"https:\/\/arantv.az\/index.php?rest_route=\/wp\/v2\/media\/512773"}],"wp:attachment":[{"href":"https:\/\/arantv.az\/index.php?rest_route=%2Fwp%2Fv2%2Fmedia&parent=512772"}],"wp:term":[{"taxonomy":"category","embeddable":true,"href":"https:\/\/arantv.az\/index.php?rest_route=%2Fwp%2Fv2%2Fcategories&post=512772"},{"taxonomy":"post_tag","embeddable":true,"href":"https:\/\/arantv.az\/index.php?rest_route=%2Fwp%2Fv2%2Ftags&post=512772"}],"curies":[{"name":"wp","href":"https:\/\/api.w.org\/{rel}","templated":true}]}}