{"id":512809,"date":"2022-09-13T14:22:20","date_gmt":"2022-09-13T11:22:20","guid":{"rendered":"https:\/\/arantv.az\/?p=512809"},"modified":"2022-09-13T14:22:20","modified_gmt":"2022-09-13T11:22:20","slug":"heyd%c9%99r-%c9%99liyevin-m%c9%99shur-cixisi-nikol-xatirlatdi-video","status":"publish","type":"post","link":"https:\/\/arantv.az\/?p=512809","title":{"rendered":"Heyd\u0259r \u018fliyevin m\u0259\u015fhur \u00e7\u0131x\u0131\u015f\u0131 \u2013 Nikol xat\u0131rlatd\u0131 &#8211; V\u0130DEO"},"content":{"rendered":"<div id=\"mvp-content-main\" class=\"left relative\">\n<p><strong>Erm\u0259nistan Ba\u015f naziri Nikol Pa\u015finyan bu g\u00fcn parlamentd\u0259ki \u00e7\u0131x\u0131\u015f\u0131nda Z\u0259ng\u0259zurun N\u00fcv\u0259di k\u0259ndind\u0259n dan\u0131\u015f\u0131b.<\/strong><\/p>\n<p><b>ARANTV.AZ <\/b>Axar.az-a istinadla x\u0259b\u0259r verir ki, Pa\u015finyan \u00e7\u0131x\u0131\u015f\u0131nda Az\u0259rbaycan\u0131n sovet d\u00f6vr\u00fcnd\u0259 Erm\u0259nistana qanunsuz veril\u0259n \u0259razil\u0259ri, o c\u00fcml\u0259d\u0259n Az\u0259rbaycanla Nax\u00e7\u0131van aras\u0131nda yerl\u0259\u015f\u0259n N\u00fcv\u0259di k\u0259ndini t\u0259l\u0259b etdiyini bildirib.<\/p>\n<p>Xat\u0131rladaq ki, Z\u0259ng\u0259zurun N\u00fcv\u0259di k\u0259ndi Az\u0259rbaycan \u00fc\u00e7\u00fcn olduqca strateji m\u0259s\u0259l\u0259dir. \u0130ll\u0259r \u00f6nc\u0259 \u00dcmummilli lider Heyd\u0259r \u018fliyev \u00e7\u0131x\u0131\u015flar\u0131n\u0131n birind\u0259 bu m\u0259s\u0259l\u0259y\u0259 x\u00fcsusi toxunmu\u015f, bu k\u0259ndin m\u0259hz 1929-cu ild\u0259 SSR\u0130 t\u0259r\u0259find\u0259n zorla Erm\u0259nistana birl\u0259\u015fdirildiyini vur\u011fulam\u0131\u015f, Az\u0259rbaycanla Nax\u00e7\u0131van aras\u0131nda Erm\u0259nistana \u0259vv\u0259lc\u0259 10 km-lik bir zolaq verildiyini, daha sonra is\u0259 h\u0259m Nax\u00e7\u0131van, h\u0259m d\u0259 Z\u0259ngilan (C\u0259bray\u0131l q\u0259zas\u0131) k\u0259ndl\u0259rinin Erm\u0259nistana ba\u011f\u0131\u015flanmas\u0131 n\u0259tic\u0259sind\u0259 bu zola\u011f\u0131n 46 km-\u0259 \u00e7atd\u0131r\u0131lmas\u0131n\u0131 xat\u0131rlatm\u0131\u015f v\u0259 bu qanunsuzlu\u011fa etiraz\u0131n\u0131 bildirmi\u015fdi.<\/p>\n<p>Heyd\u0259r \u018fliyev \u00e7oxminli N\u00fcv\u0259di k\u0259ndinin \u0259halisinin 1991-ci il\u0259 q\u0259d\u0259r k\u0259ndi t\u0259rk etm\u0259dikl\u0259rini da bildirmi\u015fdi.<\/p>\n<div class=\"AdviadNativeVideo\"><\/div>\n<p>Heyd\u0259r \u018fliyevin tarixi \u00e7\u0131x\u0131\u015f\u0131n\u0131 t\u0259qdim edirik:<\/p>\n<p><iframe loading=\"lazy\" title=\"Heyd\u0259r \u018fliyevin tarixi \u00e7\u0131x\u0131\u015f\u0131\" src=\"https:\/\/www.youtube.com\/embed\/hvuKovmcNbQ\" width=\"650\" height=\"415\" frameborder=\"0\" allowfullscreen=\"allowfullscreen\" data-mce-fragment=\"1\"><\/iframe><\/p>\n<\/div>\n<div id=\"mvp-content-bot\" class=\"left\">\n<div class=\"mvp-post-tags\"><\/div>\n<\/div>\n","protected":false},"excerpt":{"rendered":"<p>Erm\u0259nistan Ba\u015f naziri Nikol Pa\u015finyan bu g\u00fcn parlamentd\u0259ki \u00e7\u0131x\u0131\u015f\u0131nda Z\u0259ng\u0259zurun N\u00fcv\u0259di k\u0259ndind\u0259n dan\u0131\u015f\u0131b. ARANTV.AZ Axar.az-a istinadla x\u0259b\u0259r verir ki, Pa\u015finyan \u00e7\u0131x\u0131\u015f\u0131nda Az\u0259rbaycan\u0131n sovet d\u00f6vr\u00fcnd\u0259 Erm\u0259nistana qanunsuz veril\u0259n \u0259razil\u0259ri, o c\u00fcml\u0259d\u0259n Az\u0259rbaycanla Nax\u00e7\u0131van aras\u0131nda yerl\u0259\u015f\u0259n N\u00fcv\u0259di k\u0259ndini t\u0259l\u0259b etdiyini bildirib. Xat\u0131rladaq ki, Z\u0259ng\u0259zurun N\u00fcv\u0259di k\u0259ndi Az\u0259rbaycan \u00fc\u00e7\u00fcn olduqca strateji m\u0259s\u0259l\u0259dir. \u0130ll\u0259r \u00f6nc\u0259 \u00dcmummilli lider Heyd\u0259r \u018fliyev \u00e7\u0131x\u0131\u015flar\u0131n\u0131n birind\u0259 bu m\u0259s\u0259l\u0259y\u0259 x\u00fcsusi toxunmu\u015f, bu k\u0259ndin m\u0259hz 1929-cu ild\u0259 SSR\u0130 t\u0259r\u0259find\u0259n zorla Erm\u0259nistana birl\u0259\u015fdirildiyini vur\u011fulam\u0131\u015f, Az\u0259rbaycanla Nax\u00e7\u0131van aras\u0131nda Erm\u0259nistana \u0259vv\u0259lc\u0259 10 km-lik bir zolaq verildiyini, daha sonra is\u0259 h\u0259m Nax\u00e7\u0131van, h\u0259m d\u0259 Z\u0259ngilan&hellip;<\/p>\n","protected":false},"author":2,"featured_media":512810,"comment_status":"closed","ping_status":"closed","sticky":false,"template":"","format":"standard","meta":{"om_disable_all_campaigns":false,"_monsterinsights_skip_tracking":false,"_monsterinsights_sitenote_active":false,"_monsterinsights_sitenote_note":"","_monsterinsights_sitenote_category":0},"categories":[8],"tags":[],"aioseo_notices":[],"gutentor_comment":0,"rttpg_featured_image_url":{"full":["https:\/\/arantv.az\/wp-content\/uploads\/2022\/09\/heyder.jpg",900,540,false],"landscape":["https:\/\/arantv.az\/wp-content\/uploads\/2022\/09\/heyder.jpg",900,540,false],"portraits":["https:\/\/arantv.az\/wp-content\/uploads\/2022\/09\/heyder.jpg",900,540,false],"thumbnail":["https:\/\/arantv.az\/wp-content\/uploads\/2022\/09\/heyder-500x280.jpg",500,280,true],"medium":["https:\/\/arantv.az\/wp-content\/uploads\/2022\/09\/heyder-608x365.jpg",608,365,true],"large":["https:\/\/arantv.az\/wp-content\/uploads\/2022\/09\/heyder-840x504.jpg",640,384,true],"1536x1536":["https:\/\/arantv.az\/wp-content\/uploads\/2022\/09\/heyder.jpg",900,540,false],"2048x2048":["https:\/\/arantv.az\/wp-content\/uploads\/2022\/09\/heyder.jpg",900,540,false],"post-thumbnail":["https:\/\/arantv.az\/wp-content\/uploads\/2022\/09\/heyder-240x172.jpg",240,172,true],"advps-thumb-one":["https:\/\/arantv.az\/wp-content\/uploads\/2022\/09\/heyder.jpg",900,540,false]},"rttpg_author":{"display_name":"V\u00fcsal Rafiqo\u011flu","author_link":"https:\/\/arantv.az\/?author=2"},"rttpg_comment":0,"rttpg_category":"<a href=\"https:\/\/arantv.az\/?cat=8\" rel=\"category\">\u018fsas s\u0259hif\u0259<\/a>","rttpg_excerpt":"Erm\u0259nistan Ba\u015f naziri Nikol Pa\u015finyan bu g\u00fcn parlamentd\u0259ki \u00e7\u0131x\u0131\u015f\u0131nda Z\u0259ng\u0259zurun N\u00fcv\u0259di k\u0259ndind\u0259n dan\u0131\u015f\u0131b. ARANTV.AZ Axar.az-a istinadla x\u0259b\u0259r verir ki, Pa\u015finyan \u00e7\u0131x\u0131\u015f\u0131nda Az\u0259rbaycan\u0131n sovet d\u00f6vr\u00fcnd\u0259 Erm\u0259nistana qanunsuz veril\u0259n \u0259razil\u0259ri, o c\u00fcml\u0259d\u0259n Az\u0259rbaycanla Nax\u00e7\u0131van aras\u0131nda yerl\u0259\u015f\u0259n N\u00fcv\u0259di k\u0259ndini t\u0259l\u0259b etdiyini bildirib. Xat\u0131rladaq ki, Z\u0259ng\u0259zurun N\u00fcv\u0259di k\u0259ndi Az\u0259rbaycan \u00fc\u00e7\u00fcn olduqca strateji m\u0259s\u0259l\u0259dir. \u0130ll\u0259r \u00f6nc\u0259 \u00dcmummilli lider Heyd\u0259r \u018fliyev&hellip;","_links":{"self":[{"href":"https:\/\/arantv.az\/index.php?rest_route=\/wp\/v2\/posts\/512809"}],"collection":[{"href":"https:\/\/arantv.az\/index.php?rest_route=\/wp\/v2\/posts"}],"about":[{"href":"https:\/\/arantv.az\/index.php?rest_route=\/wp\/v2\/types\/post"}],"author":[{"embeddable":true,"href":"https:\/\/arantv.az\/index.php?rest_route=\/wp\/v2\/users\/2"}],"replies":[{"embeddable":true,"href":"https:\/\/arantv.az\/index.php?rest_route=%2Fwp%2Fv2%2Fcomments&post=512809"}],"version-history":[{"count":0,"href":"https:\/\/arantv.az\/index.php?rest_route=\/wp\/v2\/posts\/512809\/revisions"}],"wp:featuredmedia":[{"embeddable":true,"href":"https:\/\/arantv.az\/index.php?rest_route=\/wp\/v2\/media\/512810"}],"wp:attachment":[{"href":"https:\/\/arantv.az\/index.php?rest_route=%2Fwp%2Fv2%2Fmedia&parent=512809"}],"wp:term":[{"taxonomy":"category","embeddable":true,"href":"https:\/\/arantv.az\/index.php?rest_route=%2Fwp%2Fv2%2Fcategories&post=512809"},{"taxonomy":"post_tag","embeddable":true,"href":"https:\/\/arantv.az\/index.php?rest_route=%2Fwp%2Fv2%2Ftags&post=512809"}],"curies":[{"name":"wp","href":"https:\/\/api.w.org\/{rel}","templated":true}]}}