{"id":512812,"date":"2022-09-13T14:23:14","date_gmt":"2022-09-13T11:23:14","guid":{"rendered":"https:\/\/arantv.az\/?p=512812"},"modified":"2022-09-13T14:45:45","modified_gmt":"2022-09-13T11:45:45","slug":"ilham-%c9%99liyev-silahli-quvv%c9%99l%c9%99rin-r%c9%99hb%c9%99r-hey%c9%99tinin-istiraki-il%c9%99-operativ-musavir%c9%99-kecirdi","status":"publish","type":"post","link":"https:\/\/arantv.az\/?p=512812","title":{"rendered":"\u0130lham \u018fliyev Silahl\u0131 Q\u00fcvv\u0259l\u0259rin r\u0259hb\u0259r hey\u0259tinin i\u015ftirak\u0131 il\u0259 operativ m\u00fc\u015favir\u0259 ke\u00e7irdi &#8211; V\u0130DEO"},"content":{"rendered":"<p>Sentyabr\u0131n 13-d\u0259 Az\u0259rbaycan Respublikas\u0131n\u0131n Prezidenti, Silahl\u0131 Q\u00fcvv\u0259l\u0259rin Ali Ba\u015f Komandan\u0131\u00a0<strong>\u0130lham \u018fliyev<\/strong>\u00a0Erm\u0259nistan\u2013Az\u0259rbaycan s\u0259rh\u0259dind\u0259 Erm\u0259nistan\u0131n t\u00f6r\u0259tdiyi t\u0259xribatlarla ba\u011fl\u0131 Az\u0259rbaycan Respublikas\u0131 Silahl\u0131 Q\u00fcvv\u0259l\u0259rinin r\u0259hb\u0259r hey\u0259tinin i\u015ftirak\u0131 il\u0259 operativ m\u00fc\u015favir\u0259 ke\u00e7irib.<\/p>\n<p><a href=\"https:\/\/azertag.az\/xeber\/Prezident_Ali_Bas_Komandan_Ilham_Aliyev_Silahli_Quvvelerin_rehber_heyetinin_istiraki_ile_operativ_musavire_kechirib-2289356\" target=\"_blank\" rel=\"noopener\">AZ\u018fRTAC<\/a>\u00a0x\u0259b\u0259r verir ki, m\u00fc\u015favir\u0259d\u0259 aidiyy\u0259ti \u00fczr\u0259 m\u0259ruz\u0259l\u0259r t\u0259qdim edilib, Erm\u0259nistan silahl\u0131 q\u00fcvv\u0259l\u0259rinin iki d\u00f6vl\u0259tin s\u0259rh\u0259dind\u0259 t\u00f6r\u0259tdiyi t\u0259xribatlar\u0131n qar\u015f\u0131s\u0131n\u0131n al\u0131nd\u0131\u011f\u0131, b\u00fct\u00fcn m\u00fcvafiq v\u0259zif\u0259 v\u0259 tap\u015f\u0131r\u0131qlar\u0131n yerin\u0259 yetirildiyi bildirilib.<\/p>\n<p>Qeyd olunub ki, yaranm\u0131\u015f g\u0259rginliyin m\u0259suliyy\u0259ti tam \u015f\u0259kild\u0259 Erm\u0259nistan\u0131n siyasi r\u0259hb\u0259rliyinin \u00fcz\u0259rin\u0259 d\u00fc\u015f\u00fcr. Az\u0259rbaycan Respublikas\u0131n\u0131n Silahl\u0131 Q\u00fcvv\u0259l\u0259ri s\u0259rh\u0259d boyunca operativ v\u0259ziyy\u0259t\u0259 n\u0259zar\u0259t edir.<\/p>\n<article class=\"news\">\n<div class=\"news-inner\">\n<p>&nbsp;<\/p>\n<div><iframe loading=\"lazy\" title=\"YouTube video player\" src=\"https:\/\/www.youtube.com\/embed\/z6TuiVpusFE\" width=\"560\" height=\"315\" frameborder=\"0\" allowfullscreen=\"allowfullscreen\" data-mce-fragment=\"1\"><\/iframe><\/div>\n<\/div>\n<\/article>\n","protected":false},"excerpt":{"rendered":"<p>Sentyabr\u0131n 13-d\u0259 Az\u0259rbaycan Respublikas\u0131n\u0131n Prezidenti, Silahl\u0131 Q\u00fcvv\u0259l\u0259rin Ali Ba\u015f Komandan\u0131\u00a0\u0130lham \u018fliyev\u00a0Erm\u0259nistan\u2013Az\u0259rbaycan s\u0259rh\u0259dind\u0259 Erm\u0259nistan\u0131n t\u00f6r\u0259tdiyi t\u0259xribatlarla ba\u011fl\u0131 Az\u0259rbaycan Respublikas\u0131 Silahl\u0131 Q\u00fcvv\u0259l\u0259rinin r\u0259hb\u0259r hey\u0259tinin i\u015ftirak\u0131 il\u0259 operativ m\u00fc\u015favir\u0259 ke\u00e7irib. AZ\u018fRTAC\u00a0x\u0259b\u0259r verir ki, m\u00fc\u015favir\u0259d\u0259 aidiyy\u0259ti \u00fczr\u0259 m\u0259ruz\u0259l\u0259r t\u0259qdim edilib, Erm\u0259nistan silahl\u0131 q\u00fcvv\u0259l\u0259rinin iki d\u00f6vl\u0259tin s\u0259rh\u0259dind\u0259 t\u00f6r\u0259tdiyi t\u0259xribatlar\u0131n qar\u015f\u0131s\u0131n\u0131n al\u0131nd\u0131\u011f\u0131, b\u00fct\u00fcn m\u00fcvafiq v\u0259zif\u0259 v\u0259 tap\u015f\u0131r\u0131qlar\u0131n yerin\u0259 yetirildiyi bildirilib. Qeyd olunub ki, yaranm\u0131\u015f g\u0259rginliyin m\u0259suliyy\u0259ti tam \u015f\u0259kild\u0259 Erm\u0259nistan\u0131n siyasi r\u0259hb\u0259rliyinin \u00fcz\u0259rin\u0259 d\u00fc\u015f\u00fcr. Az\u0259rbaycan Respublikas\u0131n\u0131n Silahl\u0131 Q\u00fcvv\u0259l\u0259ri s\u0259rh\u0259d boyunca operativ v\u0259ziyy\u0259t\u0259 n\u0259zar\u0259t edir. &nbsp;<\/p>\n","protected":false},"author":2,"featured_media":512821,"comment_status":"closed","ping_status":"closed","sticky":false,"template":"","format":"standard","meta":{"om_disable_all_campaigns":false,"_monsterinsights_skip_tracking":false,"_monsterinsights_sitenote_active":false,"_monsterinsights_sitenote_note":"","_monsterinsights_sitenote_category":0},"categories":[8],"tags":[],"aioseo_notices":[],"gutentor_comment":0,"rttpg_featured_image_url":{"full":["https:\/\/arantv.az\/wp-content\/uploads\/2022\/09\/16630684695861449731_1000x669.jpg",620,413,false],"landscape":["https:\/\/arantv.az\/wp-content\/uploads\/2022\/09\/16630684695861449731_1000x669.jpg",620,413,false],"portraits":["https:\/\/arantv.az\/wp-content\/uploads\/2022\/09\/16630684695861449731_1000x669.jpg",620,413,false],"thumbnail":["https:\/\/arantv.az\/wp-content\/uploads\/2022\/09\/16630684695861449731_1000x669-500x280.jpg",500,280,true],"medium":["https:\/\/arantv.az\/wp-content\/uploads\/2022\/09\/16630684695861449731_1000x669-548x365.jpg",548,365,true],"large":["https:\/\/arantv.az\/wp-content\/uploads\/2022\/09\/16630684695861449731_1000x669.jpg",620,413,false],"1536x1536":["https:\/\/arantv.az\/wp-content\/uploads\/2022\/09\/16630684695861449731_1000x669.jpg",620,413,false],"2048x2048":["https:\/\/arantv.az\/wp-content\/uploads\/2022\/09\/16630684695861449731_1000x669.jpg",620,413,false],"post-thumbnail":["https:\/\/arantv.az\/wp-content\/uploads\/2022\/09\/16630684695861449731_1000x669-240x172.jpg",240,172,true],"advps-thumb-one":["https:\/\/arantv.az\/wp-content\/uploads\/2022\/09\/16630684695861449731_1000x669.jpg",620,413,false]},"rttpg_author":{"display_name":"V\u00fcsal Rafiqo\u011flu","author_link":"https:\/\/arantv.az\/?author=2"},"rttpg_comment":0,"rttpg_category":"<a href=\"https:\/\/arantv.az\/?cat=8\" rel=\"category\">\u018fsas s\u0259hif\u0259<\/a>","rttpg_excerpt":"Sentyabr\u0131n 13-d\u0259 Az\u0259rbaycan Respublikas\u0131n\u0131n Prezidenti, Silahl\u0131 Q\u00fcvv\u0259l\u0259rin Ali Ba\u015f Komandan\u0131\u00a0\u0130lham \u018fliyev\u00a0Erm\u0259nistan\u2013Az\u0259rbaycan s\u0259rh\u0259dind\u0259 Erm\u0259nistan\u0131n t\u00f6r\u0259tdiyi t\u0259xribatlarla ba\u011fl\u0131 Az\u0259rbaycan Respublikas\u0131 Silahl\u0131 Q\u00fcvv\u0259l\u0259rinin r\u0259hb\u0259r hey\u0259tinin i\u015ftirak\u0131 il\u0259 operativ m\u00fc\u015favir\u0259 ke\u00e7irib. AZ\u018fRTAC\u00a0x\u0259b\u0259r verir ki, m\u00fc\u015favir\u0259d\u0259 aidiyy\u0259ti \u00fczr\u0259 m\u0259ruz\u0259l\u0259r t\u0259qdim edilib, Erm\u0259nistan silahl\u0131 q\u00fcvv\u0259l\u0259rinin iki d\u00f6vl\u0259tin s\u0259rh\u0259dind\u0259 t\u00f6r\u0259tdiyi t\u0259xribatlar\u0131n qar\u015f\u0131s\u0131n\u0131n al\u0131nd\u0131\u011f\u0131, b\u00fct\u00fcn m\u00fcvafiq v\u0259zif\u0259 v\u0259 tap\u015f\u0131r\u0131qlar\u0131n yerin\u0259 yetirildiyi bildirilib. Qeyd&hellip;","_links":{"self":[{"href":"https:\/\/arantv.az\/index.php?rest_route=\/wp\/v2\/posts\/512812"}],"collection":[{"href":"https:\/\/arantv.az\/index.php?rest_route=\/wp\/v2\/posts"}],"about":[{"href":"https:\/\/arantv.az\/index.php?rest_route=\/wp\/v2\/types\/post"}],"author":[{"embeddable":true,"href":"https:\/\/arantv.az\/index.php?rest_route=\/wp\/v2\/users\/2"}],"replies":[{"embeddable":true,"href":"https:\/\/arantv.az\/index.php?rest_route=%2Fwp%2Fv2%2Fcomments&post=512812"}],"version-history":[{"count":0,"href":"https:\/\/arantv.az\/index.php?rest_route=\/wp\/v2\/posts\/512812\/revisions"}],"wp:featuredmedia":[{"embeddable":true,"href":"https:\/\/arantv.az\/index.php?rest_route=\/wp\/v2\/media\/512821"}],"wp:attachment":[{"href":"https:\/\/arantv.az\/index.php?rest_route=%2Fwp%2Fv2%2Fmedia&parent=512812"}],"wp:term":[{"taxonomy":"category","embeddable":true,"href":"https:\/\/arantv.az\/index.php?rest_route=%2Fwp%2Fv2%2Fcategories&post=512812"},{"taxonomy":"post_tag","embeddable":true,"href":"https:\/\/arantv.az\/index.php?rest_route=%2Fwp%2Fv2%2Ftags&post=512812"}],"curies":[{"name":"wp","href":"https:\/\/api.w.org\/{rel}","templated":true}]}}